{"id":23007,"date":"2019-03-19T19:00:00","date_gmt":"2019-03-19T23:00:00","guid":{"rendered":"https:\/\/linitiative.ca\/International\/m-gaid-salah-en-visite-a-la-3e-region-militaire-a-bechar\/"},"modified":"2019-03-19T19:00:00","modified_gmt":"2019-03-19T23:00:00","slug":"m-gaid-salah-en-visite-a-la-3e-region-militaire-a-bechar","status":"publish","type":"post","link":"https:\/\/linitiative.ca\/International\/m-gaid-salah-en-visite-a-la-3e-region-militaire-a-bechar\/","title":{"rendered":"M. Ga\u00efd Salah, en visite \u00e0 la 3e R\u00e9gion militaire \u00e0 B\u00e9char"},"content":{"rendered":"<p>Le g\u00e9n\u00e9ral de corps d\u2019Arm\u00e9e, Ahmed Ga\u00efd Salah, vice-ministre de la D\u00e9fense nationale, chef d\u2019\u00c9tat-major de l\u2019Arm\u00e9e nationale populaire (ANP), a soulign\u00e9, hier, que le mois de mars est marqu\u00e9 par les \u00abhauts faits aux objectifs nobles et aux intentions pures\u00bb, \u00e0 travers lesquels le peuple alg\u00e9rien a exprim\u00e9 \u00abses valeurs et ses principes de travail sinc\u00e8re et d\u00e9vou\u00e9 \u00e0 la patrie\u00bb, indique un communiqu\u00e9 du minist\u00e8re de la D\u00e9fense nationale (MDN).\u00a0<\/p>\n<div readability=\"88\">\n<p>\u00abLes fruits du d\u00e9vouement ne fanent et ne disparaissent jamais, et leur parfum marquera toujours tout travail d\u00e9vou\u00e9 \u00e0 Allah et \u00e0 la patrie. Ce parfum doux port\u00e9 par le mois de mars de chaque ann\u00e9e pour le peuple alg\u00e9rien, le mois des Chouhada. Un mois marqu\u00e9 par les hauts faits aux objectifs nobles et aux intentions pures, \u00e0 travers lesquels le peuple alg\u00e9rien a clairement exprim\u00e9 ses valeurs et ses principes de travail sinc\u00e8re et d\u00e9vou\u00e9 \u00e0 Allah et \u00e0 la patrie\u00bb, a relev\u00e9 le g\u00e9n\u00e9ral de corps d\u2019Arm\u00e9e, au deuxi\u00e8me jour de sa visite \u00e0 la 3e R\u00e9gion militaire \u00e0 B\u00e9char.\u00a0<\/p>\n<p>Il s\u2019agit d\u2019\u00abun mois qui a vu accro\u00eetre le nombre des Chouhada pour Allah et pour la patrie, et qui a vu grandir la d\u00e9termination des Moudjahidine qui se sont r\u00e9solus, en cet illustre mois, d\u2019\u00eatre des martyrs ou de remporter une victoire \u00e9clatante\u00bb, a-t-il soulign\u00e9, ajoutant qu\u2019\u00abAllah a exauc\u00e9 la pri\u00e8re des braves aux bonnes intentions, certains ont \u00e9t\u00e9 honor\u00e9s par la Chahada et d\u2019autres par la victoire. Ainsi, ce mois a \u00e9t\u00e9 sacr\u00e9, \u00e0 juste titre, mois des martyrs et de la victoire face au colonisateur fran\u00e7ais\u00bb, a-t-il dit.\u00a0<\/p>\n<p>Lors de ce deuxi\u00e8me jour de visite \u00e0 la 3e R\u00e9gion militaire \u00e0 B\u00e9char, le chef d\u2019\u00c9tat-major de l\u2019ANP a poursuivi l\u2019inspection d\u2019unit\u00e9s d\u00e9ploy\u00e9es dans le territoire du Secteur Op\u00e9rationnel Sud de Tindouf, et supervis\u00e9 l\u2019ex\u00e9cution d\u2019un exercice de tirs avec munitions r\u00e9elles. \u00c0 l\u2019entame, le g\u00e9n\u00e9ral de corps d\u2019Arm\u00e9e, accompagn\u00e9 du g\u00e9n\u00e9ral major, Mustapha Smaali, Commandant de la 3e R\u00e9gion militaire, a suivi un expos\u00e9 pr\u00e9sent\u00e9 par le Commandant du Secteur, portant sur l\u2019id\u00e9e g\u00e9n\u00e9rale de l\u2019exercice et ses diff\u00e9rentes \u00e9tapes, dont l\u2019ex\u00e9cution s\u2019inscrit dans le cadre du contr\u00f4le de la premi\u00e8re phase de l\u2019ann\u00e9e de pr\u00e9paration au combat 2018\/2019. Baptis\u00e9 \u00abNasr 2019\u00bb, cet exercice co\u00efncide avec la c\u00e9l\u00e9bration par le peuple alg\u00e9rien du 57e anniversaire de la f\u00eate de la victoire, le 19 mars, et qui a \u00e9t\u00e9 ex\u00e9cut\u00e9 en comm\u00e9moration de cette date, par les unit\u00e9s organiques du Secteur Op\u00e9rationnel Sud Tindouf, soutenues par des h\u00e9licopt\u00e8res d\u2019appui-feu. Au niveau du champ de tirs et de man\u0153uvres du Secteur Op\u00e9rationnel Sud de Tindouf, le g\u00e9n\u00e9ral de corps d\u2019Arm\u00e9e a suivi les diverses \u00e9tapes d\u2019ex\u00e9cution de cet exercice dont l\u2019objectif consiste \u00e0 \u00e9lever les capacit\u00e9s de combat et l\u2019interop\u00e9rabilit\u00e9 entre les diff\u00e9rentes forces, en sus de l\u2019entra\u00eenement des commandements et des \u00e9tats-majors \u00e0 la pr\u00e9paration, la planification et la conduite des op\u00e9rations contre les \u00e9ventuelles menaces, et \u00e0 permettre aux \u00e9l\u00e9ments et \u00e9quipages d\u2019acqu\u00e9rir davantage d\u2019aptitudes en termes de ma\u00eetrise et d\u2019emploi des diff\u00e9rents syst\u00e8mes d\u2019armement.\u00a0<\/p>\n<p>Il a \u00e9galement \u00absuivi de pr\u00e8s le d\u00e9roulement des actions ex\u00e9cut\u00e9es par les unit\u00e9s terrestres et a\u00e9riennes engag\u00e9es dans cet exercice, qui ont \u00e9t\u00e9 men\u00e9es avec un grand professionnalisme dans toutes les \u00e9tapes, ainsi qu\u2019avec un haut niveau tactique et op\u00e9rationnel, refl\u00e9tant le degr\u00e9 de disponibilit\u00e9 des unit\u00e9s participantes et les grandes capacit\u00e9s au combat des \u00e9quipages et des commandants d\u2019unit\u00e9s \u00e0 tous les \u00e9chelons, notamment en termes d\u2019exploitation efficiente du terrain et de coordination \u00e9troite entre les diff\u00e9rentes unit\u00e9s, ce qui a contribu\u00e9 \u00e0 la r\u00e9alisation de r\u00e9sultats tr\u00e8s satisfaisants refl\u00e9t\u00e9s par la pr\u00e9cision des tirs avec les diverses armes\u00bb.\u00a0<\/p>\n<p>Au terme de cet exercice, le g\u00e9n\u00e9ral de corps d\u2019Arm\u00e9e s\u2019est r\u00e9uni avec les \u00e9l\u00e9ments des unit\u00e9s ayant ex\u00e9cut\u00e9 cet exercice, \u00ables f\u00e9licitant pour leurs efforts consid\u00e9rables, fournis tout au long de l\u2019ann\u00e9e de pr\u00e9paration au combat 2018-2019, notamment lors de la pr\u00e9paration et de l\u2019ex\u00e9cution de cet exercice couronn\u00e9 d\u2019un succ\u00e8s total\u00bb.\u00a0<\/p>\n<p>Il a \u00e9galement \u00absoulign\u00e9 que le d\u00e9veloppement effectif et l\u2019am\u00e9lioration r\u00e9elle du rendement, n\u00e9cessitent d\u2019accorder une importance capitale \u00e0 la pr\u00e9paration et \u00e0 l\u2019ex\u00e9cution de ces exercices d\u2019\u00e9valuation de diff\u00e9rents niveaux et plans, rappelant \u00e0 l\u2019ensemble des participants que l\u2019ex\u00e9cution de cet exercice, co\u00efncidant avec la f\u00eate de la Victoire, porte une profonde symbolique. Une occasion \u00e0 travers laquelle le g\u00e9n\u00e9ral de corps d\u2019Arm\u00e9e a pr\u00e9sent\u00e9 ses v\u0153ux \u00e0 tous les personnels de l\u2019Arm\u00e9e nationale populaire\u00bb. \u00abLe g\u00e9n\u00e9ral de corps d\u2019Arm\u00e9e a, par ailleurs, visit\u00e9 quelques unit\u00e9s du Secteur, \u00e0 l\u2019instar du 24e R\u00e9giment Blind\u00e9, o\u00f9 il a inspect\u00e9 ses diff\u00e9rentes structures, notamment ses infrastructures d\u00e9di\u00e9es \u00e0 la pr\u00e9servation et \u00e0 la maintenance du mat\u00e9riel et des \u00e9quipements de cette importante unit\u00e9, comme il s\u2019est enquis des conditions de travail de ses cadres et ses personnels\u00bb, conclut le communiqu\u00e9.<\/p>\n<\/div>\n<p>Auteur: elmoudjahid<br \/>\n<a href=\"http:\/\/www.elmoudjahid.com\/fr\/actualites\/134949\">Cliquez ici pour lire l&rsquo;article depuis sa source.<\/a><\/p>\n","protected":false},"excerpt":{"rendered":"<p>Le g\u00e9n\u00e9ral de corps d\u2019Arm\u00e9e, Ahmed Ga\u00efd Salah, vice-ministre de la D\u00e9fense nationale, chef d\u2019\u00c9tat-major de l\u2019Arm\u00e9e nationale populaire (ANP), a soulign\u00e9, hier, que le mois de mars est marqu\u00e9 par les \u00abhauts faits aux objectifs nobles et aux intentions pures\u00bb, \u00e0 travers lesquels le peuple alg\u00e9rien a exprim\u00e9 \u00abses valeurs et ses principes de [&hellip;]<\/p>\n","protected":false},"author":1744,"featured_media":0,"comment_status":"closed","ping_status":"closed","sticky":false,"template":"","format":"standard","meta":{"fifu_image_url":"","fifu_image_alt":"","footnotes":""},"categories":[73,53],"tags":[],"class_list":["post-23007","post","type-post","status-publish","format-standard","hentry","category-actualite","category-algerie"],"_links":{"self":[{"href":"https:\/\/linitiative.ca\/International\/wp-json\/wp\/v2\/posts\/23007","targetHints":{"allow":["GET"]}}],"collection":[{"href":"https:\/\/linitiative.ca\/International\/wp-json\/wp\/v2\/posts"}],"about":[{"href":"https:\/\/linitiative.ca\/International\/wp-json\/wp\/v2\/types\/post"}],"author":[{"embeddable":true,"href":"https:\/\/linitiative.ca\/International\/wp-json\/wp\/v2\/users\/1744"}],"replies":[{"embeddable":true,"href":"https:\/\/linitiative.ca\/International\/wp-json\/wp\/v2\/comments?post=23007"}],"version-history":[{"count":0,"href":"https:\/\/linitiative.ca\/International\/wp-json\/wp\/v2\/posts\/23007\/revisions"}],"wp:attachment":[{"href":"https:\/\/linitiative.ca\/International\/wp-json\/wp\/v2\/media?parent=23007"}],"wp:term":[{"taxonomy":"category","embeddable":true,"href":"https:\/\/linitiative.ca\/International\/wp-json\/wp\/v2\/categories?post=23007"},{"taxonomy":"post_tag","embeddable":true,"href":"https:\/\/linitiative.ca\/International\/wp-json\/wp\/v2\/tags?post=23007"}],"curies":[{"name":"wp","href":"https:\/\/api.w.org\/{rel}","templated":true}]}}