{"id":23008,"date":"2019-03-19T19:00:00","date_gmt":"2019-03-19T23:00:00","guid":{"rendered":"https:\/\/linitiative.ca\/International\/sidi-bel-abbes-preserver-la-souverainete\/"},"modified":"2019-03-19T19:00:00","modified_gmt":"2019-03-19T23:00:00","slug":"sidi-bel-abbes-preserver-la-souverainete","status":"publish","type":"post","link":"https:\/\/linitiative.ca\/International\/sidi-bel-abbes-preserver-la-souverainete\/","title":{"rendered":"SIDI BEL-ABB\u00e8S :  Pr\u00e9server  la souverainet\u00e9"},"content":{"rendered":"<p>Pose de la premi\u00e8re pierre d\u2019une \u00e9cole et d\u2019un \u00e9tablissement moyen au menu de ce programme de c\u00e9l\u00e9bration de la journ\u00e9e du 19 Mars, la symbolique reste forte pour relever le souci constant d\u2019\u00e9duquer et de former les g\u00e9n\u00e9rations montantes et de lutter constamment contre l\u2019obscurantisme, dans le cadre d\u2019un choix politique ayant fait de la d\u00e9mocratisation de l\u2019enseignement dans tous ses paliers, une priorit\u00e9 absolue.\u00a0<\/p>\n<p>Au-del\u00e0 de ces activit\u00e9s classiques organis\u00e9es pour rappeler les sacrifices consentis durant une r\u00e9sistance de 132 ans, \u00e0 la faveur des conf\u00e9rences sur la R\u00e9volution men\u00e9e par un\u00a0 peuple pour son ind\u00e9pendance et le recouvrement de sa souverainet\u00e9, l\u2019id\u00e9e \u00e9tait de transmettre le message \u00e0 une jeunesse, \u00e0 travers cette\u00a0 c\u00e9r\u00e9monie de distribution de cadeaux aux moudjahidine et de dipl\u00f4mes aux laur\u00e9ats de l\u2019Institut\u00a0 de formation professionnelle, en signe de reconnaissance pour l\u2019esprit d\u2019engagement et le sens de responsabilit\u00e9 d\u2019une g\u00e9n\u00e9ration d\u00e9sireuse, aujourd\u2019hui, de b\u00e2tir l\u2019Alg\u00e9rie et de perp\u00e9tuer les id\u00e9aux de Novembre. Les \u00e9changes furent assur\u00e9ment fructueux, pour passionner une assistance si attentive \u00e0 la fid\u00e9lit\u00e9 des uns et \u00e0 la prise de conscience des autres.\u00a0<\/p>\n<p>Cette comm\u00e9moration s\u2019est assimil\u00e9e presque \u00e0 une forme de passation de consignes et de testament pour la pr\u00e9servation de la souverainet\u00e9 du pays et la solidarit\u00e9 de la nation.<\/p>\n<p>A. B.\u00a0\u00a0<\/p>\n<p>Auteur: elmoudjahid<br \/>\n<a href=\"http:\/\/www.elmoudjahid.com\/fr\/actualites\/134950\">Cliquez ici pour lire l&rsquo;article depuis sa source.<\/a><\/p>\n","protected":false},"excerpt":{"rendered":"<p>Pose de la premi\u00e8re pierre d\u2019une \u00e9cole et d\u2019un \u00e9tablissement moyen au menu de ce programme de c\u00e9l\u00e9bration de la journ\u00e9e du 19 Mars, la symbolique reste forte pour relever le souci constant d\u2019\u00e9duquer et de former les g\u00e9n\u00e9rations montantes et de lutter constamment contre l\u2019obscurantisme, dans le cadre d\u2019un choix politique ayant fait de [&hellip;]<\/p>\n","protected":false},"author":1744,"featured_media":0,"comment_status":"closed","ping_status":"closed","sticky":false,"template":"","format":"standard","meta":{"fifu_image_url":"","fifu_image_alt":"","footnotes":""},"categories":[73,53],"tags":[],"class_list":["post-23008","post","type-post","status-publish","format-standard","hentry","category-actualite","category-algerie"],"_links":{"self":[{"href":"https:\/\/linitiative.ca\/International\/wp-json\/wp\/v2\/posts\/23008","targetHints":{"allow":["GET"]}}],"collection":[{"href":"https:\/\/linitiative.ca\/International\/wp-json\/wp\/v2\/posts"}],"about":[{"href":"https:\/\/linitiative.ca\/International\/wp-json\/wp\/v2\/types\/post"}],"author":[{"embeddable":true,"href":"https:\/\/linitiative.ca\/International\/wp-json\/wp\/v2\/users\/1744"}],"replies":[{"embeddable":true,"href":"https:\/\/linitiative.ca\/International\/wp-json\/wp\/v2\/comments?post=23008"}],"version-history":[{"count":0,"href":"https:\/\/linitiative.ca\/International\/wp-json\/wp\/v2\/posts\/23008\/revisions"}],"wp:attachment":[{"href":"https:\/\/linitiative.ca\/International\/wp-json\/wp\/v2\/media?parent=23008"}],"wp:term":[{"taxonomy":"category","embeddable":true,"href":"https:\/\/linitiative.ca\/International\/wp-json\/wp\/v2\/categories?post=23008"},{"taxonomy":"post_tag","embeddable":true,"href":"https:\/\/linitiative.ca\/International\/wp-json\/wp\/v2\/tags?post=23008"}],"curies":[{"name":"wp","href":"https:\/\/api.w.org\/{rel}","templated":true}]}}