{"id":23009,"date":"2019-03-19T19:00:00","date_gmt":"2019-03-19T23:00:00","guid":{"rendered":"https:\/\/linitiative.ca\/International\/le-president-bouteflika-pret-a-transmettre-le-pouvoir-au-president-elu\/"},"modified":"2019-03-19T19:00:00","modified_gmt":"2019-03-19T23:00:00","slug":"le-president-bouteflika-pret-a-transmettre-le-pouvoir-au-president-elu","status":"publish","type":"post","link":"https:\/\/linitiative.ca\/International\/le-president-bouteflika-pret-a-transmettre-le-pouvoir-au-president-elu\/","title":{"rendered":"\u00ab Le pr\u00e9sident Bouteflika, pr\u00eat \u00e0 transmettre le pouvoir au pr\u00e9sident \u00e9lu \u00bb"},"content":{"rendered":"<p>\u00abLe pr\u00e9sident Bouteflika a pris la d\u00e9cision de ne pas prendre part \u00e0 cette \u00e9lection, et est enti\u00e8rement pr\u00eat \u00e0 transmettre le pouvoir de mani\u00e8re ouverte et transparente au Pr\u00e9sident qui sera choisi par ce scrutin\u00bb, a d\u00e9clar\u00e9 M. Lamamra, lors d\u2019une conf\u00e9rence de presse conjointe avec le ministre russe des Affaires \u00e9trang\u00e8res, Serguei Lavrov. \u00abL&rsquo;opposition aura la possibilit\u00e9 de participer \u00e0 l&rsquo;organisation et au contr\u00f4le de l&rsquo;\u00e9lection au sein d&rsquo;une conf\u00e9rence nationale charg\u00e9e de r\u00e9former le syst\u00e8me politique en Alg\u00e9rie\u00bb, a ajout\u00e9 M. Lamamra, pr\u00e9cisant que \u00abl\u2019\u00c9tat alg\u00e9rien a r\u00e9agi promptement \u00e0 l\u2019appel de la population, et a propos\u00e9 \u00e0 toutes les parties int\u00e9ress\u00e9es (soci\u00e9t\u00e9 civile, partis politiques&#8230; ) de participer \u00e0 cette conf\u00e9rence nationale inclusive\u00bb. Il a expliqu\u00e9 que \u00abl&rsquo;\u00e9lection pr\u00e9sidentielle se tiendra avec de nouvelles conditions : pour la premi\u00e8re fois dans l&rsquo;histoire du pays, pourront y prendre part tous ceux qui le souhaitent\u00bb, a-t-il poursuivi, ajoutant que le scrutin \u00absera pour la premi\u00e8re fois organis\u00e9 sous l&rsquo;autorit\u00e9 exclusive d&rsquo;une commission \u00e9lectorale nationale ind\u00e9pendante\u00bb. \u00abApr\u00e8s cela, l&rsquo;opposition alg\u00e9rienne aura la possibilit\u00e9 de prendre une part plus active au travail gouvernemental\u00bb, a-t-il ajout\u00e9. Il a affirm\u00e9, dans ce sens, que le gouvernement \u00aba r\u00e9pondu aux attentes populaires qui s&rsquo;expriment depuis plus de trois semaines \u00e0 travers de grandes manifestations dans l&rsquo;ensemble du pays\u00bb, indiquant, par ailleurs, avoir remis au chef de la diplomatie russe, un message du pr\u00e9sident Bouteflika au pr\u00e9sident russe Vladimir Poutine.\u00a0<\/p>\n<p><strong>L\u2019Alg\u00e9rie et la Russie contre l\u2019ing\u00e9rence dans les affaires internes des pays\u00a0<\/strong><\/p>\n<div readability=\"60\">M. Lamamra et son homologue russe ont mis en avant l\u2019imp\u00e9ratif du respect du principe de non-ing\u00e9rence dans les affaires int\u00e9rieures des pays. \u00abL&rsquo;Alg\u00e9rie et la Russie sont des pays amis. Nous avons les m\u00eames principes, dont le respect de la souverainet\u00e9 nationale, de l\u2019int\u00e9grit\u00e9 territoriale des pays, de leur ind\u00e9pendance et de la non-ing\u00e9rence dans leurs affaires int\u00e9rieures\u00bb, a-t-il d\u00e9clar\u00e9. De son c\u00f4t\u00e9, M. Lavrov a indiqu\u00e9 avoir examin\u00e9, avec M. Lamamra, les probl\u00e8mes internationaux dans le cadre du respect de la non-ing\u00e9rence dans les affaires int\u00e9rieures des pays. \u00abIl est particuli\u00e8rement important que tous les pays respectent de fa\u00e7on sacr\u00e9e les dispositions de l\u2019ONU et s\u2019abstiennent de toute ing\u00e9rence dans les affaires int\u00e9rieures de l\u2019Alg\u00e9rie\u00bb, a-t-il insist\u00e9. Il a exprim\u00e9 la pr\u00e9occupation de son pays vis-\u00e0-vis \u00abdes \u00e9v\u00e9nements qui se d\u00e9roulent actuellement en Alg\u00e9rie\u00bb, voyant en cela \u00abdes tentatives d&rsquo;attiser les tensions, et nous nous pronon\u00e7ons contre toute ing\u00e9rence dans ces processus\u00bb. Il a, par ailleurs, indiqu\u00e9 que \u00able peuple alg\u00e9rien doit d\u00e9cider du maintien de la stabilit\u00e9\u00bb, ajoutant que \u00abbien \u00e9videmment dans cette r\u00e9gion, ce sont les pays eux-m\u00eames qui doivent entretenir cette stabilit\u00e9, et c\u2019est l\u2019appel que nous leur lan\u00e7ons\u00bb.<\/p>\n<hr \/>\n<p><strong>Le MAE met en garde contre\u00a0<\/strong><\/p>\n<p><strong>un faux compte Twitter attribu\u00e9 \u00e0 M. Lamamra\u00a0 \u00a0<\/strong><\/p>\n<p>Le minist\u00e8re des Affaires \u00e9trang\u00e8res a mis en garde, hier, contre l\u2019existence d\u2019un faux compte Twitter attribu\u00e9 au vice-Premier ministre, ministre des Affaires \u00e9trang\u00e8res, Ramtane Lamamra, et sur lequel de fausses informations ont \u00e9t\u00e9 publi\u00e9es.\u00a0<\/p>\n<p>Le minist\u00e8re \u00abtient \u00e0 attirer l\u2019attention sur le fait que les informations attribu\u00e9es \u00e0 M. Ramtane Lamamra, communiqu\u00e9es \u00e0 travers un faux compte Twitter en son nom, sont fausses, d\u00e9nu\u00e9es de tout fondement et rel\u00e8vent de la pure manipulation\u00bb, selon une d\u00e9claration du porte-parole du MAE, Abdelaziz Benali Cherif. \u00abM. Lamamra n\u2019a communiqu\u00e9 \u00e0 travers son vrai compte qu\u2019au titre exclusif de sa mission au sein de l\u2019Union africaine\u00bb, a ajout\u00e9 M. Benali Cherif, pr\u00e9cisant que \u00able dernier tweet publi\u00e9 sur son compte remonte ainsi au 1er mars dernier, \u00e0 l\u2019occasion de sa rencontre avec le secr\u00e9taire g\u00e9n\u00e9ral des Nations unies, M. Antonio Guterres, avec lequel il a \u00e9chang\u00e9 sur les perspectives de renforcement du partenariat strat\u00e9gique Union africaine &#8211; ONU\u00bb.\u00a0<\/p>\n<p>Le porte-parole du MAE a soulign\u00e9 que le vice-Premier ministre, ministre des Affaires \u00e9trang\u00e8res \u00abn\u2019a jamais communiqu\u00e9 \u00e0 travers les r\u00e9seaux sociaux (Facebook, Twitter ou autres), au titre de ses nouvelles responsabilit\u00e9s gouvernementales\u00bb.<\/p>\n<\/div>\n<p>Auteur: elmoudjahid<br \/>\n<a href=\"http:\/\/www.elmoudjahid.com\/fr\/actualites\/134951\">Cliquez ici pour lire l&rsquo;article depuis sa source.<\/a><\/p>\n","protected":false},"excerpt":{"rendered":"<p>\u00abLe pr\u00e9sident Bouteflika a pris la d\u00e9cision de ne pas prendre part \u00e0 cette \u00e9lection, et est enti\u00e8rement pr\u00eat \u00e0 transmettre le pouvoir de mani\u00e8re ouverte et transparente au Pr\u00e9sident qui sera choisi par ce scrutin\u00bb, a d\u00e9clar\u00e9 M. Lamamra, lors d\u2019une conf\u00e9rence de presse conjointe avec le ministre russe des Affaires \u00e9trang\u00e8res, Serguei Lavrov. [&hellip;]<\/p>\n","protected":false},"author":1744,"featured_media":0,"comment_status":"closed","ping_status":"closed","sticky":false,"template":"","format":"standard","meta":{"fifu_image_url":"","fifu_image_alt":"","footnotes":""},"categories":[73,53],"tags":[],"class_list":["post-23009","post","type-post","status-publish","format-standard","hentry","category-actualite","category-algerie"],"_links":{"self":[{"href":"https:\/\/linitiative.ca\/International\/wp-json\/wp\/v2\/posts\/23009","targetHints":{"allow":["GET"]}}],"collection":[{"href":"https:\/\/linitiative.ca\/International\/wp-json\/wp\/v2\/posts"}],"about":[{"href":"https:\/\/linitiative.ca\/International\/wp-json\/wp\/v2\/types\/post"}],"author":[{"embeddable":true,"href":"https:\/\/linitiative.ca\/International\/wp-json\/wp\/v2\/users\/1744"}],"replies":[{"embeddable":true,"href":"https:\/\/linitiative.ca\/International\/wp-json\/wp\/v2\/comments?post=23009"}],"version-history":[{"count":0,"href":"https:\/\/linitiative.ca\/International\/wp-json\/wp\/v2\/posts\/23009\/revisions"}],"wp:attachment":[{"href":"https:\/\/linitiative.ca\/International\/wp-json\/wp\/v2\/media?parent=23009"}],"wp:term":[{"taxonomy":"category","embeddable":true,"href":"https:\/\/linitiative.ca\/International\/wp-json\/wp\/v2\/categories?post=23009"},{"taxonomy":"post_tag","embeddable":true,"href":"https:\/\/linitiative.ca\/International\/wp-json\/wp\/v2\/tags?post=23009"}],"curies":[{"name":"wp","href":"https:\/\/api.w.org\/{rel}","templated":true}]}}