{"id":23010,"date":"2019-03-19T19:00:00","date_gmt":"2019-03-19T23:00:00","guid":{"rendered":"https:\/\/linitiative.ca\/International\/le-ministere-chinois-des-affaires-etrangeres-lespoir-de-voir-lalgerie-avancer-dans-son-calendrier-politique\/"},"modified":"2019-03-19T19:00:00","modified_gmt":"2019-03-19T23:00:00","slug":"le-ministere-chinois-des-affaires-etrangeres-lespoir-de-voir-lalgerie-avancer-dans-son-calendrier-politique","status":"publish","type":"post","link":"https:\/\/linitiative.ca\/International\/le-ministere-chinois-des-affaires-etrangeres-lespoir-de-voir-lalgerie-avancer-dans-son-calendrier-politique\/","title":{"rendered":"Le minist\u00e8re chinois des Affaires \u00e9trang\u00e8res :   \u00ab L\u2019espoir de voir l\u2019Alg\u00e9rie avancer dans son calendrier politique \u00bb"},"content":{"rendered":"<p>La Chine a annonc\u00e9, hier, qu&rsquo;elle esp\u00e9rait \u00abvoir l&rsquo;Alg\u00e9rie faire avancer sans heurt son calendrier politique\u00bb, a d\u00e9clar\u00e9 le porte-parole du minist\u00e8re chinois des Affaires \u00e9trang\u00e8res, Geng Shuang, cit\u00e9 par l&rsquo;agence Chine Nouvelle. M. Shuang r\u00e9pondait, lors d&rsquo;une conf\u00e9rence de presse, \u00e0 une question sur les derniers d\u00e9veloppements politiques en Alg\u00e9rie, apr\u00e8s l&rsquo;annonce du report de la pr\u00e9sidentielle pr\u00e9vue le 18 avril 2019 par le pr\u00e9sident de la R\u00e9publique, sa d\u00e9cision de ne pas briguer un cinqui\u00e8me mandat et les manifestations pacifiques organis\u00e9es \u00e0 travers le pays. M. Geng a \u00e9galement indiqu\u00e9 que \u00abla stabilit\u00e9 de l&rsquo;Alg\u00e9rie \u00e9tait dans l&rsquo;int\u00e9r\u00eat fondamental de son peuple et de la paix dans les r\u00e9gions voisines\u00bb, a ajout\u00e9 la m\u00eame source. Le responsable chinois a, en outre, rappel\u00e9 que son pays \u00abadh\u00e9rait au principe de non-ing\u00e9rence dans les affaires int\u00e9rieures des autres pays et \u00e9tait convaincue que le peuple alg\u00e9rien avait la sagesse et la capacit\u00e9 n\u00e9cessaires pour explorer une voie r\u00e9pondant aux conditions de son pays\u00bb.<\/p>\n<p>Auteur: elmoudjahid<br \/>\n<a href=\"http:\/\/www.elmoudjahid.com\/fr\/actualites\/134952\">Cliquez ici pour lire l&rsquo;article depuis sa source.<\/a><\/p>\n","protected":false},"excerpt":{"rendered":"<p>La Chine a annonc\u00e9, hier, qu&rsquo;elle esp\u00e9rait \u00abvoir l&rsquo;Alg\u00e9rie faire avancer sans heurt son calendrier politique\u00bb, a d\u00e9clar\u00e9 le porte-parole du minist\u00e8re chinois des Affaires \u00e9trang\u00e8res, Geng Shuang, cit\u00e9 par l&rsquo;agence Chine Nouvelle. M. Shuang r\u00e9pondait, lors d&rsquo;une conf\u00e9rence de presse, \u00e0 une question sur les derniers d\u00e9veloppements politiques en Alg\u00e9rie, apr\u00e8s l&rsquo;annonce du report [&hellip;]<\/p>\n","protected":false},"author":1744,"featured_media":0,"comment_status":"closed","ping_status":"closed","sticky":false,"template":"","format":"standard","meta":{"fifu_image_url":"","fifu_image_alt":"","footnotes":""},"categories":[73,53],"tags":[],"class_list":["post-23010","post","type-post","status-publish","format-standard","hentry","category-actualite","category-algerie"],"_links":{"self":[{"href":"https:\/\/linitiative.ca\/International\/wp-json\/wp\/v2\/posts\/23010","targetHints":{"allow":["GET"]}}],"collection":[{"href":"https:\/\/linitiative.ca\/International\/wp-json\/wp\/v2\/posts"}],"about":[{"href":"https:\/\/linitiative.ca\/International\/wp-json\/wp\/v2\/types\/post"}],"author":[{"embeddable":true,"href":"https:\/\/linitiative.ca\/International\/wp-json\/wp\/v2\/users\/1744"}],"replies":[{"embeddable":true,"href":"https:\/\/linitiative.ca\/International\/wp-json\/wp\/v2\/comments?post=23010"}],"version-history":[{"count":0,"href":"https:\/\/linitiative.ca\/International\/wp-json\/wp\/v2\/posts\/23010\/revisions"}],"wp:attachment":[{"href":"https:\/\/linitiative.ca\/International\/wp-json\/wp\/v2\/media?parent=23010"}],"wp:term":[{"taxonomy":"category","embeddable":true,"href":"https:\/\/linitiative.ca\/International\/wp-json\/wp\/v2\/categories?post=23010"},{"taxonomy":"post_tag","embeddable":true,"href":"https:\/\/linitiative.ca\/International\/wp-json\/wp\/v2\/tags?post=23010"}],"curies":[{"name":"wp","href":"https:\/\/api.w.org\/{rel}","templated":true}]}}