{"id":23013,"date":"2019-03-20T06:34:21","date_gmt":"2019-03-20T10:34:21","guid":{"rendered":"https:\/\/linitiative.ca\/International\/87084-le-corps-du-pilote-dececde-au-rallye-touareg-est-en-voie-d-evacuation-vers-son-pays\/"},"modified":"2019-03-20T06:34:21","modified_gmt":"2019-03-20T10:34:21","slug":"87084-le-corps-du-pilote-dececde-au-rallye-touareg-est-en-voie-d-evacuation-vers-son-pays","status":"publish","type":"post","link":"https:\/\/linitiative.ca\/International\/87084-le-corps-du-pilote-dececde-au-rallye-touareg-est-en-voie-d-evacuation-vers-son-pays\/","title":{"rendered":"Le corps du pilote d\u00e9c\u00e9cd\u00e9 au Rallye Touareg est en voie d&rsquo;\u00e9vacuation vers son pays"},"content":{"rendered":"<div>\n<div class=\"K2FeedImage\"><img decoding=\"async\" src=\"http:\/\/www.aps.dz\/media\/k2\/items\/cache\/249266f832dbfeb6b58238f705cbb169_S.jpg\" alt=\"Le corps du pilote d\u00e9c\u00e9cd\u00e9 au Rallye Touareg est en voie d'\u00e9vacuation vers son pays\"><\/div>\n<div class=\"K2FeedIntroText\">\n<p>BECHAR &#8211; Le corps du d\u00e9funt pilote Italien Giovanni Stefani \u00e2g\u00e9 de 74 ans, participant au rallye Touareg 2019, d\u00e9c\u00e9d\u00e9 \u00e0 la suite d\u2019un grave accident de son quad mardi peu avant midi dans la r\u00e9gion d\u2019El Ouata, est en voie d\u2019\u00e9vacuation vers son pays natal, a-t-on appris mardi soir aupr\u00e8s des organisateurs de ce Rallye.<\/p>\n<\/div>\n<div class=\"K2FeedFullText\">\n<p>\u00ab\u00a0Le d\u00e9funt qui a \u00e9t\u00e9 le doyen des participants \u00e0 ce Rallye auto-moto, est d\u00e9c\u00e9d\u00e9 \u00e0 la suite de sa tentative de traverser une dune ou se d\u00e9rouler le parcours de la troisi\u00e8me \u00e9tape de ce Rallye, au cours de laquelle son quad a fait des tonneaux causants le d\u00e9c\u00e8s sur place de ce pilote, qui a \u00e9t\u00e9 par la suite \u00e9vacu\u00e9 vers la morgue de l\u2019\u00e9tablissement hospitalier public de Beni-Abbes, chef lieu de wilaya d\u00e9l\u00e9gu\u00e9e\u00a0\u00bb, a pr\u00e9cis\u00e9 a l\u2019APS M. Amir Benmaamar.<\/p>\n<p>\u00ab\u00a0Un parcours-hommage sur une distance de 80 km, sera organis\u00e9 demain mercredi \u00e0 travers les zones saharienne de Beni-Abbes \u00e0 la m\u00e9moire de ce pilote par les 250 participants \u00e0 ce Rallye et ce comme signe de solidarit\u00e9\u00a0\u00bb, a-t-il ajout\u00e9.<\/p>\n<hr>\n<p><em><strong>Lire aussi:\u00a0<\/strong><\/em><a href=\"http:\/\/www.aps.dz\/sport\/87058-cyclisme-championnat-d-afrique-trois-medailles-pour-l-algerie\">Cyclisme\/Championnat d&rsquo;Afrique: trois m\u00e9dailles pour l\u2019Alg\u00e9rie<\/a><\/p>\n<hr>\n<p>\u00ab\u00a0Les proc\u00e9dures d\u2019\u00e9vacuation du d\u00e9funt vers son pays natal ont \u00e9t\u00e9 entam\u00e9es par les organisateurs en \u00e9troite coordination avec les autorit\u00e9s locales de la wilaya-d\u00e9l\u00e9gu\u00e9e de Beni-Abbes et la wilaya de Bechar\u00a0\u00bb, a explique M. Benmaamar.<\/p>\n<p>\u00ab\u00a0Les comp\u00e9titions du Rallye vont poursuivre avec les 250 pilotes de plusieurs pays \u00e9trangers et 20 Alg\u00e9riens, a fait savoir le m\u00eame membre du staff organisateur de cette manifestation sportive internationale\u00a0\u00bb.<\/p>\n<\/div>\n<p><img loading=\"lazy\" decoding=\"async\" src=\"http:\/\/feeds.feedburner.com\/~r\/aps-sport\/~4\/6cyBrb_VZyE\" height=\"1\" width=\"1\" alt=\"\"><\/div>\n<p>Auteur:<br \/>\n<a href=\"http:\/\/www.aps.dz\/sport\/87084-le-corps-du-pilote-dececde-au-rallye-touareg-est-en-voie-d-evacuation-vers-son-pays?utm_source=feedburner&#038;utm_medium=feed&#038;utm_campaign=Feed%3A+aps-sport+%28APS+-+SPORT%29\">Cliquez ici pour lire l&rsquo;article depuis sa source.<\/a><\/p>\n","protected":false},"excerpt":{"rendered":"<p>BECHAR &#8211; Le corps du d\u00e9funt pilote Italien Giovanni Stefani \u00e2g\u00e9 de 74 ans, participant au rallye Touareg 2019, d\u00e9c\u00e9d\u00e9 \u00e0 la suite d\u2019un grave accident de son quad mardi peu avant midi dans la r\u00e9gion d\u2019El Ouata, est en voie d\u2019\u00e9vacuation vers son pays natal, a-t-on appris mardi soir aupr\u00e8s des organisateurs de ce [&hellip;]<\/p>\n","protected":false},"author":1790,"featured_media":23014,"comment_status":"closed","ping_status":"closed","sticky":false,"template":"","format":"standard","meta":{"fifu_image_url":"","fifu_image_alt":"","footnotes":""},"categories":[53,75],"tags":[],"class_list":["post-23013","post","type-post","status-publish","format-standard","has-post-thumbnail","hentry","category-algerie","category-sport"],"_links":{"self":[{"href":"https:\/\/linitiative.ca\/International\/wp-json\/wp\/v2\/posts\/23013","targetHints":{"allow":["GET"]}}],"collection":[{"href":"https:\/\/linitiative.ca\/International\/wp-json\/wp\/v2\/posts"}],"about":[{"href":"https:\/\/linitiative.ca\/International\/wp-json\/wp\/v2\/types\/post"}],"author":[{"embeddable":true,"href":"https:\/\/linitiative.ca\/International\/wp-json\/wp\/v2\/users\/1790"}],"replies":[{"embeddable":true,"href":"https:\/\/linitiative.ca\/International\/wp-json\/wp\/v2\/comments?post=23013"}],"version-history":[{"count":0,"href":"https:\/\/linitiative.ca\/International\/wp-json\/wp\/v2\/posts\/23013\/revisions"}],"wp:featuredmedia":[{"embeddable":true,"href":"https:\/\/linitiative.ca\/International\/wp-json\/"}],"wp:attachment":[{"href":"https:\/\/linitiative.ca\/International\/wp-json\/wp\/v2\/media?parent=23013"}],"wp:term":[{"taxonomy":"category","embeddable":true,"href":"https:\/\/linitiative.ca\/International\/wp-json\/wp\/v2\/categories?post=23013"},{"taxonomy":"post_tag","embeddable":true,"href":"https:\/\/linitiative.ca\/International\/wp-json\/wp\/v2\/tags?post=23013"}],"curies":[{"name":"wp","href":"https:\/\/api.w.org\/{rel}","templated":true}]}}