{"id":23028,"date":"2019-03-20T15:11:00","date_gmt":"2019-03-20T19:11:00","guid":{"rendered":"https:\/\/linitiative.ca\/International\/drame-routier-a-saida-3-morts-dont-un-enfant-de-3-ans\/"},"modified":"2019-03-20T15:11:00","modified_gmt":"2019-03-20T19:11:00","slug":"drame-routier-a-saida-3-morts-dont-un-enfant-de-3-ans","status":"publish","type":"post","link":"https:\/\/linitiative.ca\/International\/drame-routier-a-saida-3-morts-dont-un-enfant-de-3-ans\/","title":{"rendered":"DRAME ROUTIER A SA\u00cfDA  : 3 morts dont  un enfant de 3 ans"},"content":{"rendered":"<p><br id=\"sep_para_1\" class=\"sep_para access\"\/><\/p>\n<div id=\"para_1\" class=\"para_29872412 resize\">\n<div class=\"photo shadow left\"><a href=\"javascript:void(0)\" rel=\"https:\/\/www.reflexiondz.net\/photo\/art\/grande\/31823673-29872412.jpg?v=1553110590&#038;ibox\" title=\"DRAME ROUTIER A SA\u00cfDA : 3 morts dont un enfant de 3 ans\"><img decoding=\"async\" class=\"responsive c9\" src=\"https:\/\/www.reflexiondz.net\/photo\/art\/grande\/31823673-29872412.jpg?v=1553110590\" alt=\"DRAME ROUTIER A SA\u00cfDA : 3 morts dont un enfant de 3 ans\" title=\"DRAME ROUTIER A SA\u00cfDA : 3 morts dont un enfant de 3 ans\"\/><img decoding=\"async\" class=\"not-responsive\" src=\"https:\/\/www.reflexiondz.net\/photo\/art\/default\/31823673-29872412.jpg?v=1553110592\" alt=\"DRAME ROUTIER A SA\u00cfDA : 3 morts dont un enfant de 3 ans\" title=\"DRAME ROUTIER A SA\u00cfDA : 3 morts dont un enfant de 3 ans\"\/><\/a><\/div>\n<div class=\"texte access firstletter\">La collision entre un camion et un v\u00e9hicule sur une route nationale n\u00b0 92 reliant Sa\u00efda \u00e0 Sidi Bel Abb\u00e8s a fait au moins 3 morts, ce mercredi matin. Le corps d\u2019une petite fille de trois ans a \u00e9t\u00e9 retrouv\u00e9 sans vie. Il pourrait s\u2019agir de la fille du chauffeur. Trois personnes ont trouv\u00e9 la mort dont une fillette de trois ans dans un accident mortel de la circulation, survenu ce mercredi 20 mars 2019, suite \u00e0 une collision entre un camion benne et une voiture touristique de marque Dacia. Les d\u00e9pouilles ont \u00e9t\u00e9 \u00e9vacu\u00e9es vers la morgue de l\u2019h\u00f4pital Ahmed Madeghri de la wilaya de Sa\u00efda.\u00a0\u00a0\u00a0\u00a0\u00a0\u00a0\u00a0\u00a0\u00a0\u00a0\u00a0\u00a0<\/div>\n<\/div>\n<p>Auteur: Ismain<br \/>\n<a href=\"https:\/\/www.reflexiondz.net\/DRAME-ROUTIER-A-SAIDA-3-morts-dont-un-enfant-de-3-ans_a55037.html\">Cliquez ici pour lire l&rsquo;article depuis sa source.<\/a><\/p>\n","protected":false},"excerpt":{"rendered":"<p>La collision entre un camion et un v\u00e9hicule sur une route nationale n\u00b0 92 reliant Sa\u00efda \u00e0 Sidi Bel Abb\u00e8s a fait au moins 3 morts, ce mercredi matin. Le corps d\u2019une petite fille de trois ans a \u00e9t\u00e9 retrouv\u00e9 sans vie. Il pourrait s\u2019agir de la fille du chauffeur. Trois personnes ont trouv\u00e9 la [&hellip;]<\/p>\n","protected":false},"author":1740,"featured_media":0,"comment_status":"closed","ping_status":"closed","sticky":false,"template":"","format":"standard","meta":{"fifu_image_url":"","fifu_image_alt":"","footnotes":""},"categories":[53,76],"tags":[],"class_list":["post-23028","post","type-post","status-publish","format-standard","hentry","category-algerie","category-regions"],"_links":{"self":[{"href":"https:\/\/linitiative.ca\/International\/wp-json\/wp\/v2\/posts\/23028","targetHints":{"allow":["GET"]}}],"collection":[{"href":"https:\/\/linitiative.ca\/International\/wp-json\/wp\/v2\/posts"}],"about":[{"href":"https:\/\/linitiative.ca\/International\/wp-json\/wp\/v2\/types\/post"}],"author":[{"embeddable":true,"href":"https:\/\/linitiative.ca\/International\/wp-json\/wp\/v2\/users\/1740"}],"replies":[{"embeddable":true,"href":"https:\/\/linitiative.ca\/International\/wp-json\/wp\/v2\/comments?post=23028"}],"version-history":[{"count":0,"href":"https:\/\/linitiative.ca\/International\/wp-json\/wp\/v2\/posts\/23028\/revisions"}],"wp:attachment":[{"href":"https:\/\/linitiative.ca\/International\/wp-json\/wp\/v2\/media?parent=23028"}],"wp:term":[{"taxonomy":"category","embeddable":true,"href":"https:\/\/linitiative.ca\/International\/wp-json\/wp\/v2\/categories?post=23028"},{"taxonomy":"post_tag","embeddable":true,"href":"https:\/\/linitiative.ca\/International\/wp-json\/wp\/v2\/tags?post=23028"}],"curies":[{"name":"wp","href":"https:\/\/api.w.org\/{rel}","templated":true}]}}