{"id":23029,"date":"2019-03-20T15:11:00","date_gmt":"2019-03-20T19:11:00","guid":{"rendered":"https:\/\/linitiative.ca\/International\/les-islamistes-veulent-recuperer-le-mouvement-populaire-le-reveil-de-lex-fis\/"},"modified":"2019-03-20T15:11:00","modified_gmt":"2019-03-20T19:11:00","slug":"les-islamistes-veulent-recuperer-le-mouvement-populaire-le-reveil-de-lex-fis","status":"publish","type":"post","link":"https:\/\/linitiative.ca\/International\/les-islamistes-veulent-recuperer-le-mouvement-populaire-le-reveil-de-lex-fis\/","title":{"rendered":"LES ISLAMISTES VEULENT RECUPERER LE MOUVEMENT POPULAIRE  : Le r\u00e9veil de l\u2019ex FIS"},"content":{"rendered":"<p><br id=\"sep_para_1\" class=\"sep_para access\"\/><\/p>\n<div id=\"para_1\" class=\"para_29872417 resize\">\n<div class=\"photo shadow left\"><a href=\"javascript:void(0)\" rel=\"https:\/\/www.reflexiondz.net\/photo\/art\/grande\/31823698-29872417.jpg?v=1553110597&#038;ibox\" title=\"LES ISLAMISTES VEULENT RECUPERER LE MOUVEMENT POPULAIRE : Le r\u00e9veil de l\u2019ex FIS\"><img decoding=\"async\" class=\"responsive c9\" src=\"https:\/\/www.reflexiondz.net\/photo\/art\/grande\/31823698-29872417.jpg?v=1553110597\" alt=\"LES ISLAMISTES VEULENT RECUPERER LE MOUVEMENT POPULAIRE : Le r\u00e9veil de l\u2019ex FIS\" title=\"LES ISLAMISTES VEULENT RECUPERER LE MOUVEMENT POPULAIRE : Le r\u00e9veil de l\u2019ex FIS\"\/><img decoding=\"async\" class=\"not-responsive\" src=\"https:\/\/www.reflexiondz.net\/photo\/art\/default\/31823698-29872417.jpg?v=1553110599\" alt=\"LES ISLAMISTES VEULENT RECUPERER LE MOUVEMENT POPULAIRE : Le r\u00e9veil de l\u2019ex FIS\" title=\"LES ISLAMISTES VEULENT RECUPERER LE MOUVEMENT POPULAIRE : Le r\u00e9veil de l\u2019ex FIS\"\/><\/a><\/div>\n<div class=\"texte access firstletter\">Tous les analystes partagent le point de vue que les anciens cadres du FIS ou du moins ce qui reste sont \u00e0 l\u2019aff\u00fbt pour tenter de r\u00e9cup\u00e9rer les gigantesques manifestations populaires ! Bien au contraire, si cette jeunesse qui acclame un changement pacifique loin de toute politique et croit que le Fis a disparu ou il appartient \u00ab au pass\u00e9 \u00bb, les voix de la chaine de Abbasi Madani \u2018\u2019 EL-Magharibia\u2019\u2019 et les discours haineux incitant \u00e0 la r\u00e9bellion des leaders du Front islamique du Salut (FIS dissous), tels que Larbi Zitout, Mourad Dhina et Kamel Guemazi , le co-leader historique du Front islamique du salut, Ali Belhadj, qui continue imperturbablement \u00e0 guerroyer depuis Alger pour rebondir sur le tr\u00f4ne du mouvement populaire.\u00a0 Ne pas calculer le mouvement de l\u2019opposition islamiste radicale agressive, aujourd\u2019hui en pleine reconstruction au sein du mouvement Rachad dirig\u00e9e par l\u2019ancien terroriste Mourad Dhina, c\u2019est oublier toute une d\u00e9cennie de sang et de massacres. Si la protestation consensuelle et unitaire du \u00ab d\u00e9gagisme \u00bb c\u00e9dera in\u00e9luctablement la place aux d\u00e9pouilles des extr\u00e9mistes islamistes, on assistera au futur \u00e0 la r\u00e9surrection de l\u2019ex-FIS. Les exemples ne manquent pas ,\u00a0 on l\u2019a dit, les soul\u00e8vements populaires\u00a0 qu\u2019ont v\u00e9cu plusieurs pays , voisins de l\u2019Alg\u00e9rie, si diff\u00e9rents que soient leurs sc\u00e8nes politiques respectives, ont ensuite permis de \u00ab mettre \u00e0 jour \u00bb cette tendance : en Tunisie comme en \u00c9gypte, tous les premiers scrutins cons\u00e9cutifs aux Printemps arabes ont confirm\u00e9 le retour de ce courant. En Egypte, les fr\u00e8res musulmans et en Tunisie le mouvement Ennahda. Au Liban, ou encore en Irak, les mobilisations alternatives, ont clairement enfant\u00e9 des \u2018\u2019 islamistes au pouvoir \u2019\u2019. Les lieutenants d\u2019Abassi Madani ne s\u2019affaiblissent pas, ils ont du souffle, et ils sont en qu\u00eate de se positionner dans le mouvement populaire pour jouer un r\u00f4le dans le paysage \u00e9lectoral alg\u00e9rien de demain ! Il est bien \u00e9videmment pr\u00e9matur\u00e9 de le dire avec pr\u00e9cision. Mais tout porte \u00e0 croire que la participation des islamistes radicaux, en hibernation depuis presque 30 ans auront donc un r\u00f4le \u00e0 jouer dans le paysage politique alg\u00e9rien, c\u2019est une \u00e9vidence incontournable. Face \u00e0 la (possible) \u00e9ch\u00e9ance d\u00e9mocratique, les extr\u00e9mistes islamistes sont plus que jamais aujourd\u2019hui \u00e0 l\u2019heure de la participation. L\u2019appel de la \u00ab Coordination nationale pour le changement \u00bb (CNC) lanc\u00e9 le 15 mars dernier, sign\u00e9 par les anciens cadres du FIS, Mourad Dhina(FIS) et Kamel Guemazi (FIS) a pi\u00e9g\u00e9 les \u00ab d\u00e9mocrates \u00bb de l\u2019opposition tels que\u00a0 Zoubida Assoul(Mouawatana), Mohcine Belabes(RCD), Ali Benouari (ex-ministre), Mustapha Bouchachi(LAHHD) et Karim Tabou(UDS), qui ont appos\u00e9 leurs signatures \u00e0 c\u00f4t\u00e9 de celles des responsables des massacres de la d\u00e9cennie noire ,\u00a0 Mourad Dhina et Kamel Guemazi. Il est clair maintenant que certains cercles travaillent en coulisse pour remettre au-devant de la sc\u00e8ne politique les sanguinaires de l\u2019ex-FIS.<\/div>\n<\/div>\n<p>Auteur: Riad<br \/>\n<a href=\"https:\/\/www.reflexiondz.net\/LES-ISLAMISTES-VEULENT-RECUPERER-LE-MOUVEMENT-POPULAIRE-Le-reveil-de-l-ex-FIS_a55038.html\">Cliquez ici pour lire l&rsquo;article depuis sa source.<\/a><\/p>\n","protected":false},"excerpt":{"rendered":"<p>Tous les analystes partagent le point de vue que les anciens cadres du FIS ou du moins ce qui reste sont \u00e0 l\u2019aff\u00fbt pour tenter de r\u00e9cup\u00e9rer les gigantesques manifestations populaires ! Bien au contraire, si cette jeunesse qui acclame un changement pacifique loin de toute politique et croit que le Fis a disparu ou [&hellip;]<\/p>\n","protected":false},"author":1740,"featured_media":0,"comment_status":"closed","ping_status":"closed","sticky":false,"template":"","format":"standard","meta":{"fifu_image_url":"","fifu_image_alt":"","footnotes":""},"categories":[53,76],"tags":[],"class_list":["post-23029","post","type-post","status-publish","format-standard","hentry","category-algerie","category-regions"],"_links":{"self":[{"href":"https:\/\/linitiative.ca\/International\/wp-json\/wp\/v2\/posts\/23029","targetHints":{"allow":["GET"]}}],"collection":[{"href":"https:\/\/linitiative.ca\/International\/wp-json\/wp\/v2\/posts"}],"about":[{"href":"https:\/\/linitiative.ca\/International\/wp-json\/wp\/v2\/types\/post"}],"author":[{"embeddable":true,"href":"https:\/\/linitiative.ca\/International\/wp-json\/wp\/v2\/users\/1740"}],"replies":[{"embeddable":true,"href":"https:\/\/linitiative.ca\/International\/wp-json\/wp\/v2\/comments?post=23029"}],"version-history":[{"count":0,"href":"https:\/\/linitiative.ca\/International\/wp-json\/wp\/v2\/posts\/23029\/revisions"}],"wp:attachment":[{"href":"https:\/\/linitiative.ca\/International\/wp-json\/wp\/v2\/media?parent=23029"}],"wp:term":[{"taxonomy":"category","embeddable":true,"href":"https:\/\/linitiative.ca\/International\/wp-json\/wp\/v2\/categories?post=23029"},{"taxonomy":"post_tag","embeddable":true,"href":"https:\/\/linitiative.ca\/International\/wp-json\/wp\/v2\/tags?post=23029"}],"curies":[{"name":"wp","href":"https:\/\/api.w.org\/{rel}","templated":true}]}}