{"id":23065,"date":"2019-03-20T15:09:55","date_gmt":"2019-03-20T19:09:55","guid":{"rendered":"https:\/\/linitiative.ca\/International\/tunisie-ali-laarayedh-riposte-a-linitiative-de-bce-de-reformer-la-constitution\/"},"modified":"2019-03-20T15:09:55","modified_gmt":"2019-03-20T19:09:55","slug":"tunisie-ali-laarayedh-riposte-a-linitiative-de-bce-de-reformer-la-constitution","status":"publish","type":"post","link":"https:\/\/linitiative.ca\/International\/tunisie-ali-laarayedh-riposte-a-linitiative-de-bce-de-reformer-la-constitution\/","title":{"rendered":"Tunisie \u2013 Ali La\u00e2rayedh riposte \u00e0 l\u2019initiative de BCE de r\u00e9former la constitution"},"content":{"rendered":"<div class=\"post-cont-in left relative\">\n<div class=\"nc_socialPanel swp_flatFresh swp_d_fullColor swp_i_fullColor swp_o_fullColor scale-100 scale-fullWidth\" data-position=\"none\" data-float=\"floatNone\" data-count=\"5\" data-floatcolor=\"#ffffff\" data-emphasize=\"0\">\n<div class=\"nc_tweetContainer totes totesalt\" data-id=\"6\"><span class=\"swp_count\"><span class=\"swp_label\">Partages<\/span> 44<\/span><\/div>\n<\/div>\n<p>Le vice-pr\u00e9sident du parti islamique d\u2019Ennahdha Ali La\u00e2rayedh, a imm\u00e9diatement, r\u00e9pondu \u00e0 l\u2019initiative annonc\u00e9e par le pr\u00e9sident de la R\u00e9publique, BCE, lors de son discours de comm\u00e9moration de l\u2019ind\u00e9pendance, en rapport avec un projet fin pr\u00eat de r\u00e9forme de la Constitution.<\/p>\n<p>La\u00e2rayedh a protest\u00e9, pr\u00e9tendant que le moment \u00e9tait mal choisi pour une telle initiative \u00e0 quelques mois des \u00e9lections. Il a ajout\u00e9 que le pr\u00e9sident n\u2019a pas parl\u00e9 de r\u00e9forme profonde de la mais a fait remarquer qu\u2019apr\u00e8s cinq ans d\u2019application de ce textes, certaines lacunes ont \u00e9t\u00e9 mises en \u00e9vidence qui m\u00e9riteraient d\u2019\u00eatre revues, notamment les relations entre le chef de l\u2019Etat et celui du gouvernement.<\/p>\n<div class=\"code-block code-block-1 c3\"><ins class=\"adsbygoogle c2\" data-ad-layout=\"in-article\" data-ad-format=\"fluid\" data-ad-client=\"ca-pub-2102118777505746\" data-ad-slot=\"7301775417\"\/> <\/div>\n<p>La\u00e2rayedh a insist\u00e9 sur le fait que de telles initiatives pourraient \u00eatre examin\u00e9es et d\u00e9cortiqu\u00e9es, lors de la prochaine p\u00e9riode l\u00e9gislative, c\u2019est-\u00e0-dire, apr\u00e8s les \u00e9lections.<\/p>\n<div class=\"mvp-org-wrap mvp-org-logo\" itemprop=\"publisher\" itemscope=\"\" itemtype=\"https:\/\/schema.org\/Organization\"><img decoding=\"async\" src=\"https:\/\/www.tunisienumerique.com\/wp-content\/uploads\/2017\/02\/logo_tunisie_numerique.png\"\/><\/div>\n<div class=\"nc_socialPanel swp_flatFresh swp_d_fullColor swp_i_fullColor swp_o_fullColor scale-100 scale-fullWidth\" data-position=\"none\" data-float=\"floatNone\" data-count=\"5\" data-floatcolor=\"#ffffff\" data-emphasize=\"0\">\n<div class=\"nc_tweetContainer totes totesalt\" data-id=\"6\"><span class=\"swp_count\"><span class=\"swp_label\">Partages<\/span> 44<\/span><\/div>\n<\/div>\n<div class=\"mvp-related-posts left relative\">\n<h4 class=\"post-header\"><span class=\"post-header\">Lire aussi<\/span><\/h4>\n<\/div>\n<\/div>\n<p>Auteur: LM<br \/>\n<a href=\"https:\/\/www.tunisienumerique.com\/tunisie-ali-laarayedh-riposte-a-linitiative-de-bce-de-reformer-la-constitution\/\">Cliquez ici pour lire l&rsquo;article depuis sa source.<\/a><\/p>\n","protected":false},"excerpt":{"rendered":"<p>Partages 44 Le vice-pr\u00e9sident du parti islamique d\u2019Ennahdha Ali La\u00e2rayedh, a imm\u00e9diatement, r\u00e9pondu \u00e0 l\u2019initiative annonc\u00e9e par le pr\u00e9sident de la R\u00e9publique, BCE, lors de son discours de comm\u00e9moration de l\u2019ind\u00e9pendance, en rapport avec un projet fin pr\u00eat de r\u00e9forme de la Constitution. La\u00e2rayedh a protest\u00e9, pr\u00e9tendant que le moment \u00e9tait mal choisi pour une [&hellip;]<\/p>\n","protected":false},"author":1789,"featured_media":23066,"comment_status":"closed","ping_status":"closed","sticky":false,"template":"","format":"standard","meta":{"fifu_image_url":"","fifu_image_alt":"","footnotes":""},"categories":[73,55],"tags":[],"class_list":["post-23065","post","type-post","status-publish","format-standard","has-post-thumbnail","hentry","category-actualite","category-tunisie"],"_links":{"self":[{"href":"https:\/\/linitiative.ca\/International\/wp-json\/wp\/v2\/posts\/23065","targetHints":{"allow":["GET"]}}],"collection":[{"href":"https:\/\/linitiative.ca\/International\/wp-json\/wp\/v2\/posts"}],"about":[{"href":"https:\/\/linitiative.ca\/International\/wp-json\/wp\/v2\/types\/post"}],"author":[{"embeddable":true,"href":"https:\/\/linitiative.ca\/International\/wp-json\/wp\/v2\/users\/1789"}],"replies":[{"embeddable":true,"href":"https:\/\/linitiative.ca\/International\/wp-json\/wp\/v2\/comments?post=23065"}],"version-history":[{"count":0,"href":"https:\/\/linitiative.ca\/International\/wp-json\/wp\/v2\/posts\/23065\/revisions"}],"wp:featuredmedia":[{"embeddable":true,"href":"https:\/\/linitiative.ca\/International\/wp-json\/"}],"wp:attachment":[{"href":"https:\/\/linitiative.ca\/International\/wp-json\/wp\/v2\/media?parent=23065"}],"wp:term":[{"taxonomy":"category","embeddable":true,"href":"https:\/\/linitiative.ca\/International\/wp-json\/wp\/v2\/categories?post=23065"},{"taxonomy":"post_tag","embeddable":true,"href":"https:\/\/linitiative.ca\/International\/wp-json\/wp\/v2\/tags?post=23065"}],"curies":[{"name":"wp","href":"https:\/\/api.w.org\/{rel}","templated":true}]}}