{"id":23067,"date":"2019-03-20T15:16:34","date_gmt":"2019-03-20T19:16:34","guid":{"rendered":"https:\/\/linitiative.ca\/International\/italie-milan-un-chauffeur-de-bus-de-collegiens-tente-de-bruler-vifs-ses-passagers-en-soutien-aux-migrants\/"},"modified":"2019-03-20T15:16:34","modified_gmt":"2019-03-20T19:16:34","slug":"italie-milan-un-chauffeur-de-bus-de-collegiens-tente-de-bruler-vifs-ses-passagers-en-soutien-aux-migrants","status":"publish","type":"post","link":"https:\/\/linitiative.ca\/International\/italie-milan-un-chauffeur-de-bus-de-collegiens-tente-de-bruler-vifs-ses-passagers-en-soutien-aux-migrants\/","title":{"rendered":"Italie\u00a0: Milan: Un chauffeur de bus de coll\u00e9giens tente de br\u00fbler vifs ses passagers en soutien aux migrants"},"content":{"rendered":"<div class=\"post-cont-in left relative\">\n<div class=\"nc_socialPanel swp_flatFresh swp_d_fullColor swp_i_fullColor swp_o_fullColor scale-100 scale-fullWidth\" data-position=\"none\" data-float=\"floatNone\" data-count=\"5\" data-floatcolor=\"#ffffff\" data-emphasize=\"0\">\n<div class=\"nc_tweetContainer totes totesalt\" data-id=\"6\"><span class=\"swp_count\"><span class=\"swp_label\">Partages<\/span> 47<\/span><\/div>\n<\/div>\n<p>Un bus qui transportait des coll\u00e9giens a \u00e9t\u00e9 incendi\u00e9 par son chauffeur dans la banlieue de Milan, en Italie, rapporte notamment l\u2019agence Reuters, citant des sources italiennes. Tous les adolescents ont r\u00e9ussi \u00e0 s\u2019enfuir avant que le v\u00e9hicule ne soit enti\u00e8rement ravag\u00e9 par les flammes.<\/p>\n<p>Selon la police italienne, l\u2019incendiaire, un Italien d\u2019origine s\u00e9n\u00e9galaise de 47 ans, nomm\u00e9 Ousseynou Sy, aurait agi de la sorte pour protester contre les noyades des migrants\u00a0dans la M\u00e9diterran\u00e9e.\u00a0\u00abArr\u00eatez les morts en mer, je vais faire un massacre\u00bb, aurait-il hurl\u00e9, selon la police.<\/p>\n<div class=\"code-block code-block-1 c3\"><ins class=\"adsbygoogle c2\" data-ad-layout=\"in-article\" data-ad-format=\"fluid\" data-ad-client=\"ca-pub-2102118777505746\" data-ad-slot=\"7301775417\"\/> <\/div>\n<p>Les 51 enfants qui se trouvaient \u00e0 bord du v\u00e9hicule ont r\u00e9ussi \u00e0 s\u2019enfuir. La police a rapport\u00e9 que certains d\u2019entre eux avaient \u00e9t\u00e9 emmen\u00e9s \u00e0 l\u2019h\u00f4pital par mesure de pr\u00e9caution, mais qu\u2019aucun n\u2019avait \u00e9t\u00e9 gravement bless\u00e9.<\/p>\n<div class=\"mvp-org-wrap mvp-org-logo\" itemprop=\"publisher\" itemscope=\"\" itemtype=\"https:\/\/schema.org\/Organization\"><img decoding=\"async\" src=\"https:\/\/www.tunisienumerique.com\/wp-content\/uploads\/2017\/02\/logo_tunisie_numerique.png\"\/><\/div>\n<div class=\"nc_socialPanel swp_flatFresh swp_d_fullColor swp_i_fullColor swp_o_fullColor scale-100 scale-fullWidth\" data-position=\"none\" data-float=\"floatNone\" data-count=\"5\" data-floatcolor=\"#ffffff\" data-emphasize=\"0\">\n<div class=\"nc_tweetContainer totes totesalt\" data-id=\"6\"><span class=\"swp_count\"><span class=\"swp_label\">Partages<\/span> 47<\/span><\/div>\n<\/div>\n<div class=\"mvp-related-posts left relative\">\n<h4 class=\"post-header\"><span class=\"post-header\">Lire aussi<\/span><\/h4>\n<\/div>\n<\/div>\n<p>Auteur: LM<br \/>\n<a href=\"https:\/\/www.tunisienumerique.com\/italie-milan-un-chauffeur-de-bus-de-collegiens-tente-de-bruler-vifs-ses-passagers-en-soutien-aux-migrants\/\">Cliquez ici pour lire l&rsquo;article depuis sa source.<\/a><\/p>\n","protected":false},"excerpt":{"rendered":"<p>Partages 47 Un bus qui transportait des coll\u00e9giens a \u00e9t\u00e9 incendi\u00e9 par son chauffeur dans la banlieue de Milan, en Italie, rapporte notamment l\u2019agence Reuters, citant des sources italiennes. Tous les adolescents ont r\u00e9ussi \u00e0 s\u2019enfuir avant que le v\u00e9hicule ne soit enti\u00e8rement ravag\u00e9 par les flammes. Selon la police italienne, l\u2019incendiaire, un Italien d\u2019origine [&hellip;]<\/p>\n","protected":false},"author":1789,"featured_media":23068,"comment_status":"closed","ping_status":"closed","sticky":false,"template":"","format":"standard","meta":{"fifu_image_url":"","fifu_image_alt":"","footnotes":""},"categories":[73,55],"tags":[],"class_list":["post-23067","post","type-post","status-publish","format-standard","has-post-thumbnail","hentry","category-actualite","category-tunisie"],"_links":{"self":[{"href":"https:\/\/linitiative.ca\/International\/wp-json\/wp\/v2\/posts\/23067","targetHints":{"allow":["GET"]}}],"collection":[{"href":"https:\/\/linitiative.ca\/International\/wp-json\/wp\/v2\/posts"}],"about":[{"href":"https:\/\/linitiative.ca\/International\/wp-json\/wp\/v2\/types\/post"}],"author":[{"embeddable":true,"href":"https:\/\/linitiative.ca\/International\/wp-json\/wp\/v2\/users\/1789"}],"replies":[{"embeddable":true,"href":"https:\/\/linitiative.ca\/International\/wp-json\/wp\/v2\/comments?post=23067"}],"version-history":[{"count":0,"href":"https:\/\/linitiative.ca\/International\/wp-json\/wp\/v2\/posts\/23067\/revisions"}],"wp:featuredmedia":[{"embeddable":true,"href":"https:\/\/linitiative.ca\/International\/wp-json\/"}],"wp:attachment":[{"href":"https:\/\/linitiative.ca\/International\/wp-json\/wp\/v2\/media?parent=23067"}],"wp:term":[{"taxonomy":"category","embeddable":true,"href":"https:\/\/linitiative.ca\/International\/wp-json\/wp\/v2\/categories?post=23067"},{"taxonomy":"post_tag","embeddable":true,"href":"https:\/\/linitiative.ca\/International\/wp-json\/wp\/v2\/tags?post=23067"}],"curies":[{"name":"wp","href":"https:\/\/api.w.org\/{rel}","templated":true}]}}