{"id":23073,"date":"2019-03-20T15:43:22","date_gmt":"2019-03-20T19:43:22","guid":{"rendered":"https:\/\/linitiative.ca\/International\/tunisie-intemperies-chutes-de-neige-dans-la-region-frontaliere-de-kasserine\/"},"modified":"2019-03-20T15:43:22","modified_gmt":"2019-03-20T19:43:22","slug":"tunisie-intemperies-chutes-de-neige-dans-la-region-frontaliere-de-kasserine","status":"publish","type":"post","link":"https:\/\/linitiative.ca\/International\/tunisie-intemperies-chutes-de-neige-dans-la-region-frontaliere-de-kasserine\/","title":{"rendered":"Tunisie \u2013 Intemp\u00e9ries\u00a0: Chutes de neige dans la r\u00e9gion frontali\u00e8re de Kasserine"},"content":{"rendered":"<div class=\"post-cont-in left relative\">\n<div class=\"nc_socialPanel swp_flatFresh swp_d_fullColor swp_i_fullColor swp_o_fullColor scale-100 scale-fullWidth\" data-position=\"none\" data-float=\"floatNone\" data-count=\"5\" data-floatcolor=\"#ffffff\" data-emphasize=\"0\">\n<div class=\"nc_tweetContainer totes totesalt\" data-id=\"6\"><span class=\"swp_count\"><span class=\"swp_label\">Partages<\/span> 143<\/span><\/div>\n<\/div>\n<p>Accompagnant le front d\u2019intemp\u00e9ries et la baisse de temp\u00e9ratures, la neige a fait son apparition, sur les hauteurs de la bande frontali\u00e8re de Kasserine avec l\u2019Alg\u00e9rie.<\/p>\n<p>Une bonne quantit\u00e9 de neige est, en effet, tomb\u00e9e sur les hauteurs de Bouchebka et Dernaia, sans pour autant bloquer la circulation des v\u00e9hicules dans le zone ni au niveau du passage frontalier.<\/p>\n<div class=\"code-block code-block-1 c3\"><ins class=\"adsbygoogle c2\" data-ad-layout=\"in-article\" data-ad-format=\"fluid\" data-ad-client=\"ca-pub-2102118777505746\" data-ad-slot=\"7301775417\"\/> <\/div>\n<div class=\"mvp-org-wrap mvp-org-logo\" itemprop=\"publisher\" itemscope=\"\" itemtype=\"https:\/\/schema.org\/Organization\"><img decoding=\"async\" src=\"https:\/\/www.tunisienumerique.com\/wp-content\/uploads\/2017\/02\/logo_tunisie_numerique.png\"\/><\/div>\n<div class=\"nc_socialPanel swp_flatFresh swp_d_fullColor swp_i_fullColor swp_o_fullColor scale-100 scale-fullWidth\" data-position=\"none\" data-float=\"floatNone\" data-count=\"5\" data-floatcolor=\"#ffffff\" data-emphasize=\"0\">\n<div class=\"nc_tweetContainer totes totesalt\" data-id=\"6\"><span class=\"swp_count\"><span class=\"swp_label\">Partages<\/span> 143<\/span><\/div>\n<\/div>\n<div class=\"mvp-related-posts left relative\">\n<h4 class=\"post-header\"><span class=\"post-header\">Lire aussi<\/span><\/h4>\n<\/div>\n<\/div>\n<p>Auteur: LM<br \/>\n<a href=\"https:\/\/www.tunisienumerique.com\/tunisie-intemperies-chutes-de-neige-dans-la-region-frontaliere-de-kasserine\/\">Cliquez ici pour lire l&rsquo;article depuis sa source.<\/a><\/p>\n","protected":false},"excerpt":{"rendered":"<p>Partages 143 Accompagnant le front d\u2019intemp\u00e9ries et la baisse de temp\u00e9ratures, la neige a fait son apparition, sur les hauteurs de la bande frontali\u00e8re de Kasserine avec l\u2019Alg\u00e9rie. Une bonne quantit\u00e9 de neige est, en effet, tomb\u00e9e sur les hauteurs de Bouchebka et Dernaia, sans pour autant bloquer la circulation des v\u00e9hicules dans le zone [&hellip;]<\/p>\n","protected":false},"author":1789,"featured_media":23074,"comment_status":"closed","ping_status":"closed","sticky":false,"template":"","format":"standard","meta":{"fifu_image_url":"","fifu_image_alt":"","footnotes":""},"categories":[73,55],"tags":[],"class_list":["post-23073","post","type-post","status-publish","format-standard","has-post-thumbnail","hentry","category-actualite","category-tunisie"],"_links":{"self":[{"href":"https:\/\/linitiative.ca\/International\/wp-json\/wp\/v2\/posts\/23073","targetHints":{"allow":["GET"]}}],"collection":[{"href":"https:\/\/linitiative.ca\/International\/wp-json\/wp\/v2\/posts"}],"about":[{"href":"https:\/\/linitiative.ca\/International\/wp-json\/wp\/v2\/types\/post"}],"author":[{"embeddable":true,"href":"https:\/\/linitiative.ca\/International\/wp-json\/wp\/v2\/users\/1789"}],"replies":[{"embeddable":true,"href":"https:\/\/linitiative.ca\/International\/wp-json\/wp\/v2\/comments?post=23073"}],"version-history":[{"count":0,"href":"https:\/\/linitiative.ca\/International\/wp-json\/wp\/v2\/posts\/23073\/revisions"}],"wp:featuredmedia":[{"embeddable":true,"href":"https:\/\/linitiative.ca\/International\/wp-json\/"}],"wp:attachment":[{"href":"https:\/\/linitiative.ca\/International\/wp-json\/wp\/v2\/media?parent=23073"}],"wp:term":[{"taxonomy":"category","embeddable":true,"href":"https:\/\/linitiative.ca\/International\/wp-json\/wp\/v2\/categories?post=23073"},{"taxonomy":"post_tag","embeddable":true,"href":"https:\/\/linitiative.ca\/International\/wp-json\/wp\/v2\/tags?post=23073"}],"curies":[{"name":"wp","href":"https:\/\/api.w.org\/{rel}","templated":true}]}}