{"id":23075,"date":"2019-03-20T15:58:02","date_gmt":"2019-03-20T19:58:02","guid":{"rendered":"https:\/\/linitiative.ca\/International\/crash-du-boeing-dethiopian-airlines-le-constructeur-pointe-du-doigt\/"},"modified":"2019-03-20T15:58:02","modified_gmt":"2019-03-20T19:58:02","slug":"crash-du-boeing-dethiopian-airlines-le-constructeur-pointe-du-doigt","status":"publish","type":"post","link":"https:\/\/linitiative.ca\/International\/crash-du-boeing-dethiopian-airlines-le-constructeur-pointe-du-doigt\/","title":{"rendered":"Crash du Boeing d\u2019Ethiopian Airlines\u00a0: Le constructeur point\u00e9 du doigt"},"content":{"rendered":"<div class=\"post-cont-in left relative\">\n<div class=\"nc_socialPanel swp_flatFresh swp_d_fullColor swp_i_fullColor swp_o_fullColor scale-100 scale-fullWidth\" data-position=\"none\" data-float=\"floatNone\" data-count=\"5\" data-floatcolor=\"#ffffff\" data-emphasize=\"0\">\n<div class=\"nc_tweetContainer totes totesalt\" data-id=\"6\"><span class=\"swp_count\"><span class=\"swp_label\">Partages<\/span> 2<\/span><\/div>\n<\/div>\n<p>La ministre \u00e9thiopienne des Transports a annonc\u00e9 ce mercredi, lors d\u2019un point de presse, que les boites noires de l\u2019appareil qui s\u2019est crash\u00e9, il y a quelques jours apr\u00e8s son d\u00e9collage \u00e0 Adis Abeba, ont \u00e9t\u00e9 r\u00e9cup\u00e9r\u00e9es dans un bon \u00e9tat et que les premiers \u00e9l\u00e9ments de l\u2019enqu\u00eate ont mis en \u00e9vidence un d\u00e9faut de fabrication du constructeur Boeing, au niveau des syst\u00e8mes de stabilisation. Les m\u00eames d\u00e9fauts qui avaient caus\u00e9 le crash d\u2019un appareil similaire indon\u00e9sien, cinq mois auparavant et qui avait caus\u00e9 le d\u00e9c\u00e8s de 189 personnes.<\/p>\n<p>Ces affirmations mettent le constructeur am\u00e9ricain dans un grand embarras, sachant que depuis ce dernier crash, la plupart des pays ont interdit le survol de leurs territoires par ce genre d\u2019avions et les compagnies qui en poss\u00e8dent ont d\u00e9cid\u00e9 de les clouer au sol.<\/p>\n<div class=\"code-block code-block-1 c3\"><ins class=\"adsbygoogle c2\" data-ad-layout=\"in-article\" data-ad-format=\"fluid\" data-ad-client=\"ca-pub-2102118777505746\" data-ad-slot=\"7301775417\"\/> <\/div>\n<div class=\"mvp-org-wrap mvp-org-logo\" itemprop=\"publisher\" itemscope=\"\" itemtype=\"https:\/\/schema.org\/Organization\"><img decoding=\"async\" src=\"https:\/\/www.tunisienumerique.com\/wp-content\/uploads\/2017\/02\/logo_tunisie_numerique.png\"\/><\/div>\n<div class=\"nc_socialPanel swp_flatFresh swp_d_fullColor swp_i_fullColor swp_o_fullColor scale-100 scale-fullWidth\" data-position=\"none\" data-float=\"floatNone\" data-count=\"5\" data-floatcolor=\"#ffffff\" data-emphasize=\"0\">\n<div class=\"nc_tweetContainer totes totesalt\" data-id=\"6\"><span class=\"swp_count\"><span class=\"swp_label\">Partages<\/span> 2<\/span><\/div>\n<\/div>\n<div class=\"mvp-related-posts left relative\">\n<h4 class=\"post-header\"><span class=\"post-header\">Lire aussi<\/span><\/h4>\n<\/div>\n<\/div>\n<p>Auteur: LM<br \/>\n<a href=\"https:\/\/www.tunisienumerique.com\/crash-du-boeing-dethiopian-airlines-le-constructeur-pointe-du-doigt\/\">Cliquez ici pour lire l&rsquo;article depuis sa source.<\/a><\/p>\n","protected":false},"excerpt":{"rendered":"<p>Partages 2 La ministre \u00e9thiopienne des Transports a annonc\u00e9 ce mercredi, lors d\u2019un point de presse, que les boites noires de l\u2019appareil qui s\u2019est crash\u00e9, il y a quelques jours apr\u00e8s son d\u00e9collage \u00e0 Adis Abeba, ont \u00e9t\u00e9 r\u00e9cup\u00e9r\u00e9es dans un bon \u00e9tat et que les premiers \u00e9l\u00e9ments de l\u2019enqu\u00eate ont mis en \u00e9vidence un [&hellip;]<\/p>\n","protected":false},"author":1789,"featured_media":23076,"comment_status":"closed","ping_status":"closed","sticky":false,"template":"","format":"standard","meta":{"fifu_image_url":"","fifu_image_alt":"","footnotes":""},"categories":[73,55],"tags":[],"class_list":["post-23075","post","type-post","status-publish","format-standard","has-post-thumbnail","hentry","category-actualite","category-tunisie"],"_links":{"self":[{"href":"https:\/\/linitiative.ca\/International\/wp-json\/wp\/v2\/posts\/23075","targetHints":{"allow":["GET"]}}],"collection":[{"href":"https:\/\/linitiative.ca\/International\/wp-json\/wp\/v2\/posts"}],"about":[{"href":"https:\/\/linitiative.ca\/International\/wp-json\/wp\/v2\/types\/post"}],"author":[{"embeddable":true,"href":"https:\/\/linitiative.ca\/International\/wp-json\/wp\/v2\/users\/1789"}],"replies":[{"embeddable":true,"href":"https:\/\/linitiative.ca\/International\/wp-json\/wp\/v2\/comments?post=23075"}],"version-history":[{"count":0,"href":"https:\/\/linitiative.ca\/International\/wp-json\/wp\/v2\/posts\/23075\/revisions"}],"wp:featuredmedia":[{"embeddable":true,"href":"https:\/\/linitiative.ca\/International\/wp-json\/"}],"wp:attachment":[{"href":"https:\/\/linitiative.ca\/International\/wp-json\/wp\/v2\/media?parent=23075"}],"wp:term":[{"taxonomy":"category","embeddable":true,"href":"https:\/\/linitiative.ca\/International\/wp-json\/wp\/v2\/categories?post=23075"},{"taxonomy":"post_tag","embeddable":true,"href":"https:\/\/linitiative.ca\/International\/wp-json\/wp\/v2\/tags?post=23075"}],"curies":[{"name":"wp","href":"https:\/\/api.w.org\/{rel}","templated":true}]}}