{"id":23077,"date":"2019-03-20T16:23:00","date_gmt":"2019-03-20T20:23:00","guid":{"rendered":"https:\/\/linitiative.ca\/International\/tunisie-tabboubi-repond-favorablement-a-lappel-a-lunion-nationale-lance-par-bce\/"},"modified":"2019-03-20T16:23:00","modified_gmt":"2019-03-20T20:23:00","slug":"tunisie-tabboubi-repond-favorablement-a-lappel-a-lunion-nationale-lance-par-bce","status":"publish","type":"post","link":"https:\/\/linitiative.ca\/International\/tunisie-tabboubi-repond-favorablement-a-lappel-a-lunion-nationale-lance-par-bce\/","title":{"rendered":"Tunisie \u2013 Tabboubi r\u00e9pond favorablement \u00e0 l\u2019appel \u00e0 l\u2019Union nationale lanc\u00e9 par BCE"},"content":{"rendered":"<div class=\"post-cont-in left relative\">\n<div class=\"nc_socialPanel swp_flatFresh swp_d_fullColor swp_i_fullColor swp_o_fullColor scale-100 scale-fullWidth\" data-position=\"none\" data-float=\"floatNone\" data-count=\"5\" data-floatcolor=\"#ffffff\" data-emphasize=\"0\">\n<div class=\"nc_tweetContainer totes totesalt\" data-id=\"6\"><span class=\"swp_count\"><span class=\"swp_label\">Partages<\/span> 12<\/span><\/div>\n<\/div>\n<p>Le Secr\u00e9taire g\u00e9n\u00e9ral de l\u2019UGTT, Noureddine Tabboubi a d\u00e9clar\u00e9, \u00e0 l\u2019issue de sa participation, ce mercredi, \u00e0 la comm\u00e9moration de la f\u00eate de l\u2019ind\u00e9pendance que le syndicat r\u00e9pondrait favorablement \u00e0 l\u2019appel lanc\u00e9 par le pr\u00e9sident de la R\u00e9publique \u00e0 l\u2019union nationale, pourvu, a-t-il pr\u00e9cis\u00e9, qu\u2019elle se fasse autour de projets visant \u00e0 sauver le pays de sa situation financi\u00e8re catastrophique qui se r\u00e9percute de fa\u00e7on dramatique sur le citoyen et son pouvoir d\u2019achat.<\/p>\n<p>Tabboubi a ajout\u00e9 que l\u2019UGTT n\u2019a aucune animosit\u00e9 envers quiconque, pour le principe. Mais ses conflits avec certaines parties reposent sur les politiques, essentiellement, sociales et financi\u00e8res. Il a, par ailleurs, tenu \u00e0 pr\u00e9ciser que cette union nationale devra s\u2019attaquer, r\u00e9ellement, aux probl\u00e8mes du pays et des citoyens et ne pas se limiter \u00e0 redorer une image en r\u00e9alit\u00e9 sombre.<\/p>\n<div class=\"code-block code-block-1 c3\"><ins class=\"adsbygoogle c2\" data-ad-layout=\"in-article\" data-ad-format=\"fluid\" data-ad-client=\"ca-pub-2102118777505746\" data-ad-slot=\"7301775417\"\/> <\/div>\n<div class=\"mvp-org-wrap mvp-org-logo\" itemprop=\"publisher\" itemscope=\"\" itemtype=\"https:\/\/schema.org\/Organization\"><img decoding=\"async\" src=\"https:\/\/www.tunisienumerique.com\/wp-content\/uploads\/2017\/02\/logo_tunisie_numerique.png\"\/><\/div>\n<div class=\"nc_socialPanel swp_flatFresh swp_d_fullColor swp_i_fullColor swp_o_fullColor scale-100 scale-fullWidth\" data-position=\"none\" data-float=\"floatNone\" data-count=\"5\" data-floatcolor=\"#ffffff\" data-emphasize=\"0\">\n<div class=\"nc_tweetContainer totes totesalt\" data-id=\"6\"><span class=\"swp_count\"><span class=\"swp_label\">Partages<\/span> 12<\/span><\/div>\n<\/div>\n<div class=\"mvp-related-posts left relative\">\n<h4 class=\"post-header\"><span class=\"post-header\">Lire aussi<\/span><\/h4>\n<\/div>\n<\/div>\n<p>Auteur: LM<br \/>\n<a href=\"https:\/\/www.tunisienumerique.com\/tunisie-tabboubi-repond-favorablement-a-lappel-a-lunion-nationale-lance-par-bce\/\">Cliquez ici pour lire l&rsquo;article depuis sa source.<\/a><\/p>\n","protected":false},"excerpt":{"rendered":"<p>Partages 12 Le Secr\u00e9taire g\u00e9n\u00e9ral de l\u2019UGTT, Noureddine Tabboubi a d\u00e9clar\u00e9, \u00e0 l\u2019issue de sa participation, ce mercredi, \u00e0 la comm\u00e9moration de la f\u00eate de l\u2019ind\u00e9pendance que le syndicat r\u00e9pondrait favorablement \u00e0 l\u2019appel lanc\u00e9 par le pr\u00e9sident de la R\u00e9publique \u00e0 l\u2019union nationale, pourvu, a-t-il pr\u00e9cis\u00e9, qu\u2019elle se fasse autour de projets visant \u00e0 sauver [&hellip;]<\/p>\n","protected":false},"author":1789,"featured_media":23078,"comment_status":"closed","ping_status":"closed","sticky":false,"template":"","format":"standard","meta":{"fifu_image_url":"","fifu_image_alt":"","footnotes":""},"categories":[73,55],"tags":[],"class_list":["post-23077","post","type-post","status-publish","format-standard","has-post-thumbnail","hentry","category-actualite","category-tunisie"],"_links":{"self":[{"href":"https:\/\/linitiative.ca\/International\/wp-json\/wp\/v2\/posts\/23077","targetHints":{"allow":["GET"]}}],"collection":[{"href":"https:\/\/linitiative.ca\/International\/wp-json\/wp\/v2\/posts"}],"about":[{"href":"https:\/\/linitiative.ca\/International\/wp-json\/wp\/v2\/types\/post"}],"author":[{"embeddable":true,"href":"https:\/\/linitiative.ca\/International\/wp-json\/wp\/v2\/users\/1789"}],"replies":[{"embeddable":true,"href":"https:\/\/linitiative.ca\/International\/wp-json\/wp\/v2\/comments?post=23077"}],"version-history":[{"count":0,"href":"https:\/\/linitiative.ca\/International\/wp-json\/wp\/v2\/posts\/23077\/revisions"}],"wp:featuredmedia":[{"embeddable":true,"href":"https:\/\/linitiative.ca\/International\/wp-json\/"}],"wp:attachment":[{"href":"https:\/\/linitiative.ca\/International\/wp-json\/wp\/v2\/media?parent=23077"}],"wp:term":[{"taxonomy":"category","embeddable":true,"href":"https:\/\/linitiative.ca\/International\/wp-json\/wp\/v2\/categories?post=23077"},{"taxonomy":"post_tag","embeddable":true,"href":"https:\/\/linitiative.ca\/International\/wp-json\/wp\/v2\/tags?post=23077"}],"curies":[{"name":"wp","href":"https:\/\/api.w.org\/{rel}","templated":true}]}}