{"id":23079,"date":"2019-03-20T17:02:35","date_gmt":"2019-03-20T21:02:35","guid":{"rendered":"https:\/\/linitiative.ca\/International\/tunisie-le-discours-mi-figue-mi-raisin-de-beji-caied-essebsi\/"},"modified":"2019-03-20T17:02:35","modified_gmt":"2019-03-20T21:02:35","slug":"tunisie-le-discours-mi-figue-mi-raisin-de-beji-caied-essebsi","status":"publish","type":"post","link":"https:\/\/linitiative.ca\/International\/tunisie-le-discours-mi-figue-mi-raisin-de-beji-caied-essebsi\/","title":{"rendered":"Tunisie \u2013 Le discours mi-figue mi-raisin de B\u00e9ji Ca\u00efed Essebsi"},"content":{"rendered":"<div class=\"post-cont-in left relative\">\n<div class=\"nc_socialPanel swp_flatFresh swp_d_fullColor swp_i_fullColor swp_o_fullColor scale-100 scale-fullWidth\" data-position=\"none\" data-float=\"floatNone\" data-count=\"5\" data-floatcolor=\"#ffffff\" data-emphasize=\"0\">\n<div class=\"nc_tweetContainer totes totesalt\" data-id=\"6\"><span class=\"swp_count\"><span class=\"swp_label\">Partages<\/span> 0<\/span><\/div>\n<\/div>\n<p>Le pr\u00e9sident de la R\u00e9publique a tenu ce mercredi, au palais de Carthage, un discours que d\u2019aucuns n\u2019ont pas pu comprendre. Ils n\u2019ont pas pu saisir o\u00f9 voulait en venir le pr\u00e9sident, notamment, en ce qui concerne, une \u00e9ventuelle \u00ab\u00a0r\u00e9conciliation\u00a0\u00bb avec Youssef Chahed.<\/p>\n<p>En effet, apr\u00e8s sa coutumi\u00e8re introduction relevant plus du cours d\u2019histoire et de l\u2019exercice de m\u00e9moire, BCE s\u2019est lanc\u00e9 dans une triste revue de la situation du pays. Il a mis l\u2019accent sur deux \u00e9l\u00e9ments essentiels.<\/p>\n<div class=\"code-block code-block-1 c3\"><ins class=\"adsbygoogle c2\" data-ad-layout=\"in-article\" data-ad-format=\"fluid\" data-ad-client=\"ca-pub-2102118777505746\" data-ad-slot=\"7301775417\"\/> <\/div>\n<p>Premi\u00e8rement il s\u2019est int\u00e9ress\u00e9, de fa\u00e7on particuli\u00e8re aux chiffres qui sont tous au rouge, en ce qui concerne les finances et l\u2019endettement du pays.<\/p>\n<p>Ensuite, il a tenu \u00e0 op\u00e9rer des comparaisons de ces indicateurs entre 2010 et 2018, laissant croire qu\u2019il remettait en question les r\u00e9sultats, voire m\u00eame, le bien fond\u00e9 de la r\u00e9volution qui a conduit \u00e0 cette situation d\u00e9sastreuse. Mais le plus important, c\u2019est qu\u2019il a, dans ces comparaisons, tenu \u00e0 citer les chiffres de 2016. Une sorte de mise en exergue les r\u00e9sultats propres des gouvernements de Youssef Chahed. Les chiffres qu\u2019il a donn\u00e9 ont \u00e9t\u00e9 plus que parlants, montrant une aggravation sans pr\u00e9c\u00e9dant des finances du pays, depuis la prise de fonction de Youssef Chahed, \u00e0 la t\u00eate du gouvernement.<\/p>\n<p>Aors que tout le monde s\u2019attendait \u00e0 ce qu\u2019il\u00a0s\u2019adonne au plaisir de \u00ab\u00a0charcuter\u00a0\u00bb Youssef Chahed et son \u00e9quipe qui \u00e9taient en face de lui dans la salle, ne voil\u00e0-t-il pas que BCE, op\u00e8re un virage de 180 degr\u00e9s et se met carr\u00e9ment, \u00e0 courtiser Youssef Chahed, en plein public, souhaitant carr\u00e9ment son retour au bercail, c\u2019est-\u00e0-dire \u00e0 la maison Nidaa Tounes. Mais fut\u00e9 comme il est, BCE n\u2019a pas voulu qu\u2019on comprenne son clin d\u2019\u0153il \u00e0 Youssef Chahed comme un aveu de faiblesse ou de d\u00e9faite, c\u2019est pour cela qu\u2019il a expliqu\u00e9 cet appel du pied, par la n\u00e9cessit\u00e9 absolue pour la Tunisie, en tant que seule et unique solution, de revenir \u00e0 la case de l\u2019union nationale, autour d\u2019un projet de sauvetage. Une union qui ne doit exclure personne, selon ses propres termes.<\/p>\n<p>En fin de compte, BCE a-t-il voulu humilier Chahed, ce 20 mars en \u00e9num\u00e9rant ses \u00ab\u00a0prouesses\u00a0\u00bb, ou a-t-il voulu lui lancer un clin d\u2019\u0153il pour lui signifier qu\u2019il \u00e9tait toujours le bienvenu \u00e0 Nidaa Tounes\u00a0?<\/p>\n<p>Il faudrait s\u2019appeler B\u00e9ji Ca\u00efed Essebsi pour comprendre ce qui se passe dans la t\u00eate de B\u00e9ji Ca\u00efed Essebsi\u00a0!<\/p>\n<div class=\"mvp-org-wrap mvp-org-logo\" itemprop=\"publisher\" itemscope=\"\" itemtype=\"https:\/\/schema.org\/Organization\"><img decoding=\"async\" src=\"https:\/\/www.tunisienumerique.com\/wp-content\/uploads\/2017\/02\/logo_tunisie_numerique.png\"\/><\/div>\n<div class=\"nc_socialPanel swp_flatFresh swp_d_fullColor swp_i_fullColor swp_o_fullColor scale-100 scale-fullWidth\" data-position=\"none\" data-float=\"floatNone\" data-count=\"5\" data-floatcolor=\"#ffffff\" data-emphasize=\"0\">\n<div class=\"nc_tweetContainer totes totesalt\" data-id=\"6\"><span class=\"swp_count\"><span class=\"swp_label\">Partages<\/span> 0<\/span><\/div>\n<\/div>\n<div class=\"mvp-related-posts left relative\">\n<h4 class=\"post-header\"><span class=\"post-header\">Lire aussi<\/span><\/h4>\n<\/div>\n<\/div>\n<p>Auteur: Ramsis<br \/>\n<a href=\"https:\/\/www.tunisienumerique.com\/tunisie-le-discours-mi-figue-mi-raisin-de-beji-caied-essebsi\/\">Cliquez ici pour lire l&rsquo;article depuis sa source.<\/a><\/p>\n","protected":false},"excerpt":{"rendered":"<p>Partages 0 Le pr\u00e9sident de la R\u00e9publique a tenu ce mercredi, au palais de Carthage, un discours que d\u2019aucuns n\u2019ont pas pu comprendre. Ils n\u2019ont pas pu saisir o\u00f9 voulait en venir le pr\u00e9sident, notamment, en ce qui concerne, une \u00e9ventuelle \u00ab\u00a0r\u00e9conciliation\u00a0\u00bb avec Youssef Chahed. En effet, apr\u00e8s sa coutumi\u00e8re introduction relevant plus du cours [&hellip;]<\/p>\n","protected":false},"author":1789,"featured_media":23080,"comment_status":"closed","ping_status":"closed","sticky":false,"template":"","format":"standard","meta":{"fifu_image_url":"","fifu_image_alt":"","footnotes":""},"categories":[73,55],"tags":[],"class_list":["post-23079","post","type-post","status-publish","format-standard","has-post-thumbnail","hentry","category-actualite","category-tunisie"],"_links":{"self":[{"href":"https:\/\/linitiative.ca\/International\/wp-json\/wp\/v2\/posts\/23079","targetHints":{"allow":["GET"]}}],"collection":[{"href":"https:\/\/linitiative.ca\/International\/wp-json\/wp\/v2\/posts"}],"about":[{"href":"https:\/\/linitiative.ca\/International\/wp-json\/wp\/v2\/types\/post"}],"author":[{"embeddable":true,"href":"https:\/\/linitiative.ca\/International\/wp-json\/wp\/v2\/users\/1789"}],"replies":[{"embeddable":true,"href":"https:\/\/linitiative.ca\/International\/wp-json\/wp\/v2\/comments?post=23079"}],"version-history":[{"count":0,"href":"https:\/\/linitiative.ca\/International\/wp-json\/wp\/v2\/posts\/23079\/revisions"}],"wp:featuredmedia":[{"embeddable":true,"href":"https:\/\/linitiative.ca\/International\/wp-json\/"}],"wp:attachment":[{"href":"https:\/\/linitiative.ca\/International\/wp-json\/wp\/v2\/media?parent=23079"}],"wp:term":[{"taxonomy":"category","embeddable":true,"href":"https:\/\/linitiative.ca\/International\/wp-json\/wp\/v2\/categories?post=23079"},{"taxonomy":"post_tag","embeddable":true,"href":"https:\/\/linitiative.ca\/International\/wp-json\/wp\/v2\/tags?post=23079"}],"curies":[{"name":"wp","href":"https:\/\/api.w.org\/{rel}","templated":true}]}}