{"id":23081,"date":"2019-03-20T16:01:50","date_gmt":"2019-03-20T20:01:50","guid":{"rendered":"https:\/\/linitiative.ca\/International\/contestation-des-mesures-de-la-reunion-inter-institutionnelle-le-fcc-peut-il-donner-des-lecons-de-legalite-a-tshisekedi\/"},"modified":"2019-03-20T16:01:50","modified_gmt":"2019-03-20T20:01:50","slug":"contestation-des-mesures-de-la-reunion-inter-institutionnelle-le-fcc-peut-il-donner-des-lecons-de-legalite-a-tshisekedi","status":"publish","type":"post","link":"https:\/\/linitiative.ca\/International\/contestation-des-mesures-de-la-reunion-inter-institutionnelle-le-fcc-peut-il-donner-des-lecons-de-legalite-a-tshisekedi\/","title":{"rendered":"CONTESTATION DES MESURES DE LA REUNION INTER-INSTITUTIONNELLE :  Le FCC peut-il donner des le\u00e7ons de l\u00e9galit\u00e9 \u00e0 Tshis\u00e9k\u00e9di ?"},"content":{"rendered":"<p><img decoding=\"async\" class=\"post_layout_5_img\" src=\"http:\/\/lepays.bf\/wp-content\/uploads\/2019\/03\/felix-1.jpg\" alt=\"CONTESTATION DES MESURES DE LA REUNION INTER-INSTITUTIONNELLE : Le FCC peut-il donner des le\u00e7ons de l\u00e9galit\u00e9 \u00e0 Tshis\u00e9k\u00e9di ?\"\/><\/p>\n<p class=\"c4\"><em>Installation du S\u00e9nat suspendue, \u00e9lection des gouverneurs et vice-gouverneurs, report\u00e9e sine die. C\u2019\u00e9taient, on s\u2019en souvient, les principales d\u00e9cisions prises \u00e0 l\u2019issue de la \u00ab\u00a0r\u00e9union institutionnelle\u00a0\u00bb tenue, le 18 mars dernier \u00e0 Kinshasa, sous la pr\u00e9sidence du dirigeant congolais, F\u00e9lix Tshisekedi. Des mesures rest\u00e9es manifestement en travers de la gorge de regroupements politiques, parmi lesquels le Front commun pour le Congo (FCC), la plateforme de Joseph Kabila, qui n\u2019ont pas manqu\u00e9 de r\u00e9agir avec hargne et v\u00e9h\u00e9mence. Pour le FCC, cette r\u00e9union ne se pr\u00e9sente pas plus \u00e0 ses yeux, qu\u2019un \u00ab\u00a0cadre de concertation qui ne dispose d\u2019aucun pouvoir de d\u00e9cision et qui ne devrait plut\u00f4t que se limiter \u00e0 la formulation de recommandations qui seraient adress\u00e9es aux institutions constitutionnellement \u00e9tablies\u00a0\u00bb. La l\u00e9gitimit\u00e9 de la r\u00e9union est tout aussi remise en cause par le Mouvement de Lib\u00e9ration du Congo (MLC) de Jean -Pierre Bemba, qui se fait fort d\u2019\u00e9voquer une rencontre \u00ab d\u00e9pourvue de tout pouvoir d\u00e9cisionnel \u00bb. En clair, ceux qui ont donn\u00e9 de la voix, ne veulent voir en cette r\u00e9union interinstitutionnelle, qu\u2019une rencontre \u00ab\u00a0informelle\u00a0\u00bb, les plus remont\u00e9s allant jusqu\u2019\u00e0 accuser F\u00e9lix Tshis\u00e9k\u00e9di d\u2019avoir viol\u00e9 la Constitution. Il n\u2019est pas superflu de rappeler que ces mesures \u00ab\u00a0fortes\u00a0\u00bb selon le pouvoir actuel, font suite au coup de sang de partisans de l\u2019Union pour la d\u00e9mocratie et le progr\u00e8s social (UDPS), le parti au pouvoir, qui d\u00e9non\u00e7aient r\u00e9cemment la large majorit\u00e9 engrang\u00e9e par le FCC aux derni\u00e8res \u00e9lections, \u00e0 l\u2019issue desquelles leur parti n\u2019aura obtenu qu\u2019un si\u00e8ge et sa coalition \u00e9lectorale, le Cach (Cap pour le changement), trois. Ils n\u2019avaient pas tard\u00e9 \u00e0 crier \u00e0 un vaste vaudeville \u00e9lectoral. Rien de surprenant donc que ces mesures \u00ab\u00a0fortes\u00a0\u00bb ne soient pas du tout du go\u00fbt du FCC d\u2019autant qu\u2019elles risquent de compromettre dangereusement ses int\u00e9r\u00eats.<\/em><\/p>\n<p><strong>Face \u00e0 la pol\u00e9mique, il faut se f\u00e9liciter de la prise de ces mesures conservatoires<\/strong><\/p>\n<p class=\"c4\"><em>Quant au MLC, sa d\u00e9nonciation de ces d\u00e9cisions pourrait, quelque part, avoir \u00e9t\u00e9 guid\u00e9e et nourrie par le ressentiment. Sans doute ce parti ne veut-il toujours pas voir, m\u00eame en peinture, Fatshi qui aura, on se rappelle, jou\u00e9 les Judas au sein de la coalition de partis dont le MLC, lesquels avaient d\u00e9cid\u00e9 de constituer un front uni contre Kabila aux fins de faire \u00e9chec \u00e0 ses ambitions de l\u2019\u00e9poque. Pour autant, ceux qui contestent ces mesures sont-ils en droit d\u2019accuser le pr\u00e9sident Tshis\u00e9k\u00e9di d\u2019avoir viol\u00e9 la Constitution et d\u2019avoir outrepass\u00e9 ses pr\u00e9rogatives\u00a0? Et puis, l\u00e9galit\u00e9 pour l\u00e9galit\u00e9, le FCC de Joseph Kabila, est-il bien plac\u00e9 pour faire la morale et donner des le\u00e7ons de d\u00e9mocratie au successeur de Kabila, au regard de la gouvernance calamiteuse qui a caract\u00e9ris\u00e9 les ann\u00e9es de r\u00e8gne de ce dernier\u00a0? Toujours est-il que dans le camp pr\u00e9sidentiel, face au toll\u00e9 que la pol\u00e9mique a suscit\u00e9 autour de ce report et de cette suspension, on se d\u00e9fend. \u00ab\u00a0Ces d\u00e9cisions, souligne-t-on, ont \u00e9t\u00e9 prises non pas par la r\u00e9union interinstitutionnelle, mais par le Chef de l\u2019Etat, en tant que garant de la Nation et garant du bon fonctionnement des institutions de la R\u00e9publique\u00a0\u00bb. Si tel est le cas, alors quel mal y a-t-il pour un pr\u00e9sident comme Tshisekedi et surtout dans le contexte qui est en ce moment celui de la RDC, \u00e0 vouloir affirmer son autorit\u00e9 en s\u2019employant \u00e0 faire r\u00e9gner l\u2019ordre ? C\u2019est dire si l\u2019argument de ses d\u00e9tracteurs ne para\u00eet pas solidement d\u00e9fendable. M\u00eame si ces derniers affirment que le pr\u00e9sident congolais aurait c\u00e9d\u00e9 \u00e0 l\u2019\u00e9motion face au mouvement d\u2019humeur de ses partisans et disent regretter qu\u2019une affaire priv\u00e9e d\u2019un parti prenne toute la R\u00e9publique en otage. Une chose est s\u00fbre\u00a0: la remise en cause de cette r\u00e9union les aurait arrang\u00e9s qu\u2019ils n\u2019auraient pas \u00e9mis la moindre critique. En tous les cas, s\u2019il y a v\u00e9ritablement eu corruption \u00e9lectorale, sous le couvert ou dans l\u2019indiff\u00e9rence totale d\u2019institutions qui n\u2019auraient pas alors convenablement jou\u00e9 leur r\u00f4le, les Congolais doivent savoir la v\u00e9rit\u00e9, peu importe si cela doit menacer les int\u00e9r\u00eats d\u2019un camp. Et l\u2019on ne peut pas reprocher au pr\u00e9sident congolais d\u2019avoir agi voire tap\u00e9 du poing sur la table. Il n\u2019aurait pas r\u00e9agi qu\u2019il aurait continu\u00e9 \u00e0 passer pour un chef d\u2019Etat fantoche, seulement attach\u00e9 aux privil\u00e8ges de la fonction. Sans doute a-t-il compris la n\u00e9cessit\u00e9 de s\u2019affranchir de Kabila, comme le lui aurait, du reste, sugg\u00e9r\u00e9 le pr\u00e9sident fran\u00e7ais Emmanuel Macron. Tout porte, en tout cas, \u00e0 croire que ces mesures participent de cette volont\u00e9 de s\u2019affirmer. Auxquelles mesures il faudra d\u00e9sormais ajouter les changements qu\u2019il vient d\u2019op\u00e9rer \u00e0 la t\u00eate de la tr\u00e8s redout\u00e9e et tr\u00e8s critiqu\u00e9e ANR (Agence nationale de renseignements), avec le d\u00e9part de son patron, sous sanctions de l\u2019Union europ\u00e9enne (UE). Cela dit, face \u00e0 la pol\u00e9mique, il faut se f\u00e9liciter de la prise de ces mesures conservatoires. Des enqu\u00eates sont en cours et il appartiendra \u00e0 la Justice de se prononcer. En fait, l\u2019inqui\u00e9tude des m\u00e9contents, du reste, partag\u00e9e par la soci\u00e9t\u00e9 civile congolaise, devait plut\u00f4t \u00eatre ailleurs, \u00e0 savoir quelle \u00e9ch\u00e9ance se donnera la Justice pour mener ses enqu\u00eates sur les soup\u00e7ons de corruption\u00a0? Tout le mal qu\u2019on puisse lui souhaiter, c\u2019est qu\u2019elle se donne un d\u00e9lai raisonnable et surtout qu\u2019elle fasse preuve d\u2019ind\u00e9pendance.<\/em><\/p>\n<p><strong>\u00ab\u00a0Le Pays\u00a0\u00bb<\/strong><\/p>\n<p>Auteur: Le Pays<br \/>\n<a href=\"http:\/\/lepays.bf\/contestation-des-mesures-de-la-reunion-inter-institutionnelle-le-fcc-peut-il-donner-des-lecons-de-legalite-a-tshisekedi\/\">Cliquez ici pour lire l&rsquo;article depuis sa source.<\/a><\/p>\n","protected":false},"excerpt":{"rendered":"<p>Installation du S\u00e9nat suspendue, \u00e9lection des gouverneurs et vice-gouverneurs, report\u00e9e sine die. C\u2019\u00e9taient, on s\u2019en souvient, les principales d\u00e9cisions prises \u00e0 l\u2019issue de la \u00ab\u00a0r\u00e9union institutionnelle\u00a0\u00bb tenue, le 18 mars dernier \u00e0 Kinshasa, sous la pr\u00e9sidence du dirigeant congolais, F\u00e9lix Tshisekedi. Des mesures rest\u00e9es manifestement en travers de la gorge de regroupements politiques, parmi lesquels [&hellip;]<\/p>\n","protected":false},"author":1813,"featured_media":23082,"comment_status":"closed","ping_status":"closed","sticky":false,"template":"","format":"standard","meta":{"fifu_image_url":"","fifu_image_alt":"","footnotes":""},"categories":[73,81],"tags":[],"class_list":["post-23081","post","type-post","status-publish","format-standard","has-post-thumbnail","hentry","category-actualite","category-burkina-faso"],"_links":{"self":[{"href":"https:\/\/linitiative.ca\/International\/wp-json\/wp\/v2\/posts\/23081","targetHints":{"allow":["GET"]}}],"collection":[{"href":"https:\/\/linitiative.ca\/International\/wp-json\/wp\/v2\/posts"}],"about":[{"href":"https:\/\/linitiative.ca\/International\/wp-json\/wp\/v2\/types\/post"}],"author":[{"embeddable":true,"href":"https:\/\/linitiative.ca\/International\/wp-json\/wp\/v2\/users\/1813"}],"replies":[{"embeddable":true,"href":"https:\/\/linitiative.ca\/International\/wp-json\/wp\/v2\/comments?post=23081"}],"version-history":[{"count":0,"href":"https:\/\/linitiative.ca\/International\/wp-json\/wp\/v2\/posts\/23081\/revisions"}],"wp:featuredmedia":[{"embeddable":true,"href":"https:\/\/linitiative.ca\/International\/wp-json\/"}],"wp:attachment":[{"href":"https:\/\/linitiative.ca\/International\/wp-json\/wp\/v2\/media?parent=23081"}],"wp:term":[{"taxonomy":"category","embeddable":true,"href":"https:\/\/linitiative.ca\/International\/wp-json\/wp\/v2\/categories?post=23081"},{"taxonomy":"post_tag","embeddable":true,"href":"https:\/\/linitiative.ca\/International\/wp-json\/wp\/v2\/tags?post=23081"}],"curies":[{"name":"wp","href":"https:\/\/api.w.org\/{rel}","templated":true}]}}