{"id":23089,"date":"2019-03-19T18:47:36","date_gmt":"2019-03-19T22:47:36","guid":{"rendered":"https:\/\/linitiative.ca\/International\/le-livre-blanc-2018-en-cours-de-validation\/"},"modified":"2019-03-19T18:47:36","modified_gmt":"2019-03-19T22:47:36","slug":"le-livre-blanc-2018-en-cours-de-validation","status":"publish","type":"post","link":"https:\/\/linitiative.ca\/International\/le-livre-blanc-2018-en-cours-de-validation\/","title":{"rendered":"Le livre blanc 2018 en cours de validation"},"content":{"rendered":"<div class=\"td-post-featured-image\"><a href=\"https:\/\/i2.wp.com\/www.sidwaya.info\/wp-content\/uploads\/2019\/03\/livreblanc.jpg?fit=787%2C443&#038;ssl=1\" data-caption=\"\"><img loading=\"lazy\" decoding=\"async\" width=\"696\" height=\"392\" class=\"entry-thumb td-modal-image\" src=\"https:\/\/i2.wp.com\/www.sidwaya.info\/wp-content\/uploads\/2019\/03\/livreblanc.jpg?resize=696%2C392&#038;ssl=1\" srcset=\"https:\/\/i2.wp.com\/www.sidwaya.info\/wp-content\/uploads\/2019\/03\/livreblanc.jpg?w=787&#038;ssl=1 787w, https:\/\/i2.wp.com\/www.sidwaya.info\/wp-content\/uploads\/2019\/03\/livreblanc.jpg?resize=300%2C169&#038;ssl=1 300w, https:\/\/i2.wp.com\/www.sidwaya.info\/wp-content\/uploads\/2019\/03\/livreblanc.jpg?resize=768%2C432&#038;ssl=1 768w, https:\/\/i2.wp.com\/www.sidwaya.info\/wp-content\/uploads\/2019\/03\/livreblanc.jpg?resize=696%2C392&#038;ssl=1 696w, https:\/\/i2.wp.com\/www.sidwaya.info\/wp-content\/uploads\/2019\/03\/livreblanc.jpg?resize=746%2C420&#038;ssl=1 746w\" sizes=\"auto, (max-width: 696px) 100vw, 696px\" alt=\"\" title=\"livreblanc\"\/><\/a><\/div>\n<div class=\"td-a-rec td-a-rec-id-content_top td_uid_30_5c92b43542647_rand td_block_template_1\"><img loading=\"lazy\" decoding=\"async\" class=\"aligncenter size-full wp-image-4463\" src=\"https:\/\/www.sidwaya.info\/wp-content\/uploads\/2019\/02\/FESPACO-TOUR-2019-Bannie%CC%80re-728x90-1.jpg\" alt=\"\" width=\"728\" height=\"90\"\/><\/div>\n<p><strong>Le minist\u00e8re de la Fonction publique, du Travail et de la Protection sociale a organis\u00e9, le mardi 19 mars 2019 \u00e0 Ouagadougou, un atelier de validation du livre blanc sur la fonction publique, \u00e9dition 2018.<\/strong><\/p>\n<p>La transparence est l\u2019un des principes fondamentaux de la bonne gouvernance dans le service public. C\u2019est du moins la conviction du Minist\u00e8re de la Fonction publique, du Travail et de la Protection sociale (MFPTPS) qui a entrepris depuis 2008 la r\u00e9daction d\u2019un livre blanc sur la fonction publique, le travail et la protection sociale. Un document qui permet \u00e0 l\u2019opinion publique d\u2019\u00eatre inform\u00e9e des actions majeures men\u00e9es par le minist\u00e8re au cours des ann\u00e9es ant\u00e9rieures. En outre, le livre blanc se veut un outil acad\u00e9mique dans la mesure o\u00f9 il traite de th\u00e9matiques importantes li\u00e9es \u00e0 la gestion des ressources humaines dans les secteurs public et priv\u00e9 et \u00e0 des diff\u00e9rentes th\u00e9matiques du domaine d\u2019intervention du MFPTPS. Et pour l\u2019\u00e9dition 2018 du livre blanc, un projet de document a \u00e9t\u00e9 r\u00e9dig\u00e9 et soumis \u00e0 validation au cours d\u2019un atelier, le mardi 19 mars 2018 \u00e0 Ouagadougou. Selon les explications du Secr\u00e9taire g\u00e9n\u00e9ral (SG) du minist\u00e8re en charge de la fonction publique, Souleymane Lengan\u00e9, le livre blanc 2018 porte principalement sur certaines r\u00e9alisations phares du minist\u00e8re et de ses structures rattach\u00e9es au cours de l\u2019ann\u00e9e 2017.<\/p>\n<p>Il s\u2019articule, a-t-il poursuivi, autour de huit chapitres qui traitent, entre autres, de la gestion des litiges dans la fonction publique, des r\u00e9alisations du programme de modernisation de l\u2019administration publique au titre de l\u2019ann\u00e9e 2017, des g\u00e9n\u00e9ralit\u00e9s sur la pr\u00e9vention des risques professionnels et des actions men\u00e9es en la mati\u00e8re par les structures charg\u00e9es de la s\u00e9curit\u00e9 et de la sant\u00e9 au travail au sein du MFPTPS. \u00abIl \u00e9voque \u00e9galement la question des attributions, du fonctionnement, des principales r\u00e9alisations, des perspectives de l\u2019inspection technique des services du minist\u00e8re et des modalit\u00e9s d\u2019application des heures suppl\u00e9mentaires au Burkina Faso \u00bb, a-t-il indiqu\u00e9. Au regard de l\u2019importance de ce livre pour le minist\u00e8re en charge de la fonction publique et ses usagers, M. Lengan\u00e9 a traduit sa reconnaissance \u00e0 l\u2019\u00e9quipe de r\u00e9daction et \u00e0 tous ceux dont la contribution a \u00e9t\u00e9 d\u00e9terminante \u00e0 l\u2019\u00e9laboration de ce document. Il les a, par ailleurs, exhort\u00e9s \u00e0 une participation assidue au pr\u00e9sent atelier afin de faire de cette \u00e9dition du livre blanc un v\u00e9ritable instrument de transparence et de communication au profit des usagers du service public.<\/p>\n<p>Nad\u00e8ge YAMEOGO<\/p>\n<div class=\"td-a-rec td-a-rec-id-content_bottom td_uid_31_5c92b435427ea_rand td_block_template_1\"><img loading=\"lazy\" decoding=\"async\" class=\"alignright size-full wp-image-1724\" src=\"https:\/\/www.sidwaya.info\/wp-content\/uploads\/2018\/12\/sidwaya-pub.jpg\" alt=\"\" width=\"720\" height=\"90\"\/><\/div>\n<p>Auteur: BM. Sidwaya<br \/>\n<a href=\"https:\/\/www.sidwaya.info\/blog\/2019\/03\/19\/le-livre-blanc-2018-en-cours-de-validation\/\">Cliquez ici pour lire l&rsquo;article depuis sa source.<\/a><\/p>\n","protected":false},"excerpt":{"rendered":"<p>Le minist\u00e8re de la Fonction publique, du Travail et de la Protection sociale a organis\u00e9, le mardi 19 mars 2019 \u00e0 Ouagadougou, un atelier de validation du livre blanc sur la fonction publique, \u00e9dition 2018. La transparence est l\u2019un des principes fondamentaux de la bonne gouvernance dans le service public. C\u2019est du moins la conviction [&hellip;]<\/p>\n","protected":false},"author":1816,"featured_media":0,"comment_status":"closed","ping_status":"closed","sticky":false,"template":"","format":"standard","meta":{"fifu_image_url":"","fifu_image_alt":"","footnotes":""},"categories":[73,81],"tags":[],"class_list":["post-23089","post","type-post","status-publish","format-standard","hentry","category-actualite","category-burkina-faso"],"_links":{"self":[{"href":"https:\/\/linitiative.ca\/International\/wp-json\/wp\/v2\/posts\/23089","targetHints":{"allow":["GET"]}}],"collection":[{"href":"https:\/\/linitiative.ca\/International\/wp-json\/wp\/v2\/posts"}],"about":[{"href":"https:\/\/linitiative.ca\/International\/wp-json\/wp\/v2\/types\/post"}],"author":[{"embeddable":true,"href":"https:\/\/linitiative.ca\/International\/wp-json\/wp\/v2\/users\/1816"}],"replies":[{"embeddable":true,"href":"https:\/\/linitiative.ca\/International\/wp-json\/wp\/v2\/comments?post=23089"}],"version-history":[{"count":0,"href":"https:\/\/linitiative.ca\/International\/wp-json\/wp\/v2\/posts\/23089\/revisions"}],"wp:attachment":[{"href":"https:\/\/linitiative.ca\/International\/wp-json\/wp\/v2\/media?parent=23089"}],"wp:term":[{"taxonomy":"category","embeddable":true,"href":"https:\/\/linitiative.ca\/International\/wp-json\/wp\/v2\/categories?post=23089"},{"taxonomy":"post_tag","embeddable":true,"href":"https:\/\/linitiative.ca\/International\/wp-json\/wp\/v2\/tags?post=23089"}],"curies":[{"name":"wp","href":"https:\/\/api.w.org\/{rel}","templated":true}]}}