{"id":23095,"date":"2019-03-20T14:50:05","date_gmt":"2019-03-20T18:50:05","guid":{"rendered":"https:\/\/linitiative.ca\/International\/les-tarifs-douaniers-imposes-a-la-chine-en-place-pour-une-periode-consequente\/"},"modified":"2019-03-20T14:50:05","modified_gmt":"2019-03-20T18:50:05","slug":"les-tarifs-douaniers-imposes-a-la-chine-en-place-pour-une-periode-consequente","status":"publish","type":"post","link":"https:\/\/linitiative.ca\/International\/les-tarifs-douaniers-imposes-a-la-chine-en-place-pour-une-periode-consequente\/","title":{"rendered":"Les tarifs douaniers impos\u00e9s \u00e0 la Chine en place pour \u00ab\u00a0une p\u00e9riode cons\u00e9quente\u00a0\u00bb"},"content":{"rendered":"<div readability=\"32\">\n<p>Publi\u00e9 le 20.03.2019 \u00e0 19h50 par AFP<\/p>\n<\/div>\n<div readability=\"96\">\n<p>Donald Trump a mani\u00e9 le b\u00e2ton mercredi en affirmant que les tarifs douaniers punitifs qu\u2019il a impos\u00e9s \u00e0 la Chine pour la forcer \u00e0 n\u00e9gocier un accord commercial pourraient rester \u00ab\u00a0en place pour une p\u00e9riode cons\u00e9quente\u00a0\u00bb.<\/p>\n<p>Le pr\u00e9sident am\u00e9ricain veut maintenir ces taxes sur plus de 250 milliards de dollars de produits chinois import\u00e9s aux Etats-Unis \u00ab\u00a0parce que nous voulons \u00eatre s\u00fbrs que si nous concluons un accord avec la Chine, celle-ci le respectera\u00a0\u00bb.<\/p>\n<p>M. Trump a not\u00e9 au passage que les n\u00e9gociations avec P\u00e9kin, qui se sont intensifi\u00e9es depuis le d\u00e9but de l\u2019ann\u00e9e, \u00ab\u00a0se passaient bien\u00a0\u00bb.<\/p>\n<p>Le secr\u00e9taire am\u00e9ricain au Tr\u00e9sor Steven Mnuchin et le repr\u00e9sentant au Commerce Robert Lighthizer se rendront \u00e0 P\u00e9kin ce week-end, a indiqu\u00e9 l\u2019occupant de la Maison Blanche, afin de poursuivre ces n\u00e9gociations commerciales en vue de nouer un accord dans les prochaines semaines.<\/p>\n<p>Il a une nouvelle fois affirm\u00e9 que ces taxes rapportaient \u00ab\u00a0des milliards et des milliards de dollars\u00a0\u00bb au Tr\u00e9sor. \u00ab\u00a0Cela va rester en place pour un moment\u00a0\u00bb, a-t-il dit.<\/p>\n<p>Dans les faits, ces taxes sont pay\u00e9es par les importateurs et ensuite r\u00e9percut\u00e9es pour tout ou partie sur le consommateur am\u00e9ricain.<\/p>\n<p>\u2013 Des hauts et des bas \u2013<\/p>\n<p><ins data-revive-zoneid=\"9\" data-revive-id=\"10111e19d28d19d031742ee3b0b33eb0\"\/> <\/p>\n<p>Outre une r\u00e9duction de leur \u00e9norme d\u00e9ficit commercial, les Etats-Unis r\u00e9clament des r\u00e9formes structurelles en Chine pour garantir un traitement \u00e9quitable pour les investisseurs \u00e9trangers.<\/p>\n<p>Les sessions de n\u00e9gociations, qui se sont tenues alternativement \u00e0 Washington et \u00e0 P\u00e9kin, ont achopp\u00e9 jusqu\u2019alors sur la mani\u00e8re de mettre en oeuvre un accord final ainsi que sur les questions de protection de propri\u00e9t\u00e9 intellectuelle et de transfert technologique.<\/p>\n<p>Mardi, en marge d\u2019une conf\u00e9rence de presse avec son homologue br\u00e9silien, M. Trump avait d\u00e9j\u00e0 assur\u00e9 que \u00ab\u00a0les discussions avec la Chine avan\u00e7aient tr\u00e8s bien\u00a0\u00bb mais, comme mercredi, il n\u2019avait donn\u00e9 aucun d\u00e9tail.<\/p>\n<p>Selon des informations de l\u2019agence Bloomberg mardi, citant des sources proches des pourparlers, les n\u00e9gociateurs chinois avaient fait marche arri\u00e8re sur leurs pr\u00e9c\u00e9dentes promesses.<\/p>\n<p>La semaine derni\u00e8re, le pr\u00e9sident am\u00e9ricain avait laiss\u00e9 entendre que les discussions pourraient aboutir \u00ab\u00a0d\u2019une fa\u00e7on ou d\u2019une autre, probablement dans les trois ou quatre semaines\u00a0\u00bb, confirmant qu\u2019un sommet avec son homologue chinois Xi Jinping n\u2019aurait pas lieu avant d\u00e9but avril.<\/p>\n<p>Son entourage avait initialement \u00e9voqu\u00e9 la tenue avant fin mars d\u2019un tel sommet, dans la luxueuse villa du pr\u00e9sident en Floride, afin de sceller un accord commercial.<\/p>\n<\/div>\n<p>Auteur: AFP<br \/>\n<a href=\"https:\/\/www.journalducameroun.com\/fr\/les-tarifs-douaniers-imposes-a-la-chine-en-place-pour-une-periode-consequente\/\">Cliquez ici pour lire l&rsquo;article depuis sa source.<\/a><\/p>\n","protected":false},"excerpt":{"rendered":"<p>Publi\u00e9 le 20.03.2019 \u00e0 19h50 par AFP Donald Trump a mani\u00e9 le b\u00e2ton mercredi en affirmant que les tarifs douaniers punitifs qu\u2019il a impos\u00e9s \u00e0 la Chine pour la forcer \u00e0 n\u00e9gocier un accord commercial pourraient rester \u00ab\u00a0en place pour une p\u00e9riode cons\u00e9quente\u00a0\u00bb. Le pr\u00e9sident am\u00e9ricain veut maintenir ces taxes sur plus de 250 milliards [&hellip;]<\/p>\n","protected":false},"author":1965,"featured_media":0,"comment_status":"closed","ping_status":"closed","sticky":false,"template":"","format":"standard","meta":{"fifu_image_url":"","fifu_image_alt":"","footnotes":""},"categories":[73,82],"tags":[],"class_list":["post-23095","post","type-post","status-publish","format-standard","hentry","category-actualite","category-cameroun"],"_links":{"self":[{"href":"https:\/\/linitiative.ca\/International\/wp-json\/wp\/v2\/posts\/23095","targetHints":{"allow":["GET"]}}],"collection":[{"href":"https:\/\/linitiative.ca\/International\/wp-json\/wp\/v2\/posts"}],"about":[{"href":"https:\/\/linitiative.ca\/International\/wp-json\/wp\/v2\/types\/post"}],"author":[{"embeddable":true,"href":"https:\/\/linitiative.ca\/International\/wp-json\/wp\/v2\/users\/1965"}],"replies":[{"embeddable":true,"href":"https:\/\/linitiative.ca\/International\/wp-json\/wp\/v2\/comments?post=23095"}],"version-history":[{"count":0,"href":"https:\/\/linitiative.ca\/International\/wp-json\/wp\/v2\/posts\/23095\/revisions"}],"wp:attachment":[{"href":"https:\/\/linitiative.ca\/International\/wp-json\/wp\/v2\/media?parent=23095"}],"wp:term":[{"taxonomy":"category","embeddable":true,"href":"https:\/\/linitiative.ca\/International\/wp-json\/wp\/v2\/categories?post=23095"},{"taxonomy":"post_tag","embeddable":true,"href":"https:\/\/linitiative.ca\/International\/wp-json\/wp\/v2\/tags?post=23095"}],"curies":[{"name":"wp","href":"https:\/\/api.w.org\/{rel}","templated":true}]}}