{"id":23098,"date":"2019-03-20T15:50:02","date_gmt":"2019-03-20T19:50:02","guid":{"rendered":"https:\/\/linitiative.ca\/International\/avec-ses-critiques-des-europeens-trump-fait-fi-des-conventions-diplomatiques\/"},"modified":"2019-03-20T15:50:02","modified_gmt":"2019-03-20T19:50:02","slug":"avec-ses-critiques-des-europeens-trump-fait-fi-des-conventions-diplomatiques","status":"publish","type":"post","link":"https:\/\/linitiative.ca\/International\/avec-ses-critiques-des-europeens-trump-fait-fi-des-conventions-diplomatiques\/","title":{"rendered":"Avec ses critiques des Europ\u00e9ens, Trump fait fi des conventions diplomatiques"},"content":{"rendered":"<div readability=\"32\">\n<p>Publi\u00e9 le 20.03.2019 \u00e0 20h50 par AFP<\/p>\n<\/div>\n<div readability=\"142\">\n<p>Le pr\u00e9sident Donald Trump fait fi des conventions diplomatiques les plus \u00e9l\u00e9mentaires en se m\u00ealant de la politique int\u00e9rieure des alli\u00e9s des Etats-Unis, ses proches ayant r\u00e9cemment critiqu\u00e9 ouvertement les dirigeantes britannique Theresa May et allemande Angela Merkel.<\/p>\n<p>M. Trump ne s\u2019est pas priv\u00e9 de critiquer \u00e0 plusieurs reprises la fa\u00e7on dont Theresa May a g\u00e9r\u00e9 l\u2019\u00e9pineux dossier du Brexit, alors m\u00eame que la dirigeante britannique cherchait \u00e0 \u00e9tablir de bonnes relations avec lui.<\/p>\n<p>\u00ab\u00a0Je suis surpris de voir \u00e0 quel point tout se passe mal\u00a0\u00bb, a encore lanc\u00e9 la semaine derni\u00e8re le pr\u00e9sident am\u00e9ricain. \u00ab\u00a0Franchement, je pense que cela aurait pu \u00eatre n\u00e9goci\u00e9 d\u2019une autre fa\u00e7on\u00a0\u00bb, a-t-il ajout\u00e9 \u00e0 quinze jours de la date th\u00e9orique du divorce avec Bruxelles.<\/p>\n<p>Son fils Donald Trump Jr est all\u00e9 plus loin dans un tribune publi\u00e9e mardi par le quotidien britannique Daily Telegraph, affirmant que la d\u00e9mocratie \u00e9tait \u00ab\u00a0quasiment morte en Grande-Bretagne\u00a0\u00bb.<\/p>\n<p>Mme May a \u00ab\u00a0ignor\u00e9 les conseils de mon p\u00e8re\u00a0\u00bb, a ajout\u00e9 le fils du pr\u00e9sident, qui, \u00e0 41 ans, aurait des ambitions politiques. \u00ab\u00a0Maintenant, le temps allou\u00e9 est quasiment \u00e9coul\u00e9 et presque tout est perdu \u2013 exactement ce que les \u00e9lites europ\u00e9ennes voulaient\u00a0\u00bb.<\/p>\n<p>Le conseiller \u00e0 la s\u00e9curit\u00e9 nationale de la Maison Blanche, John Bolton, qui avait soutenu le Brexit dans le pass\u00e9, s\u2019est montr\u00e9 plus diplomatique sur la cha\u00eene britannique Sky News, soulignant mardi que M. Trump souhaitait une issue \u00ab\u00a0qui permette aux Etats-Unis et au Royaume-Uni d\u2019\u00e0 nouveau conclure des accords commerciaux\u00a0\u00bb.<\/p>\n<p>\u2013 \u00ab\u00a0Pas un ami\u00a0\u00bb \u2013<\/p>\n<p>M. Trump n\u2019est pas le premier pr\u00e9sident am\u00e9ricain \u00e0 s\u2019exprimer sur le Brexit: son pr\u00e9d\u00e9cesseur Barack Obama avait pr\u00e9venu les Britanniques en 2016 qu\u2019ils risquaient de se retrouver \u00ab\u00a0\u00e0 la derni\u00e8re place\u00a0\u00bb des partenaires commerciaux des Etats-Unis s\u2019ils votaient en faveur d\u2019un retrait de l\u2019UE.<\/p>\n<p>Mais des critiques aussi directes de hauts responsables am\u00e9ricains \u00e0 l\u2019encontre de la Grande-Bretagne, g\u00e9n\u00e9ralement consid\u00e9r\u00e9e comme l\u2019alli\u00e9 le plus proche des Etats-Unis, auraient \u00e9t\u00e9 impensables il y a peu.<\/p>\n<p>Les r\u00e9actions offusqu\u00e9es ne se sont pas fait attendre. \u00ab\u00a0Donald Trump Junior qui dit aux Britanniques que notre d\u00e9mocratie est morte, c\u2019est une plaisanterie?\u00a0\u00bb, a tweet\u00e9 David Lammy, un d\u00e9put\u00e9 britannique du parti travailliste.<\/p>\n<p><ins data-revive-zoneid=\"9\" data-revive-id=\"10111e19d28d19d031742ee3b0b33eb0\"\/> <\/p>\n<p>Evoquant la rencontre du jeune Trump pendant la campagne pr\u00e9sidentielle de 2016 avec une avocate russe qui devait suppos\u00e9ment lui fournir des informations compromettantes sur la candidate d\u00e9mocrate Hillary Clinton \u2013une rencontre qui fait l\u2019objet d\u2019une enqu\u00eate du procureur sp\u00e9cial Robert Mueller \u2014 le d\u00e9put\u00e9 de l\u2019opposition a lanc\u00e9 \u00e0 Donald Junior: \u00ab\u00a0Vous n\u2019\u00eates pas un ami de la Grande-Bretagne ni de la d\u00e9mocratie\u00a0\u00bb.<\/p>\n<p>\u2013 Col\u00e8re \u00e0 Berlin \u2013<\/p>\n<p>Au m\u00eame moment, l\u2019ambassadeur des Etats-Unis \u00e0 Berlin, Richard Grenell, provoquait la col\u00e8re en Allemagne en jugeant \u00ab\u00a0inqui\u00e9tant\u00a0\u00bb que le gouvernement allemand travaille \u00e0 revoir \u00e0 la baisse le niveau \u00ab\u00a0d\u00e9j\u00e0 inacceptable\u00a0\u00bb de ses d\u00e9penses militaires.<\/p>\n<p>Berlin, comme tous les membres europ\u00e9ens de l\u2019Otan, a promis en 2014 de se rapprocher le plus possible en dix ans d\u2019un budget de d\u00e9fense repr\u00e9sentant 2% du PIB, mais la planification budg\u00e9taire annonc\u00e9e r\u00e9cemment pr\u00e9voit une baisse \u00e0 1,25% du PIB en 2023.<\/p>\n<p>La classe politique allemande s\u2019est emport\u00e9e mardi contre les critiques am\u00e9ricaines du jour, Carsten Schneider, un responsable social-d\u00e9mocrate membre de la coalition de Mme Merkel, qualifiant l\u2019ambassadeur Grenell de \u00ab\u00a0naufrage diplomatique\u00a0\u00bb.<\/p>\n<p>Un des dirigeants du parti lib\u00e9ral (FDP, opposition), Wolfgang Kubick, a lui appel\u00e9 le ministre des Affaires \u00e9trang\u00e8res Heiko Maas \u00e0 d\u00e9clarer \u00ab\u00a0persona non grata\u00a0\u00bb l\u2019ambassadeur, un proche de Donald Trump, qui se comporte selon lui en \u00ab\u00a0haut-commissaire d\u2019une force d\u2019occupation\u00a0\u00bb.<\/p>\n<p>Plus diplomatiquement, la chanceli\u00e8re allemande Angela Merkel a insist\u00e9 sur le fait que l\u2019Allemagne n\u2019allait pas sacrifier l\u2019aide au d\u00e9veloppement pour augmenter ses d\u00e9penses militaires.<\/p>\n<p>Trump critique r\u00e9guli\u00e8rement Mme Merkel, notamment sa politique d\u2019accueil des migrants.<\/p>\n<p>Il se montre aussi de plus en plus critique \u00e0 l\u2019\u00e9gard du pr\u00e9sident fran\u00e7ais, surtout depuis les critiques formul\u00e9es par Emmanuel Macron \u00e0 l\u2019\u00e9gard du nationalisme dont se revendique le pr\u00e9sident am\u00e9ricain, lors des c\u00e9l\u00e9brations du centenaire de l\u2019Armistice de la Grande guerre.<\/p>\n<\/div>\n<p>Auteur: AFP<br \/>\n<a href=\"https:\/\/www.journalducameroun.com\/fr\/avec-ses-critiques-des-europeens-trump-fait-fi-des-conventions-diplomatiques\/\">Cliquez ici pour lire l&rsquo;article depuis sa source.<\/a><\/p>\n","protected":false},"excerpt":{"rendered":"<p>Publi\u00e9 le 20.03.2019 \u00e0 20h50 par AFP Le pr\u00e9sident Donald Trump fait fi des conventions diplomatiques les plus \u00e9l\u00e9mentaires en se m\u00ealant de la politique int\u00e9rieure des alli\u00e9s des Etats-Unis, ses proches ayant r\u00e9cemment critiqu\u00e9 ouvertement les dirigeantes britannique Theresa May et allemande Angela Merkel. M. Trump ne s\u2019est pas priv\u00e9 de critiquer \u00e0 plusieurs [&hellip;]<\/p>\n","protected":false},"author":1965,"featured_media":0,"comment_status":"closed","ping_status":"closed","sticky":false,"template":"","format":"standard","meta":{"fifu_image_url":"","fifu_image_alt":"","footnotes":""},"categories":[73,82],"tags":[],"class_list":["post-23098","post","type-post","status-publish","format-standard","hentry","category-actualite","category-cameroun"],"_links":{"self":[{"href":"https:\/\/linitiative.ca\/International\/wp-json\/wp\/v2\/posts\/23098","targetHints":{"allow":["GET"]}}],"collection":[{"href":"https:\/\/linitiative.ca\/International\/wp-json\/wp\/v2\/posts"}],"about":[{"href":"https:\/\/linitiative.ca\/International\/wp-json\/wp\/v2\/types\/post"}],"author":[{"embeddable":true,"href":"https:\/\/linitiative.ca\/International\/wp-json\/wp\/v2\/users\/1965"}],"replies":[{"embeddable":true,"href":"https:\/\/linitiative.ca\/International\/wp-json\/wp\/v2\/comments?post=23098"}],"version-history":[{"count":0,"href":"https:\/\/linitiative.ca\/International\/wp-json\/wp\/v2\/posts\/23098\/revisions"}],"wp:attachment":[{"href":"https:\/\/linitiative.ca\/International\/wp-json\/wp\/v2\/media?parent=23098"}],"wp:term":[{"taxonomy":"category","embeddable":true,"href":"https:\/\/linitiative.ca\/International\/wp-json\/wp\/v2\/categories?post=23098"},{"taxonomy":"post_tag","embeddable":true,"href":"https:\/\/linitiative.ca\/International\/wp-json\/wp\/v2\/tags?post=23098"}],"curies":[{"name":"wp","href":"https:\/\/api.w.org\/{rel}","templated":true}]}}