{"id":23102,"date":"2019-03-20T16:50:01","date_gmt":"2019-03-20T20:50:01","guid":{"rendered":"https:\/\/linitiative.ca\/International\/cartes-a-lappui-trump-vante-la-fin-imminente-du-califat-de-lei\/"},"modified":"2019-03-20T16:50:01","modified_gmt":"2019-03-20T20:50:01","slug":"cartes-a-lappui-trump-vante-la-fin-imminente-du-califat-de-lei","status":"publish","type":"post","link":"https:\/\/linitiative.ca\/International\/cartes-a-lappui-trump-vante-la-fin-imminente-du-califat-de-lei\/","title":{"rendered":"Cartes \u00e0 l\u2019appui, Trump vante la fin imminente du \u00ab\u00a0califat\u00a0\u00bb de l\u2019EI"},"content":{"rendered":"<div readability=\"32\">\n<p>Publi\u00e9 le 20.03.2019 \u00e0 21h50 par AFP<\/p>\n<\/div>\n<div readability=\"76\">\n<p>Le pr\u00e9sident am\u00e9ricain Donald Trump a vant\u00e9 mercredi, cartes \u00e0 l\u2019appui, les progr\u00e8s dans la lutte contre le groupe Etat islamique (EI) depuis son arriv\u00e9e au pouvoir, affirmant une nouvelle fois que la chute de leur \u00ab\u00a0califat\u00a0\u00bb autoproclam\u00e9 \u00e9tait imminente.<\/p>\n<p>Lors d\u2019un \u00e9change avec les journalistes dans les jardins de la Maison Blanche, M. Trump a d\u00e9roul\u00e9 une feuille qu\u2019il tenait dans sa main repr\u00e9sentant la Syrie.<\/p>\n<p>\u00ab\u00a0Tout ce qui est rouge, c\u2019\u00e9tait l\u2019EI le soir de l\u2019\u00e9lection en 2016\u00a0\u00bb, a-t-il expliqu\u00e9, montrant le document. \u00ab\u00a0En bas, c\u2019est la m\u00eame carte, il n\u2019y a pas de rouge. En fait, il y a un tout petit point, et il aura disparu ce soir\u00a0\u00bb, a-t-il ajout\u00e9.<\/p>\n<p>A plusieurs reprises au cours des semaines \u00e9coul\u00e9es, le locataire de la Maison Blanche a d\u00e9j\u00e0 affirm\u00e9 que la fin du califat allait \u00eatre annonc\u00e9e d\u2019un instant \u00e0 l\u2019autre.<\/p>\n<p>Les Forces d\u00e9mocratiques syriennes (FDS), une alliance arabo-kurde soutenue par Washington, combattent contre des jihadistes d\u00e9sormais accul\u00e9s dans un tout petit secteur au bord de l\u2019Euphrate aux confins orientaux de la Syrie.<\/p>\n<p><ins data-revive-zoneid=\"9\" data-revive-id=\"10111e19d28d19d031742ee3b0b33eb0\"\/> <\/p>\n<p>Ces derniers tentent d\u00e9sesp\u00e9r\u00e9ment de d\u00e9fendre le dernier lambeau du \u00ab\u00a0califat\u00a0\u00bb de l\u2019EI qui couvrait autrefois de vastes r\u00e9gions en Syrie et en Irak.<\/p>\n<p>M. Trump, qui avait brutalement annonc\u00e9 en d\u00e9cembre le retrait des quelque 2.000 soldats am\u00e9ricains qui avaient \u00e9t\u00e9 d\u00e9ploy\u00e9s en Syrie \u2013 \u00ab\u00a0Nous avons gagn\u00e9 contre le groupe EI, il est temps de rentrer\u00a0\u00bb \u2013 a confirm\u00e9 qu\u2019environ 400 d\u2019entre eux resteraient finalement sur le terrain \u00ab\u00a0pour un certain temps\u00a0\u00bb.<\/p>\n<p>Les partenaires des Etats-Unis au sein de la coalition anti-EI discutent avec Washington du possible maintien d\u2019une mission de contre-terrorisme dans le nord de la Syrie.<\/p>\n<\/div>\n<p>Auteur: AFP<br \/>\n<a href=\"https:\/\/www.journalducameroun.com\/fr\/cartes-a-lappui-trump-vante-la-fin-imminente-du-califat-de-lei\/\">Cliquez ici pour lire l&rsquo;article depuis sa source.<\/a><\/p>\n","protected":false},"excerpt":{"rendered":"<p>Publi\u00e9 le 20.03.2019 \u00e0 21h50 par AFP Le pr\u00e9sident am\u00e9ricain Donald Trump a vant\u00e9 mercredi, cartes \u00e0 l\u2019appui, les progr\u00e8s dans la lutte contre le groupe Etat islamique (EI) depuis son arriv\u00e9e au pouvoir, affirmant une nouvelle fois que la chute de leur \u00ab\u00a0califat\u00a0\u00bb autoproclam\u00e9 \u00e9tait imminente. Lors d\u2019un \u00e9change avec les journalistes dans les [&hellip;]<\/p>\n","protected":false},"author":1965,"featured_media":0,"comment_status":"closed","ping_status":"closed","sticky":false,"template":"","format":"standard","meta":{"fifu_image_url":"","fifu_image_alt":"","footnotes":""},"categories":[73,82],"tags":[],"class_list":["post-23102","post","type-post","status-publish","format-standard","hentry","category-actualite","category-cameroun"],"_links":{"self":[{"href":"https:\/\/linitiative.ca\/International\/wp-json\/wp\/v2\/posts\/23102","targetHints":{"allow":["GET"]}}],"collection":[{"href":"https:\/\/linitiative.ca\/International\/wp-json\/wp\/v2\/posts"}],"about":[{"href":"https:\/\/linitiative.ca\/International\/wp-json\/wp\/v2\/types\/post"}],"author":[{"embeddable":true,"href":"https:\/\/linitiative.ca\/International\/wp-json\/wp\/v2\/users\/1965"}],"replies":[{"embeddable":true,"href":"https:\/\/linitiative.ca\/International\/wp-json\/wp\/v2\/comments?post=23102"}],"version-history":[{"count":0,"href":"https:\/\/linitiative.ca\/International\/wp-json\/wp\/v2\/posts\/23102\/revisions"}],"wp:attachment":[{"href":"https:\/\/linitiative.ca\/International\/wp-json\/wp\/v2\/media?parent=23102"}],"wp:term":[{"taxonomy":"category","embeddable":true,"href":"https:\/\/linitiative.ca\/International\/wp-json\/wp\/v2\/categories?post=23102"},{"taxonomy":"post_tag","embeddable":true,"href":"https:\/\/linitiative.ca\/International\/wp-json\/wp\/v2\/tags?post=23102"}],"curies":[{"name":"wp","href":"https:\/\/api.w.org\/{rel}","templated":true}]}}