{"id":23103,"date":"2019-03-20T16:50:03","date_gmt":"2019-03-20T20:50:03","guid":{"rendered":"https:\/\/linitiative.ca\/International\/massacre-evite-de-justesse-en-italie-pour-51-collegiens-pris-en-otage-dans-un-bus\/"},"modified":"2019-03-20T16:50:03","modified_gmt":"2019-03-20T20:50:03","slug":"massacre-evite-de-justesse-en-italie-pour-51-collegiens-pris-en-otage-dans-un-bus","status":"publish","type":"post","link":"https:\/\/linitiative.ca\/International\/massacre-evite-de-justesse-en-italie-pour-51-collegiens-pris-en-otage-dans-un-bus\/","title":{"rendered":"Massacre \u00e9vit\u00e9 de justesse en Italie pour 51 coll\u00e9giens pris en otage dans un bus"},"content":{"rendered":"<div readability=\"32\">\n<p>Publi\u00e9 le 20.03.2019 \u00e0 21h50 par AFP<\/p>\n<\/div>\n<div readability=\"140\">\n<p>Les carabiniers ont sauv\u00e9 mercredi de justesse 51 coll\u00e9giens pris en otage et ligot\u00e9s dans un bus pr\u00e8s de Milan par leur chauffeur, un Italien d\u2019origine s\u00e9n\u00e9galaise qui a invoqu\u00e9 le sort des migrants morts en M\u00e9diterran\u00e9e, avant d\u2019incendier le bus.<\/p>\n<p>\u00ab\u00a0C\u2019est un miracle, cela aurait pu \u00eatre un carnage. Les carabiniers ont \u00e9t\u00e9 exceptionnels pour bloquer le bus et faire sortir tous les enfants\u00a0\u00bb, a d\u00e9clar\u00e9 \u00e0 la presse le procureur de Milan, Francesco Grec, pr\u00e9cisant ne pas exclure \u00ab\u00a0l\u2019hypoth\u00e8se du terrorisme\u00a0\u00bb.<\/p>\n<p>Le chauffeur, bless\u00e9 et transport\u00e9 dans un h\u00f4pital pour des br\u00fblures aux mains, a \u00e9t\u00e9 interpell\u00e9 sous les chefs de \u00ab\u00a0prise d\u2019otage, massacre et incendie\u00a0\u00bb avec la circonstance aggravante de \u00ab\u00a0terrorisme\u00a0\u00bb. Le chef de la cellule antiterroriste de Milan a elle aussi \u00e9t\u00e9 charg\u00e9e de l\u2019enqu\u00eate.<\/p>\n<p>Les 51 \u00e9l\u00e8ves de deuxi\u00e8me ann\u00e9e de coll\u00e8ge devaient se rendre \u00e0 une sortie sportive dans un gymnase avec trois accompagnateurs, quand le chauffeur a subitement chang\u00e9 de trajectoire \u00e0 San Donato Milanese (nord de l\u2019Italie) et commenc\u00e9 une prise d\u2019otage qui durera environ une demi-heure.<\/p>\n<p>\u00ab\u00a0Personne ne sortira d\u2019ici vivant\u00a0\u00bb, a-t-il lanc\u00e9, selon les t\u00e9moignages de plusieurs enfants.<\/p>\n<p>Arm\u00e9 de deux bidons d\u2019essence et d\u2019un briquet, il a menac\u00e9 de massacrer les enfants, leur a pris leur t\u00e9l\u00e9phone portable et a demand\u00e9 \u00e0 leurs accompagnateurs de les ligoter \u00e0 leurs si\u00e8ges avec du fil \u00e9lectrique.<\/p>\n<p>\u00ab\u00a0J\u2019ai perdu trois enfants en mer\u00a0\u00bb, a afffirm\u00e9 l\u2019homme, selon le t\u00e9moignage d\u2019un gar\u00e7onnet diffus\u00e9 sur les sites internet des m\u00e9dias italiens.<\/p>\n<p>\u00ab\u00a0Il nous mena\u00e7ait, disait que si nous bougions il verserait l\u2019essence et allumerait le feu. Il n\u2019arr\u00eatait pas de dire qu\u2019il y avait tant de personnes en Afrique qui continuaient \u00e0 mourir et que c\u2019\u00e9tait la faute de Di Maio et Salvini\u00a0\u00bb (les deux vice-Premiers ministres italiens et hommes forts du pays), a racont\u00e9 une fillette.<\/p>\n<p>Elle pr\u00e9cise que le chauffeur \u00ab\u00a0se retournait et versait de l\u2019essence par terre\u00a0\u00bb et qu\u2019il a aussi brandi \u00ab\u00a0un pistolet et un couteau\u00a0\u00bb. \u00ab\u00a0Puis les carabiniers sont arriv\u00e9s et nous ont sauv\u00e9s\u00a0\u00bb.<\/p>\n<p>\u2013 \u00ab\u00a0Les morts en M\u00e9diterran\u00e9e\u00a0\u00bb \u2013<\/p>\n<p>\u00ab\u00a0Je veux en finir, il faut arr\u00eater les morts en M\u00e9diterran\u00e9e\u00a0\u00bb, aurait aussi hurl\u00e9 l\u2019homme, ont rapport\u00e9 plusieurs m\u00e9dias.<\/p>\n<p><ins data-revive-zoneid=\"9\" data-revive-id=\"10111e19d28d19d031742ee3b0b33eb0\"\/> <\/p>\n<p>Selon le procureur Francesco Greco, le chauffeur a gard\u00e9 sans cesse pr\u00e8s de lui deux enfants, en leur montrant le briquet qu\u2019il tenait \u00e0 la main. Il a en outre percut\u00e9 une voiture o\u00f9 se trouvait un p\u00e8re de famille et son enfant, qui se sont enfuis avant que leur v\u00e9hicule ne prenne feu.<\/p>\n<p>Des photos des pompiers apr\u00e8s le drame montrent le bus et la voiture enti\u00e8rement calcin\u00e9s.<\/p>\n<p>Le h\u00e9ros du jour est aussi un jeune gar\u00e7on, qui a pu r\u00e9cup\u00e9rer le t\u00e9l\u00e9phone tomb\u00e9 \u00e0 terre d\u2019un camarade et a donn\u00e9 l\u2019alerte. \u00ab\u00a0Je me suis un peu fait mal aux mains pour le r\u00e9cup\u00e9rer et j\u2019ai pu pr\u00e9venir les carabiniers et la police. Nous \u00e9tions tous effray\u00e9s\u00a0\u00bb, a-t-il racont\u00e9, tr\u00e8s calmement, devant une cam\u00e9ra.<\/p>\n<p>Les forces de l\u2019ordre ont finalement pu bloquer le bus et ont fait sortir les enfants en brisant les vitres arri\u00e8re, peu avant que le chauffeur ne mette le feu.<\/p>\n<p>Une vid\u00e9o prise par un automobiliste montre des enfants sortant en courant du bus, hurlant et pleurant.<\/p>\n<p>Une douzaine d\u2019enfants et deux des adultes ont \u00e9t\u00e9 conduits \u00e0 l\u2019h\u00f4pital apr\u00e8s avoir \u00e9t\u00e9 l\u00e9g\u00e8rement intoxiqu\u00e9s par la fum\u00e9e.<\/p>\n<p>L\u2019auteur des faits est un homme de 47 ans, Italien depuis 2004, d\u2019origine s\u00e9n\u00e9galaise, chauffeur scolaire sans histoire depuis 2002 selon son employeur. Divorc\u00e9 de son \u00e9pouse italienne, il a deux enfants adolescents.<\/p>\n<p>Le minist\u00e8re de l\u2019Int\u00e9rieur a \u00e9voqu\u00e9 dans un communiqu\u00e9 des ant\u00e9c\u00e9dents de conduite en \u00e9tat d\u2019ivresse et d\u2019agression sexuelle sur mineur.<\/p>\n<p>\u00ab\u00a0Le minist\u00e8re est \u00e0 l\u2019oeuvre pour v\u00e9rifier la possibilit\u00e9 de retirer la citoyennet\u00e9 italienne au S\u00e9n\u00e9galais\u00a0\u00bb, ont ajout\u00e9 des sources minist\u00e9rielles, en brandissant le d\u00e9cret-loi du ministre de l\u2019Int\u00e9rieur Matteo Salvini sur la s\u00e9curit\u00e9 et l\u2019immigration adopt\u00e9 \u00e0 l\u2019automne.<\/p>\n<\/div>\n<p>Auteur: AFP<br \/>\n<a href=\"https:\/\/www.journalducameroun.com\/fr\/massacre-evite-de-justesse-en-italie-pour-51-collegiens-pris-en-otage-dans-un-bus\/\">Cliquez ici pour lire l&rsquo;article depuis sa source.<\/a><\/p>\n","protected":false},"excerpt":{"rendered":"<p>Publi\u00e9 le 20.03.2019 \u00e0 21h50 par AFP Les carabiniers ont sauv\u00e9 mercredi de justesse 51 coll\u00e9giens pris en otage et ligot\u00e9s dans un bus pr\u00e8s de Milan par leur chauffeur, un Italien d\u2019origine s\u00e9n\u00e9galaise qui a invoqu\u00e9 le sort des migrants morts en M\u00e9diterran\u00e9e, avant d\u2019incendier le bus. \u00ab\u00a0C\u2019est un miracle, cela aurait pu \u00eatre [&hellip;]<\/p>\n","protected":false},"author":1965,"featured_media":0,"comment_status":"closed","ping_status":"closed","sticky":false,"template":"","format":"standard","meta":{"fifu_image_url":"","fifu_image_alt":"","footnotes":""},"categories":[73,82],"tags":[],"class_list":["post-23103","post","type-post","status-publish","format-standard","hentry","category-actualite","category-cameroun"],"_links":{"self":[{"href":"https:\/\/linitiative.ca\/International\/wp-json\/wp\/v2\/posts\/23103","targetHints":{"allow":["GET"]}}],"collection":[{"href":"https:\/\/linitiative.ca\/International\/wp-json\/wp\/v2\/posts"}],"about":[{"href":"https:\/\/linitiative.ca\/International\/wp-json\/wp\/v2\/types\/post"}],"author":[{"embeddable":true,"href":"https:\/\/linitiative.ca\/International\/wp-json\/wp\/v2\/users\/1965"}],"replies":[{"embeddable":true,"href":"https:\/\/linitiative.ca\/International\/wp-json\/wp\/v2\/comments?post=23103"}],"version-history":[{"count":0,"href":"https:\/\/linitiative.ca\/International\/wp-json\/wp\/v2\/posts\/23103\/revisions"}],"wp:attachment":[{"href":"https:\/\/linitiative.ca\/International\/wp-json\/wp\/v2\/media?parent=23103"}],"wp:term":[{"taxonomy":"category","embeddable":true,"href":"https:\/\/linitiative.ca\/International\/wp-json\/wp\/v2\/categories?post=23103"},{"taxonomy":"post_tag","embeddable":true,"href":"https:\/\/linitiative.ca\/International\/wp-json\/wp\/v2\/tags?post=23103"}],"curies":[{"name":"wp","href":"https:\/\/api.w.org\/{rel}","templated":true}]}}