{"id":23104,"date":"2019-03-20T16:50:04","date_gmt":"2019-03-20T20:50:04","guid":{"rendered":"https:\/\/linitiative.ca\/International\/cote-divoire-naissance-dun-mouvement-pro-duncan-pour-la-reconciliation\/"},"modified":"2019-03-20T16:50:04","modified_gmt":"2019-03-20T20:50:04","slug":"cote-divoire-naissance-dun-mouvement-pro-duncan-pour-la-reconciliation","status":"publish","type":"post","link":"https:\/\/linitiative.ca\/International\/cote-divoire-naissance-dun-mouvement-pro-duncan-pour-la-reconciliation\/","title":{"rendered":"C\u00f4te d\u2019Ivoire: naissance d\u2019un mouvement pro-Duncan pour la r\u00e9conciliation"},"content":{"rendered":"<div readability=\"32\">\n<p>Publi\u00e9 le 20.03.2019 \u00e0 21h50 par AFP<\/p>\n<\/div>\n<div readability=\"90\">\n<p>Un nouveau mouvement, \u00ab\u00a0Attoun\u00a0\u00bb, proche du vice-pr\u00e9sident ivoirien Daniel Kablan Duncan, a \u00e9t\u00e9 constitu\u00e9 mercredi pour \u00ab\u00a0\u00e9viter une seconde crise post-\u00e9lectorale\u00a0\u00bb en C\u00f4te d\u2019Ivoire o\u00f9 les grandes manoeuvres en vue de la pr\u00e9sidentielle de 2020 ont d\u00e9j\u00e0 commenc\u00e9.<\/p>\n<p>M. Duncan est officiellement membre du Parti d\u00e9mocratique de C\u00f4te d\u2019Ivoire (PDCI) de l\u2019ex-pr\u00e9sident Henri Konan B\u00e9di\u00e9 (1993-1999), mais il est surtout tr\u00e8s proche du pr\u00e9sident ivoirien Alassane Ouattara qui l\u2019a nomm\u00e9 vice-pr\u00e9sident \u00e0 la cr\u00e9ation de ce poste en 2017 et dont il avait \u00e9t\u00e9 le Premier ministre de 2012 \u00e0 2017.<\/p>\n<p>Anciens alli\u00e9s, MM. Ouattara et M. B\u00e9di\u00e9 sont \u00e0 couteaux tir\u00e9s depuis que ce dernier a claqu\u00e9 la porte de l\u2019ancienne coalition pr\u00e9sidentielle, refusant de fondre le PDCI dans le Rassemblement des houphou\u00ebtistes pour la d\u00e9mocratie et la paix (RHDP) qui s\u2019est transform\u00e9 en parti en janvier.<\/p>\n<p>\u00ab\u00a0Nous sommes \u00e0 quelques mois de 2020 et aujourd\u2019hui beaucoup des craintes subsistent (\u2026) nous constatons des risques \u00e9vidents. Tout le monde se demande: qu\u2019est ce qui va se passer en 2020?\u00a0\u00bb a expliqu\u00e9 \u00e0 l\u2019AFP Zi\u00e9 Daouda Coulibaly, d\u00e9put\u00e9 de Yopougon (quartier populaire d\u2019Abidjan), pr\u00e9sident du nouveau mouvement \u00ab\u00a0Attoun\u00a0\u00bb et une figure du PDCI.<\/p>\n<p>Le mouvement \u00ab\u00a0Attoun\u00a0\u00bb (mot que deux personnes prononcent lors d\u2019une accolade dans la tradition akan) va soutenir M. Duncan qui \u00ab\u00a0incarne la stabilit\u00e9, le dialogue et la coh\u00e9sion\u00a0\u00bb, une d\u00e9marche destin\u00e9e \u00e0 \u00ab\u00a0\u00e9viter une seconde crise post\u00e9lectorale en C\u00f4te d\u2019Ivoire\u00a0\u00bb.<\/p>\n<p>\u00ab\u00a0Nous ne pouvons pas aller \u00e0 une \u00e9lection (pr\u00e9sidentielle) qui doit faire peur aux Ivoiriens et aux autres Africains. La C\u00f4te d\u2019Ivoire a un r\u00f4le de locomotive dans la sous-r\u00e9gion\u00a0\u00bb, a dit M. Coulibaly, auparavant tr\u00e8s proche de M. B\u00e9di\u00e9.<\/p>\n<p><ins data-revive-zoneid=\"9\" data-revive-id=\"10111e19d28d19d031742ee3b0b33eb0\"\/> <\/p>\n<p>\u00ab\u00a0Attoun\u00a0\u00bb va lancer tr\u00e8s prochainement une caravane de la r\u00e9conciliation qui va parcourir le pays afin de recueillir des signatures avec des messages pour la paix.<\/p>\n<p>Le PDCI a refus\u00e9 de fusionner avec le RHDP, accusant M. Ouattara de manquer \u00e0 sa parole de soutenir un candidat PDCI \u00e0 la pr\u00e9sidentielle de 2020, alors que le PDCI l\u2019avait soutenu en 2010 et 2015.<\/p>\n<p>Le RHDP a n\u00e9anmoins r\u00e9ussi \u00e0 d\u00e9baucher un grand nombre de cadres du PDCI, notamment la plupart des ministres.<\/p>\n<p>La question de la r\u00e9conciliation reste sensible en C\u00f4te d\u2019Ivoire, apr\u00e8s les douze ann\u00e9es de crise politico-militaire qu\u2019a connues le pays de 1999 \u00e0 2011. Elle s\u2019est conclue par des violences post\u00e9lectorales apr\u00e8s le refus de Laurent Gbagbo de c\u00e9der le pouvoir \u00e0 son rival, l\u2019actuel pr\u00e9sident ivoirien Alassane Ouattara, qui ont fait plus de 3.000 morts en 2010-2011.<\/p>\n<\/div>\n<p>Auteur: AFP<br \/>\n<a href=\"https:\/\/www.journalducameroun.com\/fr\/cote-divoire-naissance-dun-mouvement-pro-duncan-pour-la-reconciliation\/\">Cliquez ici pour lire l&rsquo;article depuis sa source.<\/a><\/p>\n","protected":false},"excerpt":{"rendered":"<p>Publi\u00e9 le 20.03.2019 \u00e0 21h50 par AFP Un nouveau mouvement, \u00ab\u00a0Attoun\u00a0\u00bb, proche du vice-pr\u00e9sident ivoirien Daniel Kablan Duncan, a \u00e9t\u00e9 constitu\u00e9 mercredi pour \u00ab\u00a0\u00e9viter une seconde crise post-\u00e9lectorale\u00a0\u00bb en C\u00f4te d\u2019Ivoire o\u00f9 les grandes manoeuvres en vue de la pr\u00e9sidentielle de 2020 ont d\u00e9j\u00e0 commenc\u00e9. M. Duncan est officiellement membre du Parti d\u00e9mocratique de C\u00f4te [&hellip;]<\/p>\n","protected":false},"author":1965,"featured_media":0,"comment_status":"closed","ping_status":"closed","sticky":false,"template":"","format":"standard","meta":{"fifu_image_url":"","fifu_image_alt":"","footnotes":""},"categories":[73,82],"tags":[],"class_list":["post-23104","post","type-post","status-publish","format-standard","hentry","category-actualite","category-cameroun"],"_links":{"self":[{"href":"https:\/\/linitiative.ca\/International\/wp-json\/wp\/v2\/posts\/23104","targetHints":{"allow":["GET"]}}],"collection":[{"href":"https:\/\/linitiative.ca\/International\/wp-json\/wp\/v2\/posts"}],"about":[{"href":"https:\/\/linitiative.ca\/International\/wp-json\/wp\/v2\/types\/post"}],"author":[{"embeddable":true,"href":"https:\/\/linitiative.ca\/International\/wp-json\/wp\/v2\/users\/1965"}],"replies":[{"embeddable":true,"href":"https:\/\/linitiative.ca\/International\/wp-json\/wp\/v2\/comments?post=23104"}],"version-history":[{"count":0,"href":"https:\/\/linitiative.ca\/International\/wp-json\/wp\/v2\/posts\/23104\/revisions"}],"wp:attachment":[{"href":"https:\/\/linitiative.ca\/International\/wp-json\/wp\/v2\/media?parent=23104"}],"wp:term":[{"taxonomy":"category","embeddable":true,"href":"https:\/\/linitiative.ca\/International\/wp-json\/wp\/v2\/categories?post=23104"},{"taxonomy":"post_tag","embeddable":true,"href":"https:\/\/linitiative.ca\/International\/wp-json\/wp\/v2\/tags?post=23104"}],"curies":[{"name":"wp","href":"https:\/\/api.w.org\/{rel}","templated":true}]}}