{"id":23120,"date":"2019-03-20T13:12:40","date_gmt":"2019-03-20T17:12:40","guid":{"rendered":"https:\/\/linitiative.ca\/International\/climat-des-affaires-10-nouvelles-recommandations-pour-le-cbf-2019\/"},"modified":"2019-03-20T13:12:40","modified_gmt":"2019-03-20T17:12:40","slug":"climat-des-affaires-10-nouvelles-recommandations-pour-le-cbf-2019","status":"publish","type":"post","link":"https:\/\/linitiative.ca\/International\/climat-des-affaires-10-nouvelles-recommandations-pour-le-cbf-2019\/","title":{"rendered":"Climat des affaires : 10 nouvelles recommandations pour le CBF 2019"},"content":{"rendered":"<p>La suite de\u00a0<strong>Joseph Dion Ngute<\/strong>, le Premier ministre, Chef du gouvernement, \u00e0 la 10\u00e8me session du Cameroon Business Forum \u00e9tait imposante. Le ministre d\u2019Etat, ministre de la Justice,\u00a0<strong>Laurent Esso<\/strong>,\u00a0<strong>Louis Paul Motaze<\/strong>, le ministre des Finances,<strong>S\u00e9raphin Magloire Fouda<\/strong>, le Secr\u00e9taire g\u00e9n\u00e9ral des services du Premier Ministre,\u00a0<strong>Henri Eyebe Ayissi<\/strong>, en charge des Domaines, du Cadastre et des Affaires fonci\u00e8res,\u00a0<strong>Luc Magloire Mbarga Atangana<\/strong>\u00a0du Commerce, le <strong>Dr. Ta\u00efga<\/strong>, de l\u2019Elevage, des P\u00eaches et des Industries animales,\u00a0<strong>Jules Doret Ndongo,\u00a0<\/strong>des For\u00eats et de la Faune,\u00a0<strong>Narcisse Mouelle Kombi<\/strong>, des Sports et de l\u2019Education physique,\u00a0<strong>Jean Ernest Massena Ngalle Bibehe<\/strong>, des Transports,\u00a0<strong>Minette Libom li Likeng<\/strong>, des Postes et T\u00e9l\u00e9communications,\u00a0<strong>Gaston Eloundou Essomba<\/strong>, de l\u2019Eau et de l\u2019\u00e9nergie,\u00a0<strong>Gabriel Mbairobe<\/strong>, de l\u2019Agriculture et du D\u00e9veloppement rural,\u00a0<strong>C\u00e9lestine Ketcha Courtes<\/strong>, de l\u2019Habitat et du D\u00e9veloppement urbain,\u00a0<strong>Gabriel Dodo Ndoke<\/strong>, des Mines, de l\u2019Industries et du D\u00e9veloppement technologique,\u00a0<strong>Achille Bassilekin lll<\/strong>, des Petites et Moyennes entreprises, de l\u2019Economie sociale et Artisanat ou encore\u00a0<strong>Paul Tassong, Fru Calisthus Gentry, Touna Mama,<\/strong>\u00a0respectivement ministre d\u00e9l\u00e9gu\u00e9 aupr\u00e8s du ministre de l\u2019Economie, du Plan et de l\u2019Am\u00e9nagement du Territoire, Secr\u00e9taire d\u2019Etat Minmidt et\u00a0\u00a0Conseiller sp\u00e9cial N\u00b01 du Premier ministre.<\/p>\n<p>Rencontre de haut niveau entre le secteur priv\u00e9 et public, \u00e0 laquelle assistaient\u00a0<strong>Hans Shadek<\/strong>, Chef de la d\u00e9l\u00e9gation de l\u2019Union Europ\u00e9enne au Cameroun, repr\u00e9sentant des partenaires au d\u00e9veloppement,\u00a0<strong>Christophe Eken<\/strong>, le pr\u00e9sident de la Chambre de commerce, d\u2019industrie, des mines et de l\u2019artisanat (Ccima),\u00a0<strong>C\u00e9lestin Tawamba<\/strong>, le pr\u00e9sident du Groupement inter patronal du Cameroun (<strong>Gicam<\/strong>), et pr\u00e9sident de la Coordination patronale du Cameroun, et\u00a0<strong>Mo\u00efse Ekedi<\/strong>\u00a0<strong>Endene<\/strong>, repr\u00e9sentant de l\u2019<strong>IFC<\/strong>, du groupe de\u00a0<strong>Banque mondiale<\/strong>, Secr\u00e9taire permanent du CBF. Plac\u00e9 sous le th\u00e8me \u00ab\u00a0<em>Emergence et d\u00e9veloppement de l\u2019investissement<\/em>\u00a0\u00bb, le\u00a0CBF 2019 se tient dans un contexte particulier marqu\u00e9 par la derni\u00e8re ligne droite du programme de la Facilit\u00e9 \u00e9largie de cr\u00e9dit conclu entre le Cameroun et le Fonds mon\u00e9taire international (FMI), la crise dans les r\u00e9gions du Nord et du Sud-ouest, et au lendemain d\u2019un nouveau classement Doing business d\u00e9favorable pour le Cameroun\u00a0qui a d\u00e9gringol\u00e9 de trois places. Contexte opportun\u00e9ment rappel\u00e9 par le secteur priv\u00e9.<\/p>\n<p>Christophe Eken, le pr\u00e9sident de la (Ccima) a d\u00e9plor\u00e9\u00a0<em>\u00ab\u00a0le rythme lent et la mauvaise qualit\u00e9 des r\u00e9formes\u00a0<\/em>\u00bb engag\u00e9es depuis 2009. Alors que C\u00e9lestin Tawamba parle de \u00ab\u00a0<em>r\u00e9sultats d\u00e9cevants<\/em>\u00a0\u00bb.\u00a0<em>\u00ab\u00a0 Les hommes d\u2019affaires sont fatigu\u00e9s<\/em>\u00bb, poursuit-il, visiblement exasp\u00e9r\u00e9. Comme pour d\u00e9fendre le secteur public, le Premier ministre Joseph Dion Ngute cite \u00ab\u00a0<em>la mise en place des centres de formalit\u00e9s de cr\u00e9ation des entreprises, la r\u00e9duction du capital \u00e0 minimum 100.000 FCFA, le recours optionnel au notaire dans le cadre de la constitution d\u2019une soci\u00e9t\u00e9 anonyme \u00e0 responsabilit\u00e9 limit\u00e9e, la cr\u00e9ation en ligne\u00a0\u00a0d\u2019une entreprise via le guichet \u00e9lectronique \u00ab\u00a0my\u00a0<\/em><a href=\"http:\/\/business.cm\/\"><em>business.cm<\/em><\/a><em>\u00ab\u00a0, la d\u00e9mat\u00e9rialisation des op\u00e9rations du commerce ext\u00e9rieur, l\u2019instauration du plan fiscal de la t\u00e9l\u00e9d\u00e9claration et du t\u00e9l\u00e9paiement, la cr\u00e9ation d\u2019un guichet unique dans le domaine foncier et dans les actes d\u2019urbanisme\u00a0<\/em>\u00bb. Au total, 150 recommandations ont \u00e9t\u00e9 ex\u00e9cut\u00e9es sur 200 adopt\u00e9es depuis l\u2019existence du CBF.<\/p>\n<p><span class=\"c2\"><strong>Doing business: s<\/strong><strong>eulement 30% des r\u00e9formes valid\u00e9es<\/strong><\/span><\/p>\n<p>En pl\u00e9ni\u00e8re, lors des ateliers et dans les coulisses, le m\u00eame sentiment est partag\u00e9: le bilan de la mise en \u0153uvre, depuis 2009, des recommandations du CBF est en de\u00e7\u00e0 des attentes. L\u2019ex\u00e9cution de 150 recommandations sur un total de 200 adopt\u00e9es, cache une inqui\u00e9tante r\u00e9alit\u00e9. 90 recommandations ont \u00ab\u00a0<em>abouti \u00e0 des r\u00e9formes d\u00e9terminantes<\/em>\u00a0\u00bb, explique le Premier ministre. Mais d\u2019apr\u00e8s\u00a0<strong>Mo\u00efse Ekedi Endene<\/strong>, Secr\u00e9taire permanent du CBF et repr\u00e9sentant de l\u2019IFC,\u00a0<em>\u00ab\u00a0seulement\u00a0<strong>70 r\u00e9formes abouties<\/strong>\u00a0sont \u00e9ligibles aux crit\u00e8res du Doing business<\/em>\u00a0\u00bb. Pire,\u00a0<strong>20 de ces r\u00e9formes<\/strong>\u00a0ont \u00e9t\u00e9 reconnues sur le plan international, soit 30% des\u00a0<strong>90 r\u00e9formes sens\u00e9es<\/strong>\u00a0avoir abouties. Par ailleurs, explique le Secr\u00e9taire permanent du CBF, sur\u00a0\u00a0les\u00a0<strong>28 recommandations<\/strong>\u00a0adopt\u00e9es en 2018, 5 ont connu une \u00e9volution satisfaisante (ex\u00e9cution de\u00a0<strong>200 normes nationales<\/strong>\u00a0issues des normes internationales et r\u00e9gionales, recapitalisation de la banque des PME, acc\u00e9l\u00e9ration du paiement de la dette int\u00e9rieure pour un montant cumul\u00e9 de<strong>40 milliards de FCFA<\/strong>\u2026.),\u00a0\u00a0<strong>15<\/strong>\u00a0ont \u00e9t\u00e9 ex\u00e9cut\u00e9es ou en cours de finalisation,\u00a0<strong>4<\/strong>\u00a0sont en cours d\u2019ex\u00e9cution et\u00a0<strong>4<\/strong>\u00a0ont \u00e9t\u00e9 purement et simplement ignor\u00e9es du fait de l\u2019indisponibilit\u00e9 des ressources. Soit un taux d\u2019ex\u00e9cution globale de\u00a0<strong>64% des r\u00e9formes<\/strong>\u00a0de 2018.<\/p>\n<blockquote readability=\"12\">\n<p>Plusieurs freins majeurs sont \u00e0 l\u2019origine de cette contre-performance.\u00a0<strong>Moise Ekedi Endene<\/strong>\u00a0\u00e9num\u00e8re: \u00ab\u00a0<em>absence de rigueur suffisante, lenteur dans le processus de prise de d\u00e9cision, bureaucratie excessive dans le traitement des dossiers, mauvaise appropriation des r\u00e9formes par les administrations, probl\u00e8mes de gouvernance etc\u2026\u00a0\u00bb<\/em><\/p>\n<\/blockquote>\n<p>Plusieurs freins majeurs sont \u00e0 l\u2019origine de cette contre-performance.\u00a0<strong>Moise Ekedi Endene<\/strong>\u00a0\u00e9num\u00e8re: \u00ab\u00a0<em>absence de rigueur suffisante, lenteur dans le processus de prise de d\u00e9cision, bureaucratie excessive dans le traitement des dossiers, mauvaise appropriation des r\u00e9formes par les administrations, probl\u00e8mes de gouvernance etc\u2026\u00a0\u00bb.<\/em>\u00a0Plusieurs actions restent d\u2019ailleurs non-engag\u00e9es, d\u2019apr\u00e8s le Secr\u00e9taire permanent du CBF: il s\u2019agit de \u00ab\u00a0l\u2019extension de l\u2019application\u00a0\u00a0\u00ab\u00a0my\u00a0<a href=\"http:\/\/business.cm\/\">business.cm<\/a>\u00a0\u00bb dans trois capitales r\u00e9gionales\u00a0<strong>Bafoussam, Bamenda et Ebolowa<\/strong>, la mise en place du dispositif \u00ab\u00a0Scada\u00a0\u00bb par Eneo, l\u2019introduction du paiement en esp\u00e8ces comme modalit\u00e9 de r\u00e8glement des imp\u00f4ts et taxes aupr\u00e8s des guichets de banque, la cr\u00e9ation des tribunaux de commerce. D\u2019autres, n\u00e9cessitent \u00ab\u00a0<em>une acc\u00e9l\u00e9ration de mise en \u0153uvre<\/em>\u00a0\u00bb : l\u2019information du processus de d\u00e9livrance des registres de commerce et du cr\u00e9dit mobilier, l\u2019introduction\u00a0\u00a0des engagements d\u00e9cidables des ma\u00eetres d\u2019ouvrage dans les constructions, l\u2019op\u00e9rationnalisation d\u2019un point de contr\u00f4le unique des marchandises \u00e0 la sortie du port autonome de Douala, la r\u00e9vision de la loi sur les \u00e9tablissements class\u00e9s. Egalement attendus, la d\u00e9signation des responsables de la Caisse de d\u00e9p\u00f4ts et de consignation, la loi sur le capital-risque, la r\u00e9vision du r\u00e9gime foncier, l\u2019archivage \u00e9lectronique des livres fonciers des villes de Douala et Yaound\u00e9, et l\u2019\u00e9laboration des codes de la construction.<\/p>\n<p><span class=\"c2\"><strong>Recommandations du CBF 2019<\/strong><\/span><\/p>\n<p><strong>\u00a0<\/strong>\u2013 Etendre l\u2019application \u00ab\u00a0My Business.cm\u00a0\u00bb dans 3 capitales de R\u00e9gions, en l\u2019occurrence Bamenda, Bafoussam, Ebolowa (Minmeepsa, au plus tard en D\u00e9cembre 2019).<\/p>\n<ul readability=\"1\">\n<li>Informatiser le processus de d\u00e9livrance des registres du commerce et de cr\u00e9dits mobiliers dans les tribunaux de 1\u00e8re instance des villes de Douala, Yaound\u00e9 et Garoua. (Minjistice, au plus tard en d\u00e9cembre 2019).<\/li>\n<li readability=\"1\">\n<p>Porter \u00e0 10 millions, le seuil du capital minimum des S.A.R.L. Tout le capital ayant recours alternatif aux notaires (d\u00e9cembre 2019).<\/p>\n<\/li>\n<li readability=\"1\">\n<p>Int\u00e9grer les services de la CNPS aux Centres de formalit\u00e9s de cr\u00e9ation d\u2019entreprises (Avril 2019, Minpmeesa et CNPS).<\/p>\n<\/li>\n<\/ul>\n<p><strong>II- Permis de construire<\/strong><\/p>\n<ul readability=\"0\">\n<li>Homologuer et revoir \u00e0 la baisse les co\u00fbts des autorisations administratives d\u2019occupation des sols ( Minhdu, Juin 2019).<\/li>\n<li readability=\"3\">\n<p>Finaliser le processus d\u2019engagement d\u00e9cennal pour les professionnels de la construction notamment les architectes, les ing\u00e9nieurs agissant comme ma\u00eetres d\u2019\u0153uvre (Juin 2019, Minhdu et l\u2019organisation des architectes et ing\u00e9nieurs).<\/p>\n<\/li>\n<\/ul>\n<p><strong>III- Acc\u00e8s \u00e0 l\u2019\u00e9lectricit\u00e9<\/strong><\/p>\n<ul>\n<li>Etendre la phase pilote de \u00ab\u00a0Scada\u00a0\u00bb, la distribution aux autres postes de distribution et de r\u00e9partition de Douala (D\u00e9cembre 2019, Minee et Eneo).<\/li>\n<\/ul>\n<p><strong>IV- Transfert de propri\u00e9t\u00e9s<\/strong><\/p>\n<ul>\n<li>Op\u00e9rationnaliser la mutualisation des formalit\u00e9s d\u2019enregistrement fiscal et foncier se d\u00e9roulant au m\u00eame endroit \u00e0 Douala et \u00e0 Yaound\u00e9 (Avril 2019, Mindcaf, Minfi)<\/li>\n<\/ul>\n<p><strong>V- Commerce transfrontalier<\/strong><\/p>\n<ul readability=\"2.5\">\n<li>Adopter et impl\u00e9menter un plan de fin de projet pour la d\u00e9mat\u00e9rialisation des op\u00e9rations de commerce ext\u00e9rieur (Juin 2019, Conafe, Guce).<\/li>\n<li readability=\"0\">\n<p>Impl\u00e9menter le concept d\u2019op\u00e9rateur agr\u00e9\u00e9 (Juin 2019, Douanes et Conafe).<\/p>\n<\/li>\n<li readability=\"5\">\n<p>Supprimer les contr\u00f4les interm\u00e9diaires de transport des marchandises en transit et les check-points conventionnels (Juin 2019, Mintransports, Douanes, Mindef, Ses, etc.)<\/p>\n<\/li>\n<\/ul>\n<p><strong>VI- R\u00e8glement des diff\u00e9rends<\/strong><\/p>\n<p><strong>VII- Inspection<\/strong><\/p>\n<ul>\n<li>Finaliser la r\u00e9vision de la loi sur les \u00e9tablissements class\u00e9s (Juin 2019, Minmidt, Minepded, Minsante, Mintoul).<\/li>\n<\/ul>\n<p><strong>VIII- Paiement des imp\u00f4ts<\/strong><\/p>\n<ul readability=\"5\">\n<li>Finaliser la mise en place du t\u00e9l\u00e9paiement au profit des grandes et moyennes entreprises (Avril 2019, Minfi).<\/li>\n<li readability=\"1\">\n<p>Proc\u00e9der \u00e0 la d\u00e9mat\u00e9rialisation compl\u00e8te des proc\u00e9dures contentieuses et de contr\u00f4le (Juin 2019, Minfi et Apeccam).<\/p>\n<\/li>\n<li readability=\"1\">\n<p>Conduire une \u00e9tude en vue de la diminution du nombre de paiements annuels par entreprises (Juin 2019, Minfi).<\/p>\n<\/li>\n<li readability=\"1\">\n<p>Finaliser l\u2019institution du timbre fiscal \u00e9lectronique pour les formalit\u00e9s en ligne (Juin 2019, Minfi).<\/p>\n<\/li>\n<li readability=\"1\">\n<p>Proc\u00e9der \u00e0 la d\u00e9mat\u00e9rialisation de la proc\u00e9dure d\u2019enregistrement des d\u00e9cisions de justice (D\u00e9cembre 2019, Minfi).<\/p>\n<\/li>\n<\/ul>\n<p><strong>IX- Acc\u00e8s aux cr\u00e9dits<\/strong><\/p>\n<ul>\n<li>Op\u00e9rationnaliser le r\u00e9pertoire national des s\u00fbret\u00e9s mobili\u00e8res (Avril 2019, Minfi, Comit\u00e9 national de cr\u00e9dit).<\/li>\n<\/ul>\n<p><strong>X- Gouvernance<\/strong><\/p>\n<div class=\"about-author about-author-box container-wrapper\">\n<div class=\"author-avatar\">\n<p><img decoding=\"async\" src=\"http:\/\/\" alt=\"\"\/><\/p>\n<\/div>\n<p><h4>La R\u00e9daction EcoMatin<\/h4>\n<\/p>\n<\/div>\n<div class=\"awac-wrapper awac widget blog_subscription-2\">\n<h4 class=\"widget-title\">Abonnez-vous \u00e0 notre lettre d&rsquo;information<\/h4>\n<\/div>\n<p>Auteur: EcoMatin<br \/>\n<a href=\"https:\/\/ecomatin.net\/cameroon-business-forum-bilan-mitige-10-ans-apres\/\">Cliquez ici pour lire l&rsquo;article depuis sa source.<\/a><\/p>\n","protected":false},"excerpt":{"rendered":"<p>La suite de\u00a0Joseph Dion Ngute, le Premier ministre, Chef du gouvernement, \u00e0 la 10\u00e8me session du Cameroon Business Forum \u00e9tait imposante. Le ministre d\u2019Etat, ministre de la Justice,\u00a0Laurent Esso,\u00a0Louis Paul Motaze, le ministre des Finances,S\u00e9raphin Magloire Fouda, le Secr\u00e9taire g\u00e9n\u00e9ral des services du Premier Ministre,\u00a0Henri Eyebe Ayissi, en charge des Domaines, du Cadastre et des [&hellip;]<\/p>\n","protected":false},"author":1969,"featured_media":0,"comment_status":"closed","ping_status":"closed","sticky":false,"template":"","format":"standard","meta":{"fifu_image_url":"","fifu_image_alt":"","footnotes":""},"categories":[82,78],"tags":[],"class_list":["post-23120","post","type-post","status-publish","format-standard","hentry","category-cameroun","category-economie"],"_links":{"self":[{"href":"https:\/\/linitiative.ca\/International\/wp-json\/wp\/v2\/posts\/23120","targetHints":{"allow":["GET"]}}],"collection":[{"href":"https:\/\/linitiative.ca\/International\/wp-json\/wp\/v2\/posts"}],"about":[{"href":"https:\/\/linitiative.ca\/International\/wp-json\/wp\/v2\/types\/post"}],"author":[{"embeddable":true,"href":"https:\/\/linitiative.ca\/International\/wp-json\/wp\/v2\/users\/1969"}],"replies":[{"embeddable":true,"href":"https:\/\/linitiative.ca\/International\/wp-json\/wp\/v2\/comments?post=23120"}],"version-history":[{"count":0,"href":"https:\/\/linitiative.ca\/International\/wp-json\/wp\/v2\/posts\/23120\/revisions"}],"wp:attachment":[{"href":"https:\/\/linitiative.ca\/International\/wp-json\/wp\/v2\/media?parent=23120"}],"wp:term":[{"taxonomy":"category","embeddable":true,"href":"https:\/\/linitiative.ca\/International\/wp-json\/wp\/v2\/categories?post=23120"},{"taxonomy":"post_tag","embeddable":true,"href":"https:\/\/linitiative.ca\/International\/wp-json\/wp\/v2\/tags?post=23120"}],"curies":[{"name":"wp","href":"https:\/\/api.w.org\/{rel}","templated":true}]}}