{"id":23139,"date":"2019-03-21T06:00:00","date_gmt":"2019-03-21T10:00:00","guid":{"rendered":"https:\/\/linitiative.ca\/International\/le-rnd-se-demarque\/"},"modified":"2019-03-21T06:00:00","modified_gmt":"2019-03-21T10:00:00","slug":"le-rnd-se-demarque","status":"publish","type":"post","link":"https:\/\/linitiative.ca\/International\/le-rnd-se-demarque\/","title":{"rendered":"Le RND se d\u00e9marque"},"content":{"rendered":"<div id=\"originalText\" readability=\"51\">\n<p>Le RND adh\u00e8re \u00e0 la feuille de route propos\u00e9e par le pr\u00e9sident Bouteflika. La position officielle du parti, d\u00e9clin\u00e9e hier dans un communiqu\u00e9 rendu public sur son portail web, tranche totalement avec les r\u00e9v\u00e9lations de son porte-parole, Seddik Chihab, la veille, sur un plateau d\u2019une cha\u00eene de t\u00e9l\u00e9vision priv\u00e9e. Dans ledit communiqu\u00e9, l\u2019intervention du bras droit d\u2019Ahmed Ouyahia est qualifi\u00e9e de \u201cr\u00e9action \u00e9motive\u201d, induite par \u201cun d\u00e9bat orient\u00e9 et provocateur\u201d. Il y est clairement notifi\u00e9 que les d\u00e9clarations du d\u00e9put\u00e9 n\u2019engagent que sa propre personne et qu\u2019elles marquent \u201cun \u00e9loignement des positions connues du parti\u201d. Le Rassemblement national d\u00e9mocratique a tenu \u00e0 pr\u00e9ciser que \u201cla position du parti est d\u00e9finie dans la lettre adress\u00e9e par le secr\u00e9taire g\u00e9n\u00e9ral, Ahmed Ouyahia, en date du 17 mars 2019. Nous avons livr\u00e9 la lecture du parti des \u00e9v\u00e9nements actuels et rappel\u00e9 notre respect et notre fid\u00e9lit\u00e9 au Pr\u00e9sident \u00e0 propos notamment de ses deux lettres adress\u00e9es \u00e0 la nation\u201d. L\u2019ex-Premier ministre d\u00e9veloppe, par le truchement de sa formation politique, un discours ambivalent. Il incite les pouvoirs publics \u00e0 satisfaire rapidement les revendications du peuple, mais ne lui donne gu\u00e8re le droit de d\u00e9cider par lui-m\u00eame de son sort. Il impose, autant que les autres appendices du syst\u00e8me, la tutelle d\u2019un homme \u00e2g\u00e9, malade et surtout rejet\u00e9 par des millions d\u2019Alg\u00e9riens, sur la p\u00e9riode de transition.\u00a0\u00a0\u00a0\u00a0\u00a0<\/p>\n<\/div>\n<div id=\"text_core\" readability=\"51\">\n<p>Le RND adh\u00e8re \u00e0 la feuille de route propos\u00e9e par le pr\u00e9sident Bouteflika. La position officielle du parti, d\u00e9clin\u00e9e hier dans un communiqu\u00e9 rendu public sur son portail web, tranche totalement avec les r\u00e9v\u00e9lations de son porte-parole, Seddik Chihab, la veille, sur un plateau d\u2019une cha\u00eene de t\u00e9l\u00e9vision priv\u00e9e. Dans ledit communiqu\u00e9, l\u2019intervention du bras droit d\u2019Ahmed Ouyahia est qualifi\u00e9e de \u201cr\u00e9action \u00e9motive\u201d, induite par \u201cun d\u00e9bat orient\u00e9 et provocateur\u201d. Il y est clairement notifi\u00e9 que les d\u00e9clarations du d\u00e9put\u00e9 n\u2019engagent que sa propre personne et qu\u2019elles marquent \u201cun \u00e9loignement des positions connues du parti\u201d. Le Rassemblement national d\u00e9mocratique a tenu \u00e0 pr\u00e9ciser que \u201cla position du parti est d\u00e9finie dans la lettre adress\u00e9e par le secr\u00e9taire g\u00e9n\u00e9ral, Ahmed Ouyahia, en date du 17 mars 2019. Nous avons livr\u00e9 la lecture du parti des \u00e9v\u00e9nements actuels et rappel\u00e9 notre respect et notre fid\u00e9lit\u00e9 au Pr\u00e9sident \u00e0 propos notamment de ses deux lettres adress\u00e9es \u00e0 la nation\u201d. L\u2019ex-Premier ministre d\u00e9veloppe, par le truchement de sa formation politique, un discours ambivalent. Il incite les pouvoirs publics \u00e0 satisfaire rapidement les revendications du peuple, mais ne lui donne gu\u00e8re le droit de d\u00e9cider par lui-m\u00eame de son sort. Il impose, autant que les autres appendices du syst\u00e8me, la tutelle d\u2019un homme \u00e2g\u00e9, malade et surtout rejet\u00e9 par des millions d\u2019Alg\u00e9riens, sur la p\u00e9riode de transition.\u00a0\u00a0\u00a0\u00a0\u00a0<\/p>\n<\/div>\n<p>Auteur:<br \/>\n<a href=\"https:\/\/www.liberte-algerie.com\/actualite\/le-rnd-se-demarque-312068\">Cliquez ici pour lire l&rsquo;article depuis sa source.<\/a><\/p>\n","protected":false},"excerpt":{"rendered":"<p>Le RND adh\u00e8re \u00e0 la feuille de route propos\u00e9e par le pr\u00e9sident Bouteflika. La position officielle du parti, d\u00e9clin\u00e9e hier dans un communiqu\u00e9 rendu public sur son portail web, tranche totalement avec les r\u00e9v\u00e9lations de son porte-parole, Seddik Chihab, la veille, sur un plateau d\u2019une cha\u00eene de t\u00e9l\u00e9vision priv\u00e9e. Dans ledit communiqu\u00e9, l\u2019intervention du bras [&hellip;]<\/p>\n","protected":false},"author":1742,"featured_media":0,"comment_status":"closed","ping_status":"closed","sticky":false,"template":"","format":"standard","meta":{"fifu_image_url":"","fifu_image_alt":"","footnotes":""},"categories":[73,53],"tags":[],"class_list":["post-23139","post","type-post","status-publish","format-standard","hentry","category-actualite","category-algerie"],"_links":{"self":[{"href":"https:\/\/linitiative.ca\/International\/wp-json\/wp\/v2\/posts\/23139","targetHints":{"allow":["GET"]}}],"collection":[{"href":"https:\/\/linitiative.ca\/International\/wp-json\/wp\/v2\/posts"}],"about":[{"href":"https:\/\/linitiative.ca\/International\/wp-json\/wp\/v2\/types\/post"}],"author":[{"embeddable":true,"href":"https:\/\/linitiative.ca\/International\/wp-json\/wp\/v2\/users\/1742"}],"replies":[{"embeddable":true,"href":"https:\/\/linitiative.ca\/International\/wp-json\/wp\/v2\/comments?post=23139"}],"version-history":[{"count":0,"href":"https:\/\/linitiative.ca\/International\/wp-json\/wp\/v2\/posts\/23139\/revisions"}],"wp:attachment":[{"href":"https:\/\/linitiative.ca\/International\/wp-json\/wp\/v2\/media?parent=23139"}],"wp:term":[{"taxonomy":"category","embeddable":true,"href":"https:\/\/linitiative.ca\/International\/wp-json\/wp\/v2\/categories?post=23139"},{"taxonomy":"post_tag","embeddable":true,"href":"https:\/\/linitiative.ca\/International\/wp-json\/wp\/v2\/tags?post=23139"}],"curies":[{"name":"wp","href":"https:\/\/api.w.org\/{rel}","templated":true}]}}