{"id":23141,"date":"2019-03-21T06:00:00","date_gmt":"2019-03-21T10:00:00","guid":{"rendered":"https:\/\/linitiative.ca\/International\/plainte-au-conseil-detat\/"},"modified":"2019-03-21T06:00:00","modified_gmt":"2019-03-21T10:00:00","slug":"plainte-au-conseil-detat","status":"publish","type":"post","link":"https:\/\/linitiative.ca\/International\/plainte-au-conseil-detat\/","title":{"rendered":"Plainte au conseil d\u2019\u00e9tat"},"content":{"rendered":"<div id=\"originalText\" readability=\"42\">\n<p>Pour contester la l\u00e9galit\u00e9 de l\u2019instance qui dirige le FLN, hier, vingt-huit membres du comit\u00e9 central ont d\u00e9pos\u00e9 plainte au Conseil d\u2019\u00c9tat. Dans cette requ\u00eate, les membres, dont Baadji Abou El-Fadhl, Rachid Assas, Amar Frikha ou encore Madani Berada\u00ef, se plaignent du fait que l\u2019installation de l\u2019actuelle direction coll\u00e9giale du FLN ne se base sur aucun texte l\u00e9gal. La plainte a \u00e9t\u00e9 enregistr\u00e9e. Mais son issue demeure incertaine.\u00a0\u00a0\u00a0\u00a0\u00a0<\/p>\n<\/div>\n<div id=\"text_core\" readability=\"42\">\n<p>Pour contester la l\u00e9galit\u00e9 de l\u2019instance qui dirige le FLN, hier, vingt-huit membres du comit\u00e9 central ont d\u00e9pos\u00e9 plainte au Conseil d\u2019\u00c9tat. Dans cette requ\u00eate, les membres, dont Baadji Abou El-Fadhl, Rachid Assas, Amar Frikha ou encore Madani Berada\u00ef, se plaignent du fait que l\u2019installation de l\u2019actuelle direction coll\u00e9giale du FLN ne se base sur aucun texte l\u00e9gal. La plainte a \u00e9t\u00e9 enregistr\u00e9e. Mais son issue demeure incertaine.\u00a0\u00a0\u00a0\u00a0\u00a0<\/p>\n<\/div>\n<p>Auteur:<br \/>\n<a href=\"https:\/\/www.liberte-algerie.com\/actualite\/plainte-au-conseil-detat-312066\">Cliquez ici pour lire l&rsquo;article depuis sa source.<\/a><\/p>\n","protected":false},"excerpt":{"rendered":"<p>Pour contester la l\u00e9galit\u00e9 de l\u2019instance qui dirige le FLN, hier, vingt-huit membres du comit\u00e9 central ont d\u00e9pos\u00e9 plainte au Conseil d\u2019\u00c9tat. Dans cette requ\u00eate, les membres, dont Baadji Abou El-Fadhl, Rachid Assas, Amar Frikha ou encore Madani Berada\u00ef, se plaignent du fait que l\u2019installation de l\u2019actuelle direction coll\u00e9giale du FLN ne se base sur [&hellip;]<\/p>\n","protected":false},"author":1742,"featured_media":0,"comment_status":"closed","ping_status":"closed","sticky":false,"template":"","format":"standard","meta":{"fifu_image_url":"","fifu_image_alt":"","footnotes":""},"categories":[73,53],"tags":[],"class_list":["post-23141","post","type-post","status-publish","format-standard","hentry","category-actualite","category-algerie"],"_links":{"self":[{"href":"https:\/\/linitiative.ca\/International\/wp-json\/wp\/v2\/posts\/23141","targetHints":{"allow":["GET"]}}],"collection":[{"href":"https:\/\/linitiative.ca\/International\/wp-json\/wp\/v2\/posts"}],"about":[{"href":"https:\/\/linitiative.ca\/International\/wp-json\/wp\/v2\/types\/post"}],"author":[{"embeddable":true,"href":"https:\/\/linitiative.ca\/International\/wp-json\/wp\/v2\/users\/1742"}],"replies":[{"embeddable":true,"href":"https:\/\/linitiative.ca\/International\/wp-json\/wp\/v2\/comments?post=23141"}],"version-history":[{"count":0,"href":"https:\/\/linitiative.ca\/International\/wp-json\/wp\/v2\/posts\/23141\/revisions"}],"wp:attachment":[{"href":"https:\/\/linitiative.ca\/International\/wp-json\/wp\/v2\/media?parent=23141"}],"wp:term":[{"taxonomy":"category","embeddable":true,"href":"https:\/\/linitiative.ca\/International\/wp-json\/wp\/v2\/categories?post=23141"},{"taxonomy":"post_tag","embeddable":true,"href":"https:\/\/linitiative.ca\/International\/wp-json\/wp\/v2\/tags?post=23141"}],"curies":[{"name":"wp","href":"https:\/\/api.w.org\/{rel}","templated":true}]}}