{"id":23143,"date":"2019-03-21T06:00:00","date_gmt":"2019-03-21T10:00:00","guid":{"rendered":"https:\/\/linitiative.ca\/International\/le-systeme-vit-il-ses-derniers-jours\/"},"modified":"2019-03-21T06:00:00","modified_gmt":"2019-03-21T10:00:00","slug":"le-systeme-vit-il-ses-derniers-jours","status":"publish","type":"post","link":"https:\/\/linitiative.ca\/International\/le-systeme-vit-il-ses-derniers-jours\/","title":{"rendered":"Le syst\u00e8me vit-il ses derniers jours ?"},"content":{"rendered":"<div id=\"originalText\" readability=\"75\">\n<p>Le syst\u00e8me avec lequel le pr\u00e9sident Bouteflika a pr\u00e9sid\u00e9 aux destin\u00e9es de l\u2019Alg\u00e9rie depuis 1999 vit-il ses derniers jours ? La r\u00e9ponse \u00e0 cette lancinante question tend plut\u00f4t vers l\u2019affirmative \u00e9tant donn\u00e9 l\u2019instabilit\u00e9 et le flou total qui r\u00e8gnent en ma\u00eetre en ce moment au sein de toutes les institutions de l\u2019\u00c9tat. En tout cas, les signes avant-coureurs de la fin de l\u2019\u00e8re de Bouteflika sont clairement perceptibles depuis le 22 f\u00e9vrier dernier, date de la premi\u00e8re marche. Ce jour-l\u00e0, le peuple s\u2019est lev\u00e9 comme un seul homme, a brav\u00e9 l\u2019interdit et a impos\u00e9 cette premi\u00e8re manifestation pacifique. Cette d\u00e9termination de la population \u00e0 vouloir exprimer dans la rue son ras-le-bol et son opposition \u00e0 un cinqui\u00e8me mandat de Bouteflika a fait reculer le pouvoir. Et ce repli oblig\u00e9 ou tactique de ce dernier constitue, en lui-m\u00eame, la premi\u00e8re grosse fissure dans le syst\u00e8me. \u00c0 chaque cri s\u00e9ditieux de la rue, de larges pans du r\u00e9gime s\u2019\u00e9croulent. Au fur et \u00e0 mesure que la grogne populaire s\u2019intensifie, le pouvoir, accul\u00e9, accorde, malgr\u00e9 lui, des concessions. M. Bouteflika ou son entourage tente de r\u00e9pondre favorablement \u00e0 la revendication des dizaines de millions d\u2019Alg\u00e9riens qui battent le pav\u00e9 chaque vendredi et promet de ne plus se porter candidat \u00e0 la pr\u00e9sidentielle. Or, \u00e0 l\u2019unisson, le peuple exige le d\u00e9part de tout le syst\u00e8me. Preuve en est, toutes les propositions \u00e9manant du palais d\u2019El-Mouradia sont tout simplement rejet\u00e9es en bloc par les marcheurs. Pour ce cinqui\u00e8me vendredi cons\u00e9cutif du \u201cHirak populaire\u201d, le peuple va, encore une fois, dire que l\u2019Alg\u00e9rie ne veut ni monarchie ni oligarchie. Et tout porte \u00e0 croire que le 5e \u00e9pisode de cette s\u00e9dition pacifique se passera, \u00e0 l\u2019instar des pr\u00e9c\u00e9dents, dans la communion et la fraternit\u00e9 entre tous les enfants du pays, notamment les \u00e9l\u00e9ments des services de s\u00e9curit\u00e9. Ceux-ci se sentent, en effet, plus proches de leurs concitoyens, encadrent les marches et veillent au bon d\u00e9roulement de toutes les manifestations dans l\u2019ar\u00e8ne de la contestation. L\u2019on sera tent\u00e9 de dire que le processus de \u201cd\u00e9bouteflikisation\u201d est, d\u2019ores et d\u00e9j\u00e0, enclench\u00e9 car, l\u2019arm\u00e9e, sur laquelle s\u2019appuyait auparavant le chef de l\u2019\u00c9tat pour faire passer ses d\u00e9cisions les plus irr\u00e9guli\u00e8res et impopulaires, demeure au contraire et \u201cen toute circonstance le rempart du peuple et de la nation\u201d, souligne, dans un message, le chef d\u2019\u00e9tat-major et vice-ministre de la D\u00e9fense nationale, Ahmed Ga\u00efd Salah. Voil\u00e0 encore une autre immense l\u00e9zarde qui \u00e9branle davantage le syst\u00e8me en place. Les d\u00e9fections en cascade enregistr\u00e9es dans les rangs du pouvoir au lendemain de la \u201cr\u00e9volution blanche\u201d, comme aiment \u00e0 la qualifier les manifestants, prouvent que le navire prend eau de toutes parts. Les alli\u00e9s du syst\u00e8me quittent le bateau qui a de la peine \u00e0 s\u2019arrimer au vent de la r\u00e9volte qui souffle depuis un mois sur le pays. Le refus des magistrats de juger les manifestants se veut, en outre, un acte hautement symbolique qui signifie que les fondations du syst\u00e8me menacent ruine s\u00e9rieusement\u2026 La crise qui secoue les organisations inf\u00e9od\u00e9es au pouvoir, telles que l\u2019UGTA, le FCE\u2026, et la difficult\u00e9 que rencontre Noureddine Bedoui \u00e0 former son gouvernement sonnent l\u2019heure de la fin du syst\u00e8me qui doit imp\u00e9rativement basculer vers la 2e R\u00e9publique.<\/p>\n<p class=\"c10\"><strong>B. K.<\/strong><\/p>\n<\/div>\n<div id=\"text_core\" readability=\"75\">\n<p>Le syst\u00e8me avec lequel le pr\u00e9sident Bouteflika a pr\u00e9sid\u00e9 aux destin\u00e9es de l\u2019Alg\u00e9rie depuis 1999 vit-il ses derniers jours ? La r\u00e9ponse \u00e0 cette lancinante question tend plut\u00f4t vers l\u2019affirmative \u00e9tant donn\u00e9 l\u2019instabilit\u00e9 et le flou total qui r\u00e8gnent en ma\u00eetre en ce moment au sein de toutes les institutions de l\u2019\u00c9tat. En tout cas, les signes avant-coureurs de la fin de l\u2019\u00e8re de Bouteflika sont clairement perceptibles depuis le 22 f\u00e9vrier dernier, date de la premi\u00e8re marche. Ce jour-l\u00e0, le peuple s\u2019est lev\u00e9 comme un seul homme, a brav\u00e9 l\u2019interdit et a impos\u00e9 cette premi\u00e8re manifestation pacifique. Cette d\u00e9termination de la population \u00e0 vouloir exprimer dans la rue son ras-le-bol et son opposition \u00e0 un cinqui\u00e8me mandat de Bouteflika a fait reculer le pouvoir. Et ce repli oblig\u00e9 ou tactique de ce dernier constitue, en lui-m\u00eame, la premi\u00e8re grosse fissure dans le syst\u00e8me. \u00c0 chaque cri s\u00e9ditieux de la rue, de larges pans du r\u00e9gime s\u2019\u00e9croulent. Au fur et \u00e0 mesure que la grogne populaire s\u2019intensifie, le pouvoir, accul\u00e9, accorde, malgr\u00e9 lui, des concessions. M. Bouteflika ou son entourage tente de r\u00e9pondre favorablement \u00e0 la revendication des dizaines de millions d\u2019Alg\u00e9riens qui battent le pav\u00e9 chaque vendredi et promet de ne plus se porter candidat \u00e0 la pr\u00e9sidentielle. Or, \u00e0 l\u2019unisson, le peuple exige le d\u00e9part de tout le syst\u00e8me. Preuve en est, toutes les propositions \u00e9manant du palais d\u2019El-Mouradia sont tout simplement rejet\u00e9es en bloc par les marcheurs. Pour ce cinqui\u00e8me vendredi cons\u00e9cutif du \u201cHirak populaire\u201d, le peuple va, encore une fois, dire que l\u2019Alg\u00e9rie ne veut ni monarchie ni oligarchie. Et tout porte \u00e0 croire que le 5e \u00e9pisode de cette s\u00e9dition pacifique se passera, \u00e0 l\u2019instar des pr\u00e9c\u00e9dents, dans la communion et la fraternit\u00e9 entre tous les enfants du pays, notamment les \u00e9l\u00e9ments des services de s\u00e9curit\u00e9. Ceux-ci se sentent, en effet, plus proches de leurs concitoyens, encadrent les marches et veillent au bon d\u00e9roulement de toutes les manifestations dans l\u2019ar\u00e8ne de la contestation. L\u2019on sera tent\u00e9 de dire que le processus de \u201cd\u00e9bouteflikisation\u201d est, d\u2019ores et d\u00e9j\u00e0, enclench\u00e9 car, l\u2019arm\u00e9e, sur laquelle s\u2019appuyait auparavant le chef de l\u2019\u00c9tat pour faire passer ses d\u00e9cisions les plus irr\u00e9guli\u00e8res et impopulaires, demeure au contraire et \u201cen toute circonstance le rempart du peuple et de la nation\u201d, souligne, dans un message, le chef d\u2019\u00e9tat-major et vice-ministre de la D\u00e9fense nationale, Ahmed Ga\u00efd Salah. Voil\u00e0 encore une autre immense l\u00e9zarde qui \u00e9branle davantage le syst\u00e8me en place. Les d\u00e9fections en cascade enregistr\u00e9es dans les rangs du pouvoir au lendemain de la \u201cr\u00e9volution blanche\u201d, comme aiment \u00e0 la qualifier les manifestants, prouvent que le navire prend eau de toutes parts. Les alli\u00e9s du syst\u00e8me quittent le bateau qui a de la peine \u00e0 s\u2019arrimer au vent de la r\u00e9volte qui souffle depuis un mois sur le pays. Le refus des magistrats de juger les manifestants se veut, en outre, un acte hautement symbolique qui signifie que les fondations du syst\u00e8me menacent ruine s\u00e9rieusement\u2026 La crise qui secoue les organisations inf\u00e9od\u00e9es au pouvoir, telles que l\u2019UGTA, le FCE\u2026, et la difficult\u00e9 que rencontre Noureddine Bedoui \u00e0 former son gouvernement sonnent l\u2019heure de la fin du syst\u00e8me qui doit imp\u00e9rativement basculer vers la 2e R\u00e9publique.<\/p>\n<p class=\"c10\"><strong>B. K.<\/strong><\/p>\n<\/div>\n<p>Auteur:<br \/>\n<a href=\"https:\/\/www.liberte-algerie.com\/actualite\/le-systeme-vit-il-ses-derniers-jours-312064\">Cliquez ici pour lire l&rsquo;article depuis sa source.<\/a><\/p>\n","protected":false},"excerpt":{"rendered":"<p>Le syst\u00e8me avec lequel le pr\u00e9sident Bouteflika a pr\u00e9sid\u00e9 aux destin\u00e9es de l\u2019Alg\u00e9rie depuis 1999 vit-il ses derniers jours ? La r\u00e9ponse \u00e0 cette lancinante question tend plut\u00f4t vers l\u2019affirmative \u00e9tant donn\u00e9 l\u2019instabilit\u00e9 et le flou total qui r\u00e8gnent en ma\u00eetre en ce moment au sein de toutes les institutions de l\u2019\u00c9tat. En tout cas, [&hellip;]<\/p>\n","protected":false},"author":1742,"featured_media":0,"comment_status":"closed","ping_status":"closed","sticky":false,"template":"","format":"standard","meta":{"fifu_image_url":"","fifu_image_alt":"","footnotes":""},"categories":[73,53],"tags":[],"class_list":["post-23143","post","type-post","status-publish","format-standard","hentry","category-actualite","category-algerie"],"_links":{"self":[{"href":"https:\/\/linitiative.ca\/International\/wp-json\/wp\/v2\/posts\/23143","targetHints":{"allow":["GET"]}}],"collection":[{"href":"https:\/\/linitiative.ca\/International\/wp-json\/wp\/v2\/posts"}],"about":[{"href":"https:\/\/linitiative.ca\/International\/wp-json\/wp\/v2\/types\/post"}],"author":[{"embeddable":true,"href":"https:\/\/linitiative.ca\/International\/wp-json\/wp\/v2\/users\/1742"}],"replies":[{"embeddable":true,"href":"https:\/\/linitiative.ca\/International\/wp-json\/wp\/v2\/comments?post=23143"}],"version-history":[{"count":0,"href":"https:\/\/linitiative.ca\/International\/wp-json\/wp\/v2\/posts\/23143\/revisions"}],"wp:attachment":[{"href":"https:\/\/linitiative.ca\/International\/wp-json\/wp\/v2\/media?parent=23143"}],"wp:term":[{"taxonomy":"category","embeddable":true,"href":"https:\/\/linitiative.ca\/International\/wp-json\/wp\/v2\/categories?post=23143"},{"taxonomy":"post_tag","embeddable":true,"href":"https:\/\/linitiative.ca\/International\/wp-json\/wp\/v2\/tags?post=23143"}],"curies":[{"name":"wp","href":"https:\/\/api.w.org\/{rel}","templated":true}]}}