{"id":23146,"date":"2019-03-20T17:54:33","date_gmt":"2019-03-20T21:54:33","guid":{"rendered":"https:\/\/linitiative.ca\/International\/le-maroc-elu-a-la-presidence-du-bureau-de-la-com2019\/"},"modified":"2019-03-20T17:54:33","modified_gmt":"2019-03-20T21:54:33","slug":"le-maroc-elu-a-la-presidence-du-bureau-de-la-com2019","status":"publish","type":"post","link":"https:\/\/linitiative.ca\/International\/le-maroc-elu-a-la-presidence-du-bureau-de-la-com2019\/","title":{"rendered":"Le Maroc \u00e9lu \u00e0 la pr\u00e9sidence du Bureau de la COM2019"},"content":{"rendered":"<div readability=\"38\">\n<p>Marrakech \u2013 Le Maroc a \u00e9t\u00e9 \u00e9lu, mercredi \u00e0 Marrakech, par acclamation, \u00e0 la pr\u00e9sidence du Bureau de la 52\u00e8me session de la conf\u00e9rence des ministres africains des Finances, de la planification et du d\u00e9veloppement \u00e9conomique (COM2019) de la Commission \u00e9conomique pour l\u2019Afrique (CEA).<\/p>\n<\/div>\n<div readability=\"72\">\n<p>Ce bureau, \u00e9lu \u00e0 l\u2019issue de la s\u00e9ance inaugurale de la 38\u00e8me r\u00e9union du comit\u00e9 d\u2019experts de la COM2019, est compos\u00e9 du premier-vice pr\u00e9sident (Ethiopie), deuxi\u00e8me vice-pr\u00e9sident (Zambie), troisi\u00e8me vice-pr\u00e9sident (Togo) et du rapporteur (Guin\u00e9e \u00e9quitoriale).<\/p>\n<p>\u00ab\u00a0L\u2019\u00e9lection du Maroc \u00e0 la pr\u00e9sidence de ce bureau est un honneur et une responsabilit\u00e9 pour faire en sorte que ces journ\u00e9es de travaux soient \u00e0 la hauteur des enjeux et un moment privil\u00e9gi\u00e9 de partage d\u2019exp\u00e9riences entre les pays membres\u00a0\u00bb, a dit le secr\u00e9taire g\u00e9n\u00e9ral du minist\u00e8re de l\u2019Economie et des finances, Zouhair Chorfi dans une d\u00e9claration \u00e0 la MAP.<\/p>\n<p>Le Royaume, a-t-il poursuivi, aura \u00e0 c\u0153ur que ces travaux puissent aboutir \u00e0 des r\u00e9solutions qui apportent des r\u00e9ponses \u00e0 un certain nombre de questions se posant au niveau des agendas des diff\u00e9rents gouvernements.<\/p>\n<p>\u00ab\u00a0Nous rentrons dans le vif du sujet pour examiner toutes les questions figurant \u00e0 l\u2019ordre du jour, dont ceux des aspects budg\u00e9taires, du commerce ext\u00e9rieur et du d\u00e9veloppement du secteur priv\u00e9\u00a0\u00bb, a fait savoir M. Chorfi.<\/p>\n<p>La r\u00e9union du comit\u00e9 d\u2019experts, qui se tient jusqu\u2019au 22 mars, constitue l\u2019occasion de d\u00e9battre de plusieurs sujets, en particulier l\u2019\u00e9volution de la situation \u00e9conomique et sociale en Afrique et l\u2019\u00e9valuation des progr\u00e8s de l\u2019int\u00e9gration r\u00e9gionale du continent.<\/p>\n<p>Cr\u00e9\u00e9e en 1958, la CEA est l\u2019une des cinq commissions r\u00e9gionales du Conseil \u00e9conomique et social (ECOSOC) des Nations unies. Elle a pour mandat d\u2019appuyer le d\u00e9veloppement \u00e9conomique et social de ses Etats membres, d\u2019encourager l\u2019int\u00e9gration r\u00e9gionale et de promouvoir la coop\u00e9ration internationale pour le d\u00e9veloppement de l\u2019Afrique.<\/p>\n<\/div>\n<p>Auteur: Meriem IGASS<br \/>\n<a href=\"http:\/\/www.mapmarrakech.ma\/fr\/le-maroc-elu-a-la-presidence-du-bureau-de-la-com2019\/\">Cliquez ici pour lire l&rsquo;article depuis sa source.<\/a><\/p>\n","protected":false},"excerpt":{"rendered":"<p>Marrakech \u2013 Le Maroc a \u00e9t\u00e9 \u00e9lu, mercredi \u00e0 Marrakech, par acclamation, \u00e0 la pr\u00e9sidence du Bureau de la 52\u00e8me session de la conf\u00e9rence des ministres africains des Finances, de la planification et du d\u00e9veloppement \u00e9conomique (COM2019) de la Commission \u00e9conomique pour l\u2019Afrique (CEA). Ce bureau, \u00e9lu \u00e0 l\u2019issue de la s\u00e9ance inaugurale de la [&hellip;]<\/p>\n","protected":false},"author":1788,"featured_media":0,"comment_status":"closed","ping_status":"closed","sticky":false,"template":"","format":"standard","meta":{"fifu_image_url":"","fifu_image_alt":"","footnotes":""},"categories":[54,76],"tags":[],"class_list":["post-23146","post","type-post","status-publish","format-standard","hentry","category-maroc","category-regions"],"_links":{"self":[{"href":"https:\/\/linitiative.ca\/International\/wp-json\/wp\/v2\/posts\/23146","targetHints":{"allow":["GET"]}}],"collection":[{"href":"https:\/\/linitiative.ca\/International\/wp-json\/wp\/v2\/posts"}],"about":[{"href":"https:\/\/linitiative.ca\/International\/wp-json\/wp\/v2\/types\/post"}],"author":[{"embeddable":true,"href":"https:\/\/linitiative.ca\/International\/wp-json\/wp\/v2\/users\/1788"}],"replies":[{"embeddable":true,"href":"https:\/\/linitiative.ca\/International\/wp-json\/wp\/v2\/comments?post=23146"}],"version-history":[{"count":0,"href":"https:\/\/linitiative.ca\/International\/wp-json\/wp\/v2\/posts\/23146\/revisions"}],"wp:attachment":[{"href":"https:\/\/linitiative.ca\/International\/wp-json\/wp\/v2\/media?parent=23146"}],"wp:term":[{"taxonomy":"category","embeddable":true,"href":"https:\/\/linitiative.ca\/International\/wp-json\/wp\/v2\/categories?post=23146"},{"taxonomy":"post_tag","embeddable":true,"href":"https:\/\/linitiative.ca\/International\/wp-json\/wp\/v2\/tags?post=23146"}],"curies":[{"name":"wp","href":"https:\/\/api.w.org\/{rel}","templated":true}]}}