{"id":23147,"date":"2019-03-20T18:17:10","date_gmt":"2019-03-20T22:17:10","guid":{"rendered":"https:\/\/linitiative.ca\/International\/le-code-de-la-presse-et-de-ledition-en-debat-a-essaouira\/"},"modified":"2019-03-20T18:17:10","modified_gmt":"2019-03-20T22:17:10","slug":"le-code-de-la-presse-et-de-ledition-en-debat-a-essaouira","status":"publish","type":"post","link":"https:\/\/linitiative.ca\/International\/le-code-de-la-presse-et-de-ledition-en-debat-a-essaouira\/","title":{"rendered":"Le Code de la presse et de l\u2019\u00e9dition en d\u00e9bat \u00e0 Essaouira"},"content":{"rendered":"<div readability=\"36\">\n<p>Essaouira \u2013 \u00a0\u00bbLa mise en application du Code de la presse et de l\u2019\u00e9dition et la qualification des entreprises m\u00e9diatiques r\u00e9gionales\u00a0\u00bb a \u00e9t\u00e9 au coeur des d\u00e9bats, mercredi \u00e0 Essaouira, lors d\u2019une rencontre organis\u00e9e \u00e0 l\u2019espace de Dar Souiri.<\/p>\n<\/div>\n<div readability=\"133\">\n<p>Initi\u00e9e par la direction r\u00e9gionale Marrakech-Safi du minist\u00e8re de la culture et de la communication (D\u00e9partement de la Communication), cette rencontre a \u00e9t\u00e9 rehauss\u00e9e par la pr\u00e9sence d\u2019un parterre de journalistes et de professionnels ainsi que de correspondants de plusieurs supports m\u00e9diatiques, locaux, r\u00e9gionaux et nationaux.<\/p>\n<p>Cette rencontre de communication, qui s\u2019inscrit dans le cadre d\u2019un programme d\u2019activit\u00e9s concoct\u00e9 par la direction r\u00e9gionale Marrakech-Safi (D\u00e9partement de la Communication), a \u00e9t\u00e9 l\u2019occasion de s\u2019arr\u00eater sur les nouveaut\u00e9s et les garanties apport\u00e9es par le Code de la presse et de l\u2019\u00e9dition pour une pratique journalistique libre, autonome, professionnelle et responsable.<\/p>\n<p>Intervenant \u00e0 cette occasion, M. Abdel Majid Abada, directeur r\u00e9gional du D\u00e9partement de la Communication, s\u2019est f\u00e9licit\u00e9 de l\u2019organisation de cette rencontre de prise de contact direct avec les professionnels des m\u00e9dias au niveau de la ville d\u2019Essaouira, notant que cette initiative s\u2019inscrit dans le cadre de la d\u00e9marche de proximit\u00e9 et d\u2019\u00e9change pr\u00f4n\u00e9e par le minist\u00e8re de tutelle.<\/p>\n<p>Il s\u2019agit \u00e9galement d\u2019une approche participative et int\u00e9gr\u00e9e, fruit des efforts inlassables d\u00e9ploy\u00e9s en vue de promouvoir le secteur de la communication et de l\u2019information et d\u2019asseoir les bases d\u2019une pratique journalistique saine et professionnelle qui sera digne des grands acquis et r\u00e9alisations accomplies par le Royaume en mati\u00e8re de d\u00e9mocratie et de promotion des droits et libert\u00e9s, a-t-il soulign\u00e9.<\/p>\n<p>L\u2019adoption au Maroc d\u2019un Code de la presse et de l\u2019\u00e9dition, porteur de garanties et d\u2019avantages au profit de la profession et des professionnels du secteur, est un gage de fiert\u00e9 et une pierre qui vient s\u2019ajouter \u00e0 l\u2019\u00e9difice d\u00e9mocratique et de l\u2019Etat de droit dont jouit le Royaume sous la conduite \u00e9clair\u00e9e de Sa Majest\u00e9 le Roi Mohammed VI, s\u2019est f\u00e9licit\u00e9 M. Abada.<\/p>\n<p>Ce Code se veut novateur en ce sens qu\u2019il veille \u00e0 une pratique journalistique autonome et responsable conform\u00e9ment aux standards mondiaux en la mati\u00e8re et des valeurs et principes d\u00e9ontologiques de la profession, a-t-il expliqu\u00e9, mettant l\u2019accent sur le contexte g\u00e9n\u00e9ral de l\u2019\u00e9laboration et de la mise en application de cette nouvelle feuille de route.<\/p>\n<p>M. Abada a mis l\u2019accent \u00e9galement sur les principaux piliers sur lesquels se fonde ce Code de la presse et de l\u2019\u00e9dition \u00e0 savoir la Constitution de 2011, les Discours Royaux qui t\u00e9moignent de la Haute Sollicitude dont le Souverain ne cesse d\u2019entourer le secteur des m\u00e9dias et qui constituent une feuille de route pour la promotion des m\u00e9dias, ainsi que le plan gouvernemental (2012-2016).<\/p>\n<p>Au rang des fondements figurent \u00e9galement une s\u00e9rie d\u2019accords et de conventions internationales ratifi\u00e9s par le Royaume, a-t-il poursuivi, notant que l\u2019ambition est que le secteur de l\u2019information et de la communication soit un levier r\u00e9el du d\u00e9veloppement, tout en contribuant \u00e0 l\u2019\u00e9mergence d\u2019une opinion publique avis\u00e9e et \u00e0 la consolidation de l\u2019Etat de droit.<\/p>\n<p>M. Abada s\u2019est attard\u00e9 aussi sur une s\u00e9rie de garanties contenues dans le Code de la presse et de l\u2019\u00e9dition \u00e0 m\u00eame de permettre au journaliste de s\u2019acquitter de sa noble mission dans de meilleures conditions, tout en lui assurant la protection n\u00e9cessaire, et en lui permettant d\u2019exercer dans la transparence et l\u2019objectivit\u00e9 requises.<\/p>\n<p>Le Code de la presse et de l\u2019\u00e9dition est un processus en continuit\u00e9 qui a \u00e9t\u00e9 soigneusement con\u00e7u sur la base d\u2019une approche participative et int\u00e9gr\u00e9e, tout en veillant \u00e0 ce que cette feuille de route soit garante d\u2019un \u00e9quilibre indispensable entre les droits des professionnels et ceux de la soci\u00e9t\u00e9 et des individus, a-t-il dit, estimant que face \u00e0 la r\u00e9volution technologique et num\u00e9rique que connait le monde, le Maroc est appel\u00e9 constamment \u00e0 adapter son arsenal juridique en vue d\u2019\u00eatre au diapason des changements survenus et ceux \u00e0 venir.<\/p>\n<p>Apr\u00e8s avoir lou\u00e9 les efforts d\u00e9ploy\u00e9s en permanence par le minist\u00e8re de tutelle pour promouvoir le secteur et apporter l\u2019appui n\u00e9cessaire aux entreprises m\u00e9diatiques et \u00e0 la presse \u00e9lectronique, M. Abada a salu\u00e9 la mise en place d\u2019un Conseil National de la Presse (CNP), une instance autonome d\u2019auto-organisation du secteur, qui se veut une grande r\u00e9alisation accomplie par le Maroc, \u00e0 m\u00eame de lui permettre de mieux se positionner dans le concert des grandes nations d\u00e9mocratiques.<\/p>\n<p>\u00a0\u00bbNous estimons que sans une presse forte, autonome et responsable, aucun Etat ne peut se targuer d\u2019\u00eatre une vraie d\u00e9mocratie\u00a0\u00bb, a-t-il conclu.<\/p>\n<p>Lors du d\u00e9bat ouvert \u00e0 cette occasion, l\u2019accent a \u00e9t\u00e9 mis sur les difficult\u00e9s que connaissent les entreprises m\u00e9diatiques entre autres, les ressources limit\u00e9es, la r\u00e9gression du nombre du lectorat et la faiblesse des recettes g\u00e9n\u00e9r\u00e9es de la publicit\u00e9, ainsi que sur les solutions apport\u00e9es par le l\u00e9gislateur pour rem\u00e9dier \u00e0 cette situation.<\/p>\n<\/div>\n<p>Auteur: Meriem IGASS<br \/>\n<a href=\"http:\/\/www.mapmarrakech.ma\/fr\/le-code-de-la-presse-et-de-ledition-en-debat-a-essaouira\/\">Cliquez ici pour lire l&rsquo;article depuis sa source.<\/a><\/p>\n","protected":false},"excerpt":{"rendered":"<p>Essaouira \u2013 \u00a0\u00bbLa mise en application du Code de la presse et de l\u2019\u00e9dition et la qualification des entreprises m\u00e9diatiques r\u00e9gionales\u00a0\u00bb a \u00e9t\u00e9 au coeur des d\u00e9bats, mercredi \u00e0 Essaouira, lors d\u2019une rencontre organis\u00e9e \u00e0 l\u2019espace de Dar Souiri. Initi\u00e9e par la direction r\u00e9gionale Marrakech-Safi du minist\u00e8re de la culture et de la communication (D\u00e9partement [&hellip;]<\/p>\n","protected":false},"author":1788,"featured_media":0,"comment_status":"closed","ping_status":"closed","sticky":false,"template":"","format":"standard","meta":{"fifu_image_url":"","fifu_image_alt":"","footnotes":""},"categories":[54,76],"tags":[],"class_list":["post-23147","post","type-post","status-publish","format-standard","hentry","category-maroc","category-regions"],"_links":{"self":[{"href":"https:\/\/linitiative.ca\/International\/wp-json\/wp\/v2\/posts\/23147","targetHints":{"allow":["GET"]}}],"collection":[{"href":"https:\/\/linitiative.ca\/International\/wp-json\/wp\/v2\/posts"}],"about":[{"href":"https:\/\/linitiative.ca\/International\/wp-json\/wp\/v2\/types\/post"}],"author":[{"embeddable":true,"href":"https:\/\/linitiative.ca\/International\/wp-json\/wp\/v2\/users\/1788"}],"replies":[{"embeddable":true,"href":"https:\/\/linitiative.ca\/International\/wp-json\/wp\/v2\/comments?post=23147"}],"version-history":[{"count":0,"href":"https:\/\/linitiative.ca\/International\/wp-json\/wp\/v2\/posts\/23147\/revisions"}],"wp:attachment":[{"href":"https:\/\/linitiative.ca\/International\/wp-json\/wp\/v2\/media?parent=23147"}],"wp:term":[{"taxonomy":"category","embeddable":true,"href":"https:\/\/linitiative.ca\/International\/wp-json\/wp\/v2\/categories?post=23147"},{"taxonomy":"post_tag","embeddable":true,"href":"https:\/\/linitiative.ca\/International\/wp-json\/wp\/v2\/tags?post=23147"}],"curies":[{"name":"wp","href":"https:\/\/api.w.org\/{rel}","templated":true}]}}