{"id":23188,"date":"2019-03-21T15:14:43","date_gmt":"2019-03-21T19:14:43","guid":{"rendered":"https:\/\/linitiative.ca\/International\/ligue-1-2-mca-amada-prefere-les-pays-du-golfe\/"},"modified":"2019-03-21T15:14:43","modified_gmt":"2019-03-21T19:14:43","slug":"ligue-1-2-mca-amada-prefere-les-pays-du-golfe","status":"publish","type":"post","link":"https:\/\/linitiative.ca\/International\/ligue-1-2-mca-amada-prefere-les-pays-du-golfe\/","title":{"rendered":"Ligue 1 &amp; 2 : MCA : Amada pr\u00e9f\u00e8re les pays du Golfe"},"content":{"rendered":"<div readability=\"32\">\n<p>Auteur : <span>Kamel M.<\/span> <span class=\"time\">jeudi 21 mars 2019 12:11<\/span><\/p>\n<\/div>\n<div id=\"post_core\" readability=\"82\">\n<p>Se trouvant en stage de pr\u00e9paration avec la s\u00e9lection de son pays, Amada pense d\u2019ores et d\u00e9j\u00e0 \u00e0 son avenir, car il n\u2019est un secret pour personne qu\u2019il ne pourra en aucun cas continuer son aventure avec le vieux club alg\u00e9rois, en raison des r\u00e8glements qui r\u00e9gissent le statut des joueurs \u00e9trangers en Alg\u00e9rie. Ayant d\u00e9j\u00e0 re\u00e7u des offres de la part du Raja et du Club Africain, l\u2019international malgache pr\u00e9f\u00e8re monnayer son talent dans le championnat des pays du Golfe. D\u2019ailleurs, il a charg\u00e9 son manager de lui d\u00e9nicher un club qui r\u00e9ponde \u00e0 ses ambitions, que ce soit sur le plan sportif ou financier. Ce dernier aurait confi\u00e9 \u00e0 ses proches que les championnats du Maroc et de la Tunisie sont presque similaires \u00e0 celui d\u2019Alg\u00e9rie, m\u00eame si notre championnat se caract\u00e9rise par une grande affluence des supporters, et c\u2019est la raison pour laquelle il souhaite vivre un autre championnat comme celui des pays du Golfe o\u00f9 les clubs disposent de meilleures infrastructures.<br \/><strong>Il pense plus \u00e0 l\u2019argent \u00e0 l\u2019approche de la fin de sa carri\u00e8re<\/strong><br \/>En plus du nouveau challenge sportif qui le motive \u00e0 opter pour les pays du Golfe, Amada pense aussi au volet financier, surtout qu\u2019il est fin de carri\u00e8re, sachant qu\u2019il aura de meilleures propositions financi\u00e8res, lui qui pourra jouer encore 4 autres saisons, avant de raccrocher les crampons. Certains de ses amis lui ont d\u00e9j\u00e0 conseill\u00e9 de jouer dans les pays du Golfe et cela a sans aucun doute motiv\u00e9 son choix. Quant \u00e0 son manager, il lui aurait promis de r\u00e9pondre \u00e0 sa volont\u00e9 et il semble bien qu\u2019il optera pour l\u2019Arabie Saoudite o\u00f9 le Qatar qui ne l\u00e9sinent pas sur les moyens pour s\u2019offrir les joueurs qu\u2019ils ciblent.<br \/><strong>La r\u00e9ussite d\u2019Andrea l\u2019a motiv\u00e9<\/strong><br \/>A croire une source digne de foi, on laisse entendre qu\u2019Amada aurait eu une discussion avec son compatriote Andera qui a tent\u00e9 une exp\u00e9rience en Arabie Saoudite. Ce dernier l\u2019a encourag\u00e9 \u00e0 tenter sa chance, d\u2019autant plus que son niveau actuel lui permettra d\u2019endosser le maillot d\u2019un club hupp\u00e9. D\u2019autre part, l\u2019exemple de Bounedjah \u00e0 qui il a rendu visite lors de la c\u00e9r\u00e9monie du Ballon d\u2019Or et la r\u00e9ussite qu\u2019il a connue l\u2019ont encourag\u00e9 \u00e0 plus d\u2019un titre. Ce n\u2019est pas un hasard si Amada a d\u00e9croch\u00e9 le troph\u00e9e du meilleur joueur du championnat d\u2019Alg\u00e9rie, ce qui plaidera sans aucun doute en sa faveur. \u00a0<br \/><strong>Il mise sur la CAN pour s\u2019illustrer<\/strong><br \/>Sachant qu\u2019Amada disputera la CAN-2019 avec le Madagascar qui\u00a0 s\u2019est qualifi\u00e9 pour la premi\u00e8re fois de son histoire \u00e0 une phase finale, cela lui permettra sans aucun doute de s\u2019illustrer et d\u2019attirer les recruteurs des pays du Golfe, d\u2019autant que cette \u00e9dition aura lieu en Egypte.<br \/>\u00a0<\/p>\n<p><strong>Amada : \u00abJ\u2019aurais pr\u00e9f\u00e9r\u00e9 rester en Alg\u00e9rie que de jouer en Tunisie ou au Maroc\u00bb<\/strong><br \/>Abord\u00e9 au sujet de son avenir, avant de rejoindre la s\u00e9lection de son pays, Amada s\u2019est montr\u00e9 cat\u00e9gorique et dira : \u00abEffectivement j\u2019ai re\u00e7u des offres de Tunisie et du Maroc mais tenter une exp\u00e9rience dans l\u2019un de ces pays ne m\u2019emballe pas, car j\u2019ai\u00a0 pass\u00e9 des ann\u00e9es dans le championnat alg\u00e9rien. Comme je l\u2019ai d\u00e9j\u00e0 dit, j\u2019aurais souhait\u00e9 rester en Alg\u00e9rie et j\u2019avais m\u00eame entam\u00e9 les d\u00e9marches pour que j\u2019obtienne la nationalit\u00e9 alg\u00e9rienne. Finalement, je serai contraint de quitter le championnat d\u2019Alg\u00e9rie et de tenter une exp\u00e9rience ailleurs.\u00bb\u00a0 \u00a0<br \/><strong>\u00abJe pr\u00e9f\u00e8re jouer dans un des pays du Golfe\u00bb<\/strong><br \/>Toujours dans le m\u00eame sens, Amada dira : \u00abJe pr\u00e9f\u00e8re donc jouer dans les pays du Golfe et il y a de fortes chances que ce soit ma future destination. Mon exp\u00e9rience a \u00e9t\u00e9 enrichissante en Alg\u00e9rie, m\u00eame s\u2019il y avait des moments forts et parfois des m\u00e9saventures.\u00bb<br \/><strong>\u00abBenghit a ressenti sans aucun doute la m\u00eame chose que moi sur l\u2019action du penalty\u00bb<\/strong><br \/>L\u2019international malgache, au cours de la discussion qu\u2019on a eue avec lui, n\u2019a pas manqu\u00e9 de revenir sur le derby gagn\u00e9 face \u00e0 l\u2019USMA et dira : \u00abNous avons r\u00e9alis\u00e9 une grande partie face \u00e0 l\u2019USMA et nos efforts ont \u00e9t\u00e9 r\u00e9compens\u00e9s par une victoire amplement m\u00e9rit\u00e9e. Pour moi, c\u2019\u00e9tait une revanche, car depuis que je suis au Mouloudia, je n\u2019avais jamais r\u00e9ussi \u00e0 battre l\u2019USMA. J\u2019\u00e9tais m\u00eame frustr\u00e9 au match aller apr\u00e8s mon expulsion. Pour ce match retour, je pense que Benghit, qui a provoqu\u00e9 le penalty, a ressenti la frustration que j\u2019ai v\u00e9cue la saison pass\u00e9e, car on avait perdu ce match et je n\u2019avais pas commis une faute sur lui, mais l\u2019arbitre lui a accord\u00e9 un penalty qui a permis \u00e0 l\u2019USMA d\u2019ouvrir le score.\u00bb<br \/><strong>\u00abJe souhaite qu\u2019on termine la saison sur le podium\u00bb<\/strong><br \/>En \u00e9voquant le reste du parcours avec Amada, il s\u2019est montr\u00e9 optimiste pour que son \u00e9quipe termine son parcours en force : \u00abLa victoire face \u00e0 l\u2019USMA nous a fait du bien sur le plan moral et nous a permis de remonter dans le classement. Le podium reste toujours possible et je souhaite qu\u2019on termine le championnat en force, afin qu\u2019on puisse atteindre notre objectif. Nous allons continuer \u00e0 travailler et il faut qu\u2019on n\u00e9gocie nos rencontres l\u2019une apr\u00e8s l\u2019autre et essayer de prendre le maximum de points\u00bb, a conclu Amada.<\/p>\n<p><strong>Publi\u00e9 dans :<\/strong> <span>mca<\/span> <span>Bounedjah<\/span> <span>Amada<\/span><\/p>\n<\/div>\n<p>Auteur:<br \/>\n<a href=\"http:\/\/www.lebuteur.com\/article\/detail?titre=mca-amada-prefere-les-pays-du-golfe&#038;id=87325&#038;utm_source=feedburner&#038;utm_medium=feed&#038;utm_campaign=Feed%3A+GalerieFArtciles+%28Les+derniers+articles++-+lebuteur.com%29\">Cliquez ici pour lire l&rsquo;article depuis sa source.<\/a><\/p>\n","protected":false},"excerpt":{"rendered":"<p>Auteur : Kamel M. jeudi 21 mars 2019 12:11 Se trouvant en stage de pr\u00e9paration avec la s\u00e9lection de son pays, Amada pense d\u2019ores et d\u00e9j\u00e0 \u00e0 son avenir, car il n\u2019est un secret pour personne qu\u2019il ne pourra en aucun cas continuer son aventure avec le vieux club alg\u00e9rois, en raison des r\u00e8glements qui [&hellip;]<\/p>\n","protected":false},"author":1738,"featured_media":23189,"comment_status":"closed","ping_status":"closed","sticky":false,"template":"","format":"standard","meta":{"fifu_image_url":"","fifu_image_alt":"","footnotes":""},"categories":[53,75],"tags":[],"class_list":["post-23188","post","type-post","status-publish","format-standard","has-post-thumbnail","hentry","category-algerie","category-sport"],"_links":{"self":[{"href":"https:\/\/linitiative.ca\/International\/wp-json\/wp\/v2\/posts\/23188","targetHints":{"allow":["GET"]}}],"collection":[{"href":"https:\/\/linitiative.ca\/International\/wp-json\/wp\/v2\/posts"}],"about":[{"href":"https:\/\/linitiative.ca\/International\/wp-json\/wp\/v2\/types\/post"}],"author":[{"embeddable":true,"href":"https:\/\/linitiative.ca\/International\/wp-json\/wp\/v2\/users\/1738"}],"replies":[{"embeddable":true,"href":"https:\/\/linitiative.ca\/International\/wp-json\/wp\/v2\/comments?post=23188"}],"version-history":[{"count":0,"href":"https:\/\/linitiative.ca\/International\/wp-json\/wp\/v2\/posts\/23188\/revisions"}],"wp:featuredmedia":[{"embeddable":true,"href":"https:\/\/linitiative.ca\/International\/wp-json\/"}],"wp:attachment":[{"href":"https:\/\/linitiative.ca\/International\/wp-json\/wp\/v2\/media?parent=23188"}],"wp:term":[{"taxonomy":"category","embeddable":true,"href":"https:\/\/linitiative.ca\/International\/wp-json\/wp\/v2\/categories?post=23188"},{"taxonomy":"post_tag","embeddable":true,"href":"https:\/\/linitiative.ca\/International\/wp-json\/wp\/v2\/tags?post=23188"}],"curies":[{"name":"wp","href":"https:\/\/api.w.org\/{rel}","templated":true}]}}