{"id":23190,"date":"2019-03-21T15:14:45","date_gmt":"2019-03-21T19:14:45","guid":{"rendered":"https:\/\/linitiative.ca\/International\/international-manchester-city-rentre-dans-la-course-pour-joao-felix\/"},"modified":"2019-03-21T15:14:45","modified_gmt":"2019-03-21T19:14:45","slug":"international-manchester-city-rentre-dans-la-course-pour-joao-felix","status":"publish","type":"post","link":"https:\/\/linitiative.ca\/International\/international-manchester-city-rentre-dans-la-course-pour-joao-felix\/","title":{"rendered":"International : Manchester City rentre dans la course pour Jo\u00e3o F\u00e9lix"},"content":{"rendered":"<div readability=\"32\">\n<p>Auteur : <span class=\"time\">jeudi 21 mars 2019 19:15<\/span><\/p>\n<\/div>\n<div id=\"post_core\" readability=\"47\">\n<p>Comme l\u2019indique Footmercato.net, le directeur technique des Citizens, Txiki Begiristain, \u00e9tait pr\u00e9sent \u00e0 l\u2019Est\u00e1dio da Luz pour observer F\u00e9lix, lors du 8e de finale retour de Ligue Europa contre le Dinamo Zagreb (victoire 3-0 du Benfica).<\/p>\n<p>Il a suivi la rencontre en compagnie de Jorge Mendes, l\u2019agent de F\u00e9lix. Si pour le moment City ne veut pas d\u00e9bourser les 120 M\u20ac demand\u00e9s par Benfica pour le jeune portugais, le club anglais pourrait faire une offre d\u2019un montant inf\u00e9rieur avec plusieurs bonus inclus en cas de bonnes performances de F\u00e9lix.<\/p>\n<p><strong>Publi\u00e9 dans :<\/strong> <span>Manchester City<\/span> <span>Joao F\u00e9lix<\/span><\/p>\n<\/div>\n<p>Auteur:<br \/>\n<a href=\"http:\/\/www.lebuteur.com\/article\/detail?titre=manchester-city-rentre-dans-la-course-pour-joao-felix&#038;id=87343&#038;utm_source=feedburner&#038;utm_medium=feed&#038;utm_campaign=Feed%3A+GalerieFArtciles+%28Les+derniers+articles++-+lebuteur.com%29\">Cliquez ici pour lire l&rsquo;article depuis sa source.<\/a><\/p>\n","protected":false},"excerpt":{"rendered":"<p>Auteur : jeudi 21 mars 2019 19:15 Comme l\u2019indique Footmercato.net, le directeur technique des Citizens, Txiki Begiristain, \u00e9tait pr\u00e9sent \u00e0 l\u2019Est\u00e1dio da Luz pour observer F\u00e9lix, lors du 8e de finale retour de Ligue Europa contre le Dinamo Zagreb (victoire 3-0 du Benfica). Il a suivi la rencontre en compagnie de Jorge Mendes, l\u2019agent de [&hellip;]<\/p>\n","protected":false},"author":1738,"featured_media":23191,"comment_status":"closed","ping_status":"closed","sticky":false,"template":"","format":"standard","meta":{"fifu_image_url":"","fifu_image_alt":"","footnotes":""},"categories":[53,75],"tags":[],"class_list":["post-23190","post","type-post","status-publish","format-standard","has-post-thumbnail","hentry","category-algerie","category-sport"],"_links":{"self":[{"href":"https:\/\/linitiative.ca\/International\/wp-json\/wp\/v2\/posts\/23190","targetHints":{"allow":["GET"]}}],"collection":[{"href":"https:\/\/linitiative.ca\/International\/wp-json\/wp\/v2\/posts"}],"about":[{"href":"https:\/\/linitiative.ca\/International\/wp-json\/wp\/v2\/types\/post"}],"author":[{"embeddable":true,"href":"https:\/\/linitiative.ca\/International\/wp-json\/wp\/v2\/users\/1738"}],"replies":[{"embeddable":true,"href":"https:\/\/linitiative.ca\/International\/wp-json\/wp\/v2\/comments?post=23190"}],"version-history":[{"count":0,"href":"https:\/\/linitiative.ca\/International\/wp-json\/wp\/v2\/posts\/23190\/revisions"}],"wp:featuredmedia":[{"embeddable":true,"href":"https:\/\/linitiative.ca\/International\/wp-json\/"}],"wp:attachment":[{"href":"https:\/\/linitiative.ca\/International\/wp-json\/wp\/v2\/media?parent=23190"}],"wp:term":[{"taxonomy":"category","embeddable":true,"href":"https:\/\/linitiative.ca\/International\/wp-json\/wp\/v2\/categories?post=23190"},{"taxonomy":"post_tag","embeddable":true,"href":"https:\/\/linitiative.ca\/International\/wp-json\/wp\/v2\/tags?post=23190"}],"curies":[{"name":"wp","href":"https:\/\/api.w.org\/{rel}","templated":true}]}}