{"id":23192,"date":"2019-03-21T15:14:46","date_gmt":"2019-03-21T19:14:46","guid":{"rendered":"https:\/\/linitiative.ca\/International\/ligue-des-champions-ldc-cristiano-ronaldo-connait-sa-sanction\/"},"modified":"2019-03-21T15:14:46","modified_gmt":"2019-03-21T19:14:46","slug":"ligue-des-champions-ldc-cristiano-ronaldo-connait-sa-sanction","status":"publish","type":"post","link":"https:\/\/linitiative.ca\/International\/ligue-des-champions-ldc-cristiano-ronaldo-connait-sa-sanction\/","title":{"rendered":"Ligue des Champions : LDC : Cristiano Ronaldo conna\u00eet sa sanction"},"content":{"rendered":"<div readability=\"32\">\n<p>Auteur : <span class=\"time\">jeudi 21 mars 2019 19:25<\/span><\/p>\n<\/div>\n<div id=\"post_core\" readability=\"42\">\n<p>Le Portugais a notamment imit\u00e9 le geste de Diego Simeone qui s\u2019\u00e9tait tenu les parties g\u00e9nitales lors du match aller apr\u00e8s un but de son \u00e9quipe.<\/p>\n<p>Selon Les-Transferts.com, l\u2019international lusitanien a \u00e9cop\u00e9 d\u2019une amende de 20 000\u20ac de la part de la commission de discipline et d\u2019\u00e9thique de l\u2019UEFA. Heureusement pour les Bianconeri, cette sanction n\u2019aura pas d\u2019incidence pour la suite de la comp\u00e9tition. CR7 pourra bien mener l\u2019attaque des siens face \u00e0 l\u2019Ajax Amsterdam.<\/p>\n<p><strong>Publi\u00e9 dans :<\/strong> <span>juventus<\/span> <span>ronaldo<\/span><\/p>\n<\/div>\n<p>Auteur:<br \/>\n<a href=\"http:\/\/www.lebuteur.com\/article\/detail?titre=ldc-cristiano-ronaldo-connait-sa-sanction&#038;id=87344&#038;utm_source=feedburner&#038;utm_medium=feed&#038;utm_campaign=Feed%3A+GalerieFArtciles+%28Les+derniers+articles++-+lebuteur.com%29\">Cliquez ici pour lire l&rsquo;article depuis sa source.<\/a><\/p>\n","protected":false},"excerpt":{"rendered":"<p>Auteur : jeudi 21 mars 2019 19:25 Le Portugais a notamment imit\u00e9 le geste de Diego Simeone qui s\u2019\u00e9tait tenu les parties g\u00e9nitales lors du match aller apr\u00e8s un but de son \u00e9quipe. Selon Les-Transferts.com, l\u2019international lusitanien a \u00e9cop\u00e9 d\u2019une amende de 20 000\u20ac de la part de la commission de discipline et d\u2019\u00e9thique de [&hellip;]<\/p>\n","protected":false},"author":1738,"featured_media":23193,"comment_status":"closed","ping_status":"closed","sticky":false,"template":"","format":"standard","meta":{"fifu_image_url":"","fifu_image_alt":"","footnotes":""},"categories":[53,75],"tags":[],"class_list":["post-23192","post","type-post","status-publish","format-standard","has-post-thumbnail","hentry","category-algerie","category-sport"],"_links":{"self":[{"href":"https:\/\/linitiative.ca\/International\/wp-json\/wp\/v2\/posts\/23192","targetHints":{"allow":["GET"]}}],"collection":[{"href":"https:\/\/linitiative.ca\/International\/wp-json\/wp\/v2\/posts"}],"about":[{"href":"https:\/\/linitiative.ca\/International\/wp-json\/wp\/v2\/types\/post"}],"author":[{"embeddable":true,"href":"https:\/\/linitiative.ca\/International\/wp-json\/wp\/v2\/users\/1738"}],"replies":[{"embeddable":true,"href":"https:\/\/linitiative.ca\/International\/wp-json\/wp\/v2\/comments?post=23192"}],"version-history":[{"count":0,"href":"https:\/\/linitiative.ca\/International\/wp-json\/wp\/v2\/posts\/23192\/revisions"}],"wp:featuredmedia":[{"embeddable":true,"href":"https:\/\/linitiative.ca\/International\/wp-json\/"}],"wp:attachment":[{"href":"https:\/\/linitiative.ca\/International\/wp-json\/wp\/v2\/media?parent=23192"}],"wp:term":[{"taxonomy":"category","embeddable":true,"href":"https:\/\/linitiative.ca\/International\/wp-json\/wp\/v2\/categories?post=23192"},{"taxonomy":"post_tag","embeddable":true,"href":"https:\/\/linitiative.ca\/International\/wp-json\/wp\/v2\/tags?post=23192"}],"curies":[{"name":"wp","href":"https:\/\/api.w.org\/{rel}","templated":true}]}}