{"id":23194,"date":"2019-03-20T19:00:00","date_gmt":"2019-03-20T23:00:00","guid":{"rendered":"https:\/\/linitiative.ca\/International\/cnma-semer-la-culture-de-lassurance-chez-lagriculteur\/"},"modified":"2019-03-20T19:00:00","modified_gmt":"2019-03-20T23:00:00","slug":"cnma-semer-la-culture-de-lassurance-chez-lagriculteur","status":"publish","type":"post","link":"https:\/\/linitiative.ca\/International\/cnma-semer-la-culture-de-lassurance-chez-lagriculteur\/","title":{"rendered":"CNMA :  semer la culture de l\u2019assurance  chez l\u2019agriculteur"},"content":{"rendered":"<p>La culture de l\u2019assurance dans le monde agricole reste encore absente. L\u2019agriculteur n\u2019accorde point d\u2019importance \u00e0 cet aspect essentiel qui encadre cette activit\u00e9. Un aspect qui peut lui venir en aide et lui permettre par la m\u00eame de r\u00e9cup\u00e9rer ses pertes sans pour autant se retrouver, pour ainsi dire, \u00absur la paille\u00bb. Un point crucial relev\u00e9 par le directeur g\u00e9n\u00e9ral de la Caisse nationale\u00a0 de la mutualit\u00e9 agricole (CNMA), Cherif Benhabyl\u00e8s qui n\u2019a pas manqu\u00e9 de mettre en avant l\u2019importance de l\u2019ancrage d\u2019une culture de l\u2019assurance chez les agriculteurs. Selon lui, prendre une assurance n\u2019est jamais n\u00e9gatif, bien au contraire ! Ce dernier, expliquera le DG de la CNMA, doit conna\u00eetre dans les moindres d\u00e9tails les bienfaits de l\u2019assurance sur son activit\u00e9. Lors de la signature\u00a0 d\u2019une convention d\u2019assurance au profit d\u2019une unit\u00e9 de production d\u2019\u0153ufs (Ovozaccar) relevant du secteur priv\u00e9 \u00e0 Ain-Defla, M. Benhabyl\u00e8s a soulign\u00e9 que \u00abl\u2019assurance dans le monde agricole est d\u2019autant plus importante que le secteur est expos\u00e9 \u00e0 des pertes impr\u00e9visibles\u00bb, invitant la Chambre, la Direction et l\u2019Union locales de l\u2019agriculture \u00e0 coordonner leurs efforts pour atteindre cet objectif et g\u00e9n\u00e9raliser la culture de l\u2019assurance dans les rangs des fellahine. Pour le responsable, \u00abl\u2019assurance dans le secteur de l\u2019Agriculture contribuera \u00e0 offrir un climat favorable \u00e0 l\u2019investissement agricole et \u00e0 renforcer la confiance entre l\u2019agriculteur et la Caisse\u00bb.<\/p>\n<p>\u00a0Il dira \u00e9galement que la caisse joue un r\u00f4le primordial dans l\u2019accompagnement des agriculteurs.\u00a0 Le patron de CNMA saisira l\u2019occasion pour pr\u00e9ciser \u00e0 l\u2019assistance que \u00abl\u2019Etat a d\u00e9bours\u00e9 plus de 8 milliards de dinars en d\u00e9dommagement des agriculteurs dont les superficies ont \u00e9t\u00e9 d\u00e9truites par des calamit\u00e9s naturelles durant l\u2019ann\u00e9e 2018\u00bb. Faisant remarquer que les agriculteurs touch\u00e9s par les intemp\u00e9ries ont \u00e9t\u00e9 indemnis\u00e9s \u00e0 hauteur des pertes qui leur ont \u00e9t\u00e9 occasionn\u00e9es, il a soutenu que la cr\u00e9dibilit\u00e9 de son organisme r\u00e9sidait dans sa c\u00e9l\u00e9rit\u00e9 \u00e0 r\u00e9pondre aux sollicitations exprim\u00e9es. Il rappellera cependant que l\u2019ann\u00e9e derni\u00e8re, \u00able d\u00e9dommagement pour cause de sinistre en milieu agricole a, notamment concern\u00e9 les agriculteurs dans l\u2019Est et l\u2019Ouest du pays \u00bb. Il a \u00e9galement indiqu\u00e9 que tous les agriculteurs et \u00e9leveurs, dont le cheptel a \u00e9t\u00e9 affect\u00e9 par la peste des petits ruminants (PPR) et la fi\u00e8vre aphteuse, ont \u00e9t\u00e9 indemnis\u00e9s pour une valeur atteignant les 20 millions depuis le d\u00e9but de l\u2019ann\u00e9e en cours. La valeur des indemnisations accord\u00e9es d\u00e9montre que \u00abplusieurs agriculteurs et \u00e9leveurs r\u00e9futent encore l\u2019id\u00e9e de prendre une assurance\u00bb et ce en d\u00e9pit, a-t-il soutenu, \u00abdes avantages assur\u00e9es par la CNMA\u00bb. Selon le responsable, les agriculteurs affili\u00e9s \u00e0 d\u2019autres fili\u00e8res du secteur agricole ont adh\u00e9r\u00e9 en 2018 au processus d\u2019assurance comparativement aux ann\u00e9es pr\u00e9c\u00e9dentes avec un taux avoisinant les 27% du nombre global des agriculteurs \u00e0 travers le pays et qui d\u00e9passe 1,900 million d\u2019agriculteurs.\u00a0<\/p>\n<p>Pour sa part, le directeur g\u00e9n\u00e9ral de l\u2019entreprise priv\u00e9e Ovozaccar, Tayeb Hattou, signataire de l\u2019accord avec la CNMA, celui-ci a fait savoir que la production de son entreprise atteindra les 500.000 \u0153ufs\/jour d\u2019ici une ann\u00e9e. Un chiffre qui sera doubl\u00e9\u00a0 ou tripl\u00e9 en l\u2019espace de deux \u00e0 trois ans, estimant que l\u2019activit\u00e9 de l\u2019entreprise se r\u00e9percutera positivement sur la dynamique \u00e9conomique de la r\u00e9gion. \u00abActuellement, nous employons plus de 100 personnes, un nombre appel\u00e9 \u00e0 augmenter au fur et \u00e0 mesure que l\u2019entreprise \u00e9volue\u00bb, a-t-il assur\u00e9 se f\u00e9licitant des conditions de travail au sein de l\u2019entreprise. Se disant \u00abpersuad\u00e9\u00bb que Ovozaccar aura un grand impact r\u00e9gional d\u2019ici quelques ann\u00e9es, le directeur de la Chambre d\u2019agriculture de A\u00efn Defla, Hadj Dja\u00e2lali a, pour sa part, estim\u00e9 qu\u2019une fois la vitesse de croisi\u00e8re de l\u2019entreprise atteinte, A\u00efn Defla se hissera au rang des premi\u00e8res wilayas productrices d\u2019\u0153ufs \u00e0 l\u2019\u00e9chelle nationale. \u00abAvec l\u2019entr\u00e9e en service de cette entreprise, il ne fait pas de doute que d\u2019ici quelques ann\u00e9es, la wilaya de A\u00efn Defla devrait occuper les premi\u00e8res places \u00e0 l\u2019\u00e9chelle nationale en mati\u00e8re de production d\u2019\u0153ufs avec une production de plus de 1 milliard d\u2019unit\u00e9s par an, soit 10 \u00e0 12 % de la production nationale en la mati\u00e8re\u00bb, a-t-il pr\u00e9dit.<\/p>\n<p>Mohamed Mendaci<\/p>\n<p>Auteur: elmoudjahid<br \/>\n<a href=\"http:\/\/www.elmoudjahid.com\/fr\/actualites\/134975\">Cliquez ici pour lire l&rsquo;article depuis sa source.<\/a><\/p>\n","protected":false},"excerpt":{"rendered":"<p>La culture de l\u2019assurance dans le monde agricole reste encore absente. L\u2019agriculteur n\u2019accorde point d\u2019importance \u00e0 cet aspect essentiel qui encadre cette activit\u00e9. Un aspect qui peut lui venir en aide et lui permettre par la m\u00eame de r\u00e9cup\u00e9rer ses pertes sans pour autant se retrouver, pour ainsi dire, \u00absur la paille\u00bb. Un point crucial [&hellip;]<\/p>\n","protected":false},"author":1744,"featured_media":0,"comment_status":"closed","ping_status":"closed","sticky":false,"template":"","format":"standard","meta":{"fifu_image_url":"","fifu_image_alt":"","footnotes":""},"categories":[73,53],"tags":[],"class_list":["post-23194","post","type-post","status-publish","format-standard","hentry","category-actualite","category-algerie"],"_links":{"self":[{"href":"https:\/\/linitiative.ca\/International\/wp-json\/wp\/v2\/posts\/23194","targetHints":{"allow":["GET"]}}],"collection":[{"href":"https:\/\/linitiative.ca\/International\/wp-json\/wp\/v2\/posts"}],"about":[{"href":"https:\/\/linitiative.ca\/International\/wp-json\/wp\/v2\/types\/post"}],"author":[{"embeddable":true,"href":"https:\/\/linitiative.ca\/International\/wp-json\/wp\/v2\/users\/1744"}],"replies":[{"embeddable":true,"href":"https:\/\/linitiative.ca\/International\/wp-json\/wp\/v2\/comments?post=23194"}],"version-history":[{"count":0,"href":"https:\/\/linitiative.ca\/International\/wp-json\/wp\/v2\/posts\/23194\/revisions"}],"wp:attachment":[{"href":"https:\/\/linitiative.ca\/International\/wp-json\/wp\/v2\/media?parent=23194"}],"wp:term":[{"taxonomy":"category","embeddable":true,"href":"https:\/\/linitiative.ca\/International\/wp-json\/wp\/v2\/categories?post=23194"},{"taxonomy":"post_tag","embeddable":true,"href":"https:\/\/linitiative.ca\/International\/wp-json\/wp\/v2\/tags?post=23194"}],"curies":[{"name":"wp","href":"https:\/\/api.w.org\/{rel}","templated":true}]}}