{"id":23196,"date":"2019-03-20T19:00:00","date_gmt":"2019-03-20T23:00:00","guid":{"rendered":"https:\/\/linitiative.ca\/International\/colloque-international-sur-le-soufisme-rejet-du-discours-de-la-haine\/"},"modified":"2019-03-20T19:00:00","modified_gmt":"2019-03-20T23:00:00","slug":"colloque-international-sur-le-soufisme-rejet-du-discours-de-la-haine","status":"publish","type":"post","link":"https:\/\/linitiative.ca\/International\/colloque-international-sur-le-soufisme-rejet-du-discours-de-la-haine\/","title":{"rendered":"COLLOQUE INTERNATIONAL SUR LE SOUFISME :  Rejet du discours  de la haine"},"content":{"rendered":"<p>Les participants au 7e colloque international sur le soufisme \u00e0 Relizane ont plaid\u00e9, hier,au terme de leurs travaux, pour la consolidation de l\u2019esprit de mod\u00e9ration et le rejet du discours de la haine.\u00a0<\/p>\n<div readability=\"27\">\n<p>Les intervenant ont \u00e9galement insist\u00e9 dans leurs recommandations sur la valorisation des efforts des institutions religieuses \u00e0 travers des discours pr\u00f4nant la mod\u00e9ration et les vrais pr\u00e9ceptes de l&rsquo;islam, appelant\u00a0 \u00a0\u00e0 l\u2019investissement dans les moyens modernes de communication. Les participants \u00e0 cette rencontre, initi\u00e9e par le minist\u00e8re des Affaires religieuses et Wakfs et la wilaya de Relizane, sous le slogan \u00ab\u00a0Education spirituelle et d\u00e9fis de la mondialisation\u00a0\u00bb, ont insist\u00e9 sur l\u2019esprit de responsabilit\u00e9 et l&rsquo;int\u00e9r\u00eat national pour la pr\u00e9servation des constantes de la nation. Ils ont appel\u00e9 aussi \u00e0 la sagesse et au dialogue constructif pour renforcer les liens de fraternit\u00e9 et de solidarit\u00e9 et instaurer les valeurs \u00e9ducatives suivant le message des ul\u00e9mas par fid\u00e9lit\u00e9 aux sacrifices des chouhada. Il a \u00e9t\u00e9 recommand\u00e9 \u00e9galement la coh\u00e9sion, l\u2019attachement aux valeurs spirituelles et \u00e0 l\u2019histoire, la vigilance et la prudence vis-\u00e0-vis de ce qui est v\u00e9hicul\u00e9 dans des m\u00e9dias de laboratoires occidentaux et \u00e9trangers visant \u00e0 nuire \u00e0 la soci\u00e9t\u00e9 alg\u00e9rienne et \u00e0 ses valeurs spirituelles authentiques et ses constantes nationales ancr\u00e9es.\u00a0\u00a0<\/p>\n<p>\u00a0 \u00a0 \u00a0En outre, ils ont propos\u00e9 d\u2019investir dans les moyens de mondialisation m\u00e9diatique pour tisser des liens de fraternit\u00e9 et de solidarit\u00e9 sociale et renforcer la s\u00e9curit\u00e9 et la stabilit\u00e9 de la soci\u00e9t\u00e9.\u00a0 Cette rencontre de deux jours a d\u00e9battu de plusieurs axes abordant, entre autres, l\u2019\u00e9ducation spirituelle dans les textes de loi et les documents scientifiques, les valeurs de la pens\u00e9e soufie et la mondialisation, son impact et ses effets n\u00e9fastes sur les soci\u00e9t\u00e9s humaines, en pr\u00e9sence d\u2019ul\u00e9mas et de chercheurs du pays et de l\u2019\u00e9tranger.<\/p>\n<\/div>\n<p>Auteur: elmoudjahid<br \/>\n<a href=\"http:\/\/www.elmoudjahid.com\/fr\/actualites\/134977\">Cliquez ici pour lire l&rsquo;article depuis sa source.<\/a><\/p>\n","protected":false},"excerpt":{"rendered":"<p>Les participants au 7e colloque international sur le soufisme \u00e0 Relizane ont plaid\u00e9, hier,au terme de leurs travaux, pour la consolidation de l\u2019esprit de mod\u00e9ration et le rejet du discours de la haine.\u00a0 Les intervenant ont \u00e9galement insist\u00e9 dans leurs recommandations sur la valorisation des efforts des institutions religieuses \u00e0 travers des discours pr\u00f4nant la [&hellip;]<\/p>\n","protected":false},"author":1744,"featured_media":0,"comment_status":"closed","ping_status":"closed","sticky":false,"template":"","format":"standard","meta":{"fifu_image_url":"","fifu_image_alt":"","footnotes":""},"categories":[73,53],"tags":[],"class_list":["post-23196","post","type-post","status-publish","format-standard","hentry","category-actualite","category-algerie"],"_links":{"self":[{"href":"https:\/\/linitiative.ca\/International\/wp-json\/wp\/v2\/posts\/23196","targetHints":{"allow":["GET"]}}],"collection":[{"href":"https:\/\/linitiative.ca\/International\/wp-json\/wp\/v2\/posts"}],"about":[{"href":"https:\/\/linitiative.ca\/International\/wp-json\/wp\/v2\/types\/post"}],"author":[{"embeddable":true,"href":"https:\/\/linitiative.ca\/International\/wp-json\/wp\/v2\/users\/1744"}],"replies":[{"embeddable":true,"href":"https:\/\/linitiative.ca\/International\/wp-json\/wp\/v2\/comments?post=23196"}],"version-history":[{"count":0,"href":"https:\/\/linitiative.ca\/International\/wp-json\/wp\/v2\/posts\/23196\/revisions"}],"wp:attachment":[{"href":"https:\/\/linitiative.ca\/International\/wp-json\/wp\/v2\/media?parent=23196"}],"wp:term":[{"taxonomy":"category","embeddable":true,"href":"https:\/\/linitiative.ca\/International\/wp-json\/wp\/v2\/categories?post=23196"},{"taxonomy":"post_tag","embeddable":true,"href":"https:\/\/linitiative.ca\/International\/wp-json\/wp\/v2\/tags?post=23196"}],"curies":[{"name":"wp","href":"https:\/\/api.w.org\/{rel}","templated":true}]}}