{"id":23197,"date":"2019-03-20T19:00:00","date_gmt":"2019-03-20T23:00:00","guid":{"rendered":"https:\/\/linitiative.ca\/International\/touareg-rallye-2019-la-quatrieme-etape-endeuillee-par-un-accident-mortel\/"},"modified":"2019-03-20T19:00:00","modified_gmt":"2019-03-20T23:00:00","slug":"touareg-rallye-2019-la-quatrieme-etape-endeuillee-par-un-accident-mortel","status":"publish","type":"post","link":"https:\/\/linitiative.ca\/International\/touareg-rallye-2019-la-quatrieme-etape-endeuillee-par-un-accident-mortel\/","title":{"rendered":"\u00ab Touareg Rallye 2019 \u00bb :  La quatri\u00e8me \u00e9tape endeuill\u00e9e par un accident mortel"},"content":{"rendered":"<p><strong>De nos envoy\u00e9s sp\u00e9ciaux :\u00a0<\/strong><\/p>\n<p><strong>Sami Ka\u00efdi et Youcef Cheurfi<\/strong><\/p>\n<div readability=\"42\">\n<p>Le Touareg Rallye a perdu, mardi dernier, un de ses concurrents, l\u2019Italien Giovanni Stefanni, doyen des participants, et ce, \u00e0 la suite d\u2019un grave accident de quad, vers onze heures du matin. Le comp\u00e9titeur est d\u00e9c\u00e9d\u00e9 suite \u00e0 sa tentative de traverser une dune, situ\u00e9e hors du circuit balis\u00e9 par les organisateurs et les \u00e9quipes techniques. Son quad a fait plusieurs tonneaux, ne laissant aucune chance de survie au pilote de 72 ans. Le corps a \u00e9t\u00e9 tr\u00e8s rapidement transport\u00e9 vers la morgue de B\u00e9ni-Abb\u00e8s, chef-lieu de la wilaya d\u00e9l\u00e9gu\u00e9e, comme l\u2019a pr\u00e9cis\u00e9 l\u2019un des organisateurs Amir Benmaamar. Ce dernier qui a pr\u00e9sent\u00e9 ses condol\u00e9ances \u00e0 la famille\u00a0 a affirm\u00e9 que les d\u00e9marches pour l\u2019\u00e9vacuation du corps de Giovanni Stefanni vers son pays natal ont \u00e9t\u00e9 entam\u00e9es en \u00e9troite coordination avec les autorit\u00e9s locales de la wilaya-d\u00e9l\u00e9gu\u00e9e de B\u00e9ni-Abb\u00e8s et de la wilaya de B\u00e9char. Benmaamar a, aussi, soulign\u00e9 que le Touareg Rallye va se poursuivre, non sans rappeler qu\u2019un parcours-hommage d\u2019une distance de 80 km, a \u00e9t\u00e9 organis\u00e9, hier, \u00e0 la m\u00e9moire du pilote. \u00abLors de chaque briefing quotidien, nous avons insist\u00e9 sur le fait que les comp\u00e9titeurs doivent respecter l\u2019itin\u00e9raire qui leur a \u00e9t\u00e9 donn\u00e9. Nous les avons, r\u00e9guli\u00e8rement sensibilis\u00e9s sur les dangers qu\u2019ils peuvent rencontrer sur leur parcours\u00bb, a-t-il conclu. Ainsi, la quatri\u00e8me \u00e9tape est report\u00e9e \u00e0 aujourd\u2019hui avec un parcours retour sur Taghit. Il convient de signaler que les vainqueurs de la troisi\u00e8me \u00e9tape sont, pour la cat\u00e9gorie auto, le tandem alg\u00e9rien Ben Mansour Lotfi et Hocine qui conserve sa premi\u00e8re place pour la troisi\u00e8me fois cons\u00e9cutive. Pour la cat\u00e9gorie moto, c\u2019est l\u2019Allemand Aronas Gelazminks qui a encore, domin\u00e9.\u00a0<\/p>\n<p>Rappelons que cette course internationale, qui comprend sept \u00e9tapes, se d\u00e9roule du 16 au 23 mars, dans la r\u00e9gion de la Saoura sur un circuit en boucle\u00a0 de 1.500 km, dont 500 km sur les dunes.<\/p>\n<\/div>\n<p>Auteur: elmoudjahid<br \/>\n<a href=\"http:\/\/www.elmoudjahid.com\/fr\/actualites\/134978\">Cliquez ici pour lire l&rsquo;article depuis sa source.<\/a><\/p>\n","protected":false},"excerpt":{"rendered":"<p>De nos envoy\u00e9s sp\u00e9ciaux :\u00a0 Sami Ka\u00efdi et Youcef Cheurfi Le Touareg Rallye a perdu, mardi dernier, un de ses concurrents, l\u2019Italien Giovanni Stefanni, doyen des participants, et ce, \u00e0 la suite d\u2019un grave accident de quad, vers onze heures du matin. Le comp\u00e9titeur est d\u00e9c\u00e9d\u00e9 suite \u00e0 sa tentative de traverser une dune, situ\u00e9e [&hellip;]<\/p>\n","protected":false},"author":1744,"featured_media":0,"comment_status":"closed","ping_status":"closed","sticky":false,"template":"","format":"standard","meta":{"fifu_image_url":"","fifu_image_alt":"","footnotes":""},"categories":[73,53],"tags":[],"class_list":["post-23197","post","type-post","status-publish","format-standard","hentry","category-actualite","category-algerie"],"_links":{"self":[{"href":"https:\/\/linitiative.ca\/International\/wp-json\/wp\/v2\/posts\/23197","targetHints":{"allow":["GET"]}}],"collection":[{"href":"https:\/\/linitiative.ca\/International\/wp-json\/wp\/v2\/posts"}],"about":[{"href":"https:\/\/linitiative.ca\/International\/wp-json\/wp\/v2\/types\/post"}],"author":[{"embeddable":true,"href":"https:\/\/linitiative.ca\/International\/wp-json\/wp\/v2\/users\/1744"}],"replies":[{"embeddable":true,"href":"https:\/\/linitiative.ca\/International\/wp-json\/wp\/v2\/comments?post=23197"}],"version-history":[{"count":0,"href":"https:\/\/linitiative.ca\/International\/wp-json\/wp\/v2\/posts\/23197\/revisions"}],"wp:attachment":[{"href":"https:\/\/linitiative.ca\/International\/wp-json\/wp\/v2\/media?parent=23197"}],"wp:term":[{"taxonomy":"category","embeddable":true,"href":"https:\/\/linitiative.ca\/International\/wp-json\/wp\/v2\/categories?post=23197"},{"taxonomy":"post_tag","embeddable":true,"href":"https:\/\/linitiative.ca\/International\/wp-json\/wp\/v2\/tags?post=23197"}],"curies":[{"name":"wp","href":"https:\/\/api.w.org\/{rel}","templated":true}]}}