{"id":23199,"date":"2019-03-20T19:00:00","date_gmt":"2019-03-20T23:00:00","guid":{"rendered":"https:\/\/linitiative.ca\/International\/a-loccasion-de-lanniversaire-dindependance-de-son-pays-le-president-bouteflika-felicite-son-homologue-tunisien\/"},"modified":"2019-03-20T19:00:00","modified_gmt":"2019-03-20T23:00:00","slug":"a-loccasion-de-lanniversaire-dindependance-de-son-pays-le-president-bouteflika-felicite-son-homologue-tunisien","status":"publish","type":"post","link":"https:\/\/linitiative.ca\/International\/a-loccasion-de-lanniversaire-dindependance-de-son-pays-le-president-bouteflika-felicite-son-homologue-tunisien\/","title":{"rendered":"\u00c0 l\u2019occasion de l\u2019anniversaire  d\u2019ind\u00e9pendance de son pays :  Le Pr\u00e9sident Bouteflika f\u00e9licite son homologue tunisien"},"content":{"rendered":"<div class=\"TxArtcile\" readability=\"27\">\n<div class=\"ImgCapt\"><img loading=\"lazy\" decoding=\"async\" width=\"208\" height=\"208\" src=\"http:\/\/www.elmoudjahid.com\/temp\/fr\/actualite2[134980].jpg\" alt=\"\" \/><span>D.R<\/span><\/div>\n<p>Le Pr\u00e9sident de la R\u00e9publique, Abdelaziz Bouteflika, a adress\u00e9 un message de f\u00e9licitations \u00e0 son homologue tunisien,\u00a0 \u00a0B\u00e9ji Ca\u00efd Essebsi, \u00e0 l&rsquo;occasion du 63e anniversaire de la f\u00eate d&rsquo;ind\u00e9pendance de son pays, dans lequel il lui a r\u00e9affirm\u00e9 son attachement permanent \u00e0 poursuivre le travail en vue de donner \u00ab\u00a0une impulsion renouvel\u00e9e aux relations exceptionnelles\u00a0\u00bb unissant les deux pays. \u00ab\u00a0Il m&rsquo;est agr\u00e9able, au moment o\u00f9 le peuple tunisien fr\u00e8re c\u00e9l\u00e8bre le 63e anniversaire de sa glorieuse ind\u00e9pendance, de vous pr\u00e9senter au nom du gouvernement et du peuple alg\u00e9riens et en mon nom personnel, nos sinc\u00e8res\u00a0 \u00a0f\u00e9licitations et nos v\u0153ux les meilleurs, ainsi que davantage de progr\u00e8s et de prosp\u00e9rit\u00e9 au peuple tunisien fr\u00e8re sous votre conduite \u00e9clair\u00e9e\u00a0\u00bb, a \u00e9crit le Pr\u00e9sident Bouteflika dans son message. \u00ab\u00a0C&rsquo;est l\u00e0 une opportunit\u00e9 que je saisis pour partager vos joies et vos fiert\u00e9s et celles du peuple tunisien fr\u00e8re en cet comm\u00e9moration nationale glorifiant des g\u00e9n\u00e9rations qui se sont sacrifi\u00e9es pour le recouvrement de la souverainet\u00e9 nationale et de l&rsquo;ind\u00e9pendance. Une g\u00e9n\u00e9ration qui nous inspire les valeurs du combat, de la lutte et de l&rsquo;abn\u00e9gation \u00e0 la nation, en vue de mener \u00e0 bien l&rsquo;instauration des fondements de l&rsquo;Etat moderne et le processus d\u00e9mocratique de son \u00e9dification, fond\u00e9s sur des assises solides \u00e0 m\u00eame d&rsquo;atteindre le niveau de d\u00e9veloppement, de prosp\u00e9rit\u00e9 et de bien-\u00eatre auquel aspire le peuple tunisien fr\u00e8re\u00a0\u00bb, a indiqu\u00e9 le chef de\u00a0 \u00a0l&rsquo;Etat. \u00ab\u00a0Je saisis \u00e9galement cette heureuse occasion pour vous r\u00e9it\u00e9rer notre attachement constant \u00e0 poursuivre l&rsquo;action \u00e0 vos c\u00f4t\u00e9s afin de donner une impulsion renouvel\u00e9e aux relations exceptionnelles qui unissent nos deux pays et les hisser au plus haut niveau, au mieux des int\u00e9r\u00eats de nos deux pays et de nos deux peuples fr\u00e8res\u00a0\u00bb, conclut le Pr\u00e9sident Bouteflika.<\/p>\n<\/div>\n<div class=\"ModliArtilUne\">\n<ul>\n<li><strong>Publi\u00e9 dans :<\/strong><\/li>\n<\/ul>\n<\/div>\n<div class=\"MbComIns\" id=\"newcom\" readability=\"5.69402985075\">\n<h6>DONNEZ VOTRE AVIS<\/h6>\n<p>Il n&rsquo;y a actuellement aucune r\u00e9action \u00e0 cette information. Soyez le premier \u00e0 r\u00e9agir !<\/p>\n<p><a href=\"\" rel=\"#popup\" class=\"login resetbutton\">Identifiez-vous<\/a><a class=\"button\" href=\"http:\/\/www.elmoudjahid.com\/fr\/inscription\/\"><span>S&rsquo;inscrire<\/span><\/a><\/p>\n<\/div>\n<p>Auteur: elmoudjahid<br \/>\n<a href=\"http:\/\/www.elmoudjahid.com\/fr\/actualites\/134980\">Cliquez ici pour lire l&rsquo;article depuis sa source.<\/a><\/p>\n","protected":false},"excerpt":{"rendered":"<p>D.R Le Pr\u00e9sident de la R\u00e9publique, Abdelaziz Bouteflika, a adress\u00e9 un message de f\u00e9licitations \u00e0 son homologue tunisien,\u00a0 \u00a0B\u00e9ji Ca\u00efd Essebsi, \u00e0 l&rsquo;occasion du 63e anniversaire de la f\u00eate d&rsquo;ind\u00e9pendance de son pays, dans lequel il lui a r\u00e9affirm\u00e9 son attachement permanent \u00e0 poursuivre le travail en vue de donner \u00ab\u00a0une impulsion renouvel\u00e9e aux relations [&hellip;]<\/p>\n","protected":false},"author":1744,"featured_media":23200,"comment_status":"closed","ping_status":"closed","sticky":false,"template":"","format":"standard","meta":{"fifu_image_url":"","fifu_image_alt":"","footnotes":""},"categories":[73,53],"tags":[],"class_list":["post-23199","post","type-post","status-publish","format-standard","has-post-thumbnail","hentry","category-actualite","category-algerie"],"_links":{"self":[{"href":"https:\/\/linitiative.ca\/International\/wp-json\/wp\/v2\/posts\/23199","targetHints":{"allow":["GET"]}}],"collection":[{"href":"https:\/\/linitiative.ca\/International\/wp-json\/wp\/v2\/posts"}],"about":[{"href":"https:\/\/linitiative.ca\/International\/wp-json\/wp\/v2\/types\/post"}],"author":[{"embeddable":true,"href":"https:\/\/linitiative.ca\/International\/wp-json\/wp\/v2\/users\/1744"}],"replies":[{"embeddable":true,"href":"https:\/\/linitiative.ca\/International\/wp-json\/wp\/v2\/comments?post=23199"}],"version-history":[{"count":0,"href":"https:\/\/linitiative.ca\/International\/wp-json\/wp\/v2\/posts\/23199\/revisions"}],"wp:featuredmedia":[{"embeddable":true,"href":"https:\/\/linitiative.ca\/International\/wp-json\/"}],"wp:attachment":[{"href":"https:\/\/linitiative.ca\/International\/wp-json\/wp\/v2\/media?parent=23199"}],"wp:term":[{"taxonomy":"category","embeddable":true,"href":"https:\/\/linitiative.ca\/International\/wp-json\/wp\/v2\/categories?post=23199"},{"taxonomy":"post_tag","embeddable":true,"href":"https:\/\/linitiative.ca\/International\/wp-json\/wp\/v2\/tags?post=23199"}],"curies":[{"name":"wp","href":"https:\/\/api.w.org\/{rel}","templated":true}]}}