{"id":23239,"date":"2019-03-21T07:27:00","date_gmt":"2019-03-21T11:27:00","guid":{"rendered":"https:\/\/linitiative.ca\/International\/commercialisation-de-la-nouvelle-panda-populaire\/"},"modified":"2019-03-21T07:27:00","modified_gmt":"2019-03-21T11:27:00","slug":"commercialisation-de-la-nouvelle-panda-populaire","status":"publish","type":"post","link":"https:\/\/linitiative.ca\/International\/commercialisation-de-la-nouvelle-panda-populaire\/","title":{"rendered":"Commercialisation de la nouvelle Panda Populaire"},"content":{"rendered":"<p>La Panda populaire garde les caract\u00e9ristiques qui font son succ\u00e8s: fiabilit\u00e9, fonctionnalit\u00e9 etsimplicit\u00e9.<\/p>\n<p>Les commandes de la Panda populaire d\u00e9buteront le 21 mars 2019 chez Italcar et son r\u00e9seau.<\/p>\n<p>Depuis sa naissance, la Panda a su se d\u00e9marquer par sa personnalit\u00e9 unique et ses caract\u00e9ristiques ,rafraichissantes.<\/p>\n<p>Une Panda fonctionnelle en toute simplicit\u00e9: des dimensions ext\u00e9rieures compactes \u00e0 souhait, l&rsquo;espace int\u00e9rieur exploit\u00e9 au maximum. La version populaire est agr\u00e9ment\u00e9e par le moteur twinair caract\u00e9ris\u00e9 par une consommation tr\u00e8s r\u00e9duite.<\/p>\n<p>La conception de la Panda n&rsquo;a pas sacrifi\u00e9 son c\u00f4t\u00e9 mode \u00e0 sa polyvalence. Elle est toujours de la m\u00eame taille: 365 centim\u00e8tres de long, 164 cm de large et 155 cm de hauteur.<\/p>\n<p>Avec ses cinq portes \u00e0 ouverture grand angle, elle peut accueillir confortablement jusqu&rsquo;\u00e0 cinq personnes, dans un des meilleurs espaces habitacle de son segment, y compris pour le coffre: 225 litres et m\u00eame 870 litres quand le dossier de la banquette arri\u00e8re est rabattue.<\/p>\n<p>Fiat Panda propose une libert\u00e9 d&rsquo;utilisation maximale avec sa modularit\u00e9, ses divers compartiments de rangement et les diff\u00e9rentes configurations des si\u00e8ges avant et arri\u00e8re. La Panda reste l&rsquo;une des voitures les plus accueillantes et fonctionnelles de sa cat\u00e9gorie sans parler de la longue exp\u00e9rience de la marque en Europe et en Tunisie.<\/p>\n<p>La panda populaire en version boite automatique sera bient\u00f4t disponible chez Italcar et son r\u00e9seau.<\/p>\n<p>Auteur:<br \/>\n<a href=\"https:\/\/www.leaders.com.tn\/article\/26738-commercialisation-de-la-nouvelle-panda-populaire\">Cliquez ici pour lire l&rsquo;article depuis sa source.<\/a><\/p>\n","protected":false},"excerpt":{"rendered":"<p>La Panda populaire garde les caract\u00e9ristiques qui font son succ\u00e8s: fiabilit\u00e9, fonctionnalit\u00e9 etsimplicit\u00e9. Les commandes de la Panda populaire d\u00e9buteront le 21 mars 2019 chez Italcar et son r\u00e9seau. Depuis sa naissance, la Panda a su se d\u00e9marquer par sa personnalit\u00e9 unique et ses caract\u00e9ristiques ,rafraichissantes. Une Panda fonctionnelle en toute simplicit\u00e9: des dimensions ext\u00e9rieures [&hellip;]<\/p>\n","protected":false},"author":1772,"featured_media":0,"comment_status":"closed","ping_status":"closed","sticky":false,"template":"","format":"standard","meta":{"fifu_image_url":"","fifu_image_alt":"","footnotes":""},"categories":[73,55],"tags":[],"class_list":["post-23239","post","type-post","status-publish","format-standard","hentry","category-actualite","category-tunisie"],"_links":{"self":[{"href":"https:\/\/linitiative.ca\/International\/wp-json\/wp\/v2\/posts\/23239","targetHints":{"allow":["GET"]}}],"collection":[{"href":"https:\/\/linitiative.ca\/International\/wp-json\/wp\/v2\/posts"}],"about":[{"href":"https:\/\/linitiative.ca\/International\/wp-json\/wp\/v2\/types\/post"}],"author":[{"embeddable":true,"href":"https:\/\/linitiative.ca\/International\/wp-json\/wp\/v2\/users\/1772"}],"replies":[{"embeddable":true,"href":"https:\/\/linitiative.ca\/International\/wp-json\/wp\/v2\/comments?post=23239"}],"version-history":[{"count":0,"href":"https:\/\/linitiative.ca\/International\/wp-json\/wp\/v2\/posts\/23239\/revisions"}],"wp:attachment":[{"href":"https:\/\/linitiative.ca\/International\/wp-json\/wp\/v2\/media?parent=23239"}],"wp:term":[{"taxonomy":"category","embeddable":true,"href":"https:\/\/linitiative.ca\/International\/wp-json\/wp\/v2\/categories?post=23239"},{"taxonomy":"post_tag","embeddable":true,"href":"https:\/\/linitiative.ca\/International\/wp-json\/wp\/v2\/tags?post=23239"}],"curies":[{"name":"wp","href":"https:\/\/api.w.org\/{rel}","templated":true}]}}