{"id":23240,"date":"2019-03-21T07:38:00","date_gmt":"2019-03-21T11:38:00","guid":{"rendered":"https:\/\/linitiative.ca\/International\/abdelaziz-kacem-presentera-ce-mercredi-la-dechirure-de-hela-ouardi\/"},"modified":"2019-03-21T07:38:00","modified_gmt":"2019-03-21T11:38:00","slug":"abdelaziz-kacem-presentera-ce-mercredi-la-dechirure-de-hela-ouardi","status":"publish","type":"post","link":"https:\/\/linitiative.ca\/International\/abdelaziz-kacem-presentera-ce-mercredi-la-dechirure-de-hela-ouardi\/","title":{"rendered":"Abdelaziz Kacem pr\u00e9sentera ce mercredi \u00ab La d\u00e9chirure \u00bb de Hela Ouardi"},"content":{"rendered":"<p>H\u00e9la Ouardi en est doublement ravie. Le premier tome, intitul\u00e9 La d\u00e9chirure, de sa s\u00e9rie <a href=\"https:\/\/www.leaders.com.tn\/article\/26543-un-nouveau-livre-de-hela-ouardi-qui-fera-debat-les-califes-maudits\" target=\"_blank\" rel=\"noopener noreferrer\">Les Califes maudits<\/a>, r\u00e9cemment publi\u00e9 \u00e0 Paris chez Albin Michel, est \u00e9galement \u00e9dit\u00e9 \u00e0 Tunis, par C\u00e9r\u00e8s Editions et mis en librairies, ce qui le rend disponible et \u00e0 un prix abordable (20 DT). Le deuxi\u00e8me motif de satisfaction de l\u2019auteure, la pr\u00e9sentation de son ouvrage, ce mercredi 27 mars 2019 Biblioth\u00e8que, par le Pr Abdelaziz Kacem. Un vrai connaisseur.<\/p>\n<p><em>Mercredi 27 mars 2019\u00a0<\/em><\/p>\n<p><em>Biblioth\u00e8que nationale, Boulevard du 9 Avril, \u00e0 17h30<\/em><\/p>\n<p><strong>Lire aussi:<\/strong><\/p>\n<p>Auteur:<br \/>\n<a href=\"https:\/\/www.leaders.com.tn\/article\/26736-abdelaziz-kacem-presentera-ce-mercredi-la-dechirure-de-hela-ouardi\">Cliquez ici pour lire l&rsquo;article depuis sa source.<\/a><\/p>\n","protected":false},"excerpt":{"rendered":"<p>H\u00e9la Ouardi en est doublement ravie. Le premier tome, intitul\u00e9 La d\u00e9chirure, de sa s\u00e9rie Les Califes maudits, r\u00e9cemment publi\u00e9 \u00e0 Paris chez Albin Michel, est \u00e9galement \u00e9dit\u00e9 \u00e0 Tunis, par C\u00e9r\u00e8s Editions et mis en librairies, ce qui le rend disponible et \u00e0 un prix abordable (20 DT). Le deuxi\u00e8me motif de satisfaction de [&hellip;]<\/p>\n","protected":false},"author":1772,"featured_media":0,"comment_status":"closed","ping_status":"closed","sticky":false,"template":"","format":"standard","meta":{"fifu_image_url":"","fifu_image_alt":"","footnotes":""},"categories":[73,55],"tags":[],"class_list":["post-23240","post","type-post","status-publish","format-standard","hentry","category-actualite","category-tunisie"],"_links":{"self":[{"href":"https:\/\/linitiative.ca\/International\/wp-json\/wp\/v2\/posts\/23240","targetHints":{"allow":["GET"]}}],"collection":[{"href":"https:\/\/linitiative.ca\/International\/wp-json\/wp\/v2\/posts"}],"about":[{"href":"https:\/\/linitiative.ca\/International\/wp-json\/wp\/v2\/types\/post"}],"author":[{"embeddable":true,"href":"https:\/\/linitiative.ca\/International\/wp-json\/wp\/v2\/users\/1772"}],"replies":[{"embeddable":true,"href":"https:\/\/linitiative.ca\/International\/wp-json\/wp\/v2\/comments?post=23240"}],"version-history":[{"count":0,"href":"https:\/\/linitiative.ca\/International\/wp-json\/wp\/v2\/posts\/23240\/revisions"}],"wp:attachment":[{"href":"https:\/\/linitiative.ca\/International\/wp-json\/wp\/v2\/media?parent=23240"}],"wp:term":[{"taxonomy":"category","embeddable":true,"href":"https:\/\/linitiative.ca\/International\/wp-json\/wp\/v2\/categories?post=23240"},{"taxonomy":"post_tag","embeddable":true,"href":"https:\/\/linitiative.ca\/International\/wp-json\/wp\/v2\/tags?post=23240"}],"curies":[{"name":"wp","href":"https:\/\/api.w.org\/{rel}","templated":true}]}}