{"id":23242,"date":"2019-03-21T14:51:00","date_gmt":"2019-03-21T18:51:00","guid":{"rendered":"https:\/\/linitiative.ca\/International\/presidentielles-rahoui-croit-en-ses-chances\/"},"modified":"2019-03-21T14:51:00","modified_gmt":"2019-03-21T18:51:00","slug":"presidentielles-rahoui-croit-en-ses-chances","status":"publish","type":"post","link":"https:\/\/linitiative.ca\/International\/presidentielles-rahoui-croit-en-ses-chances\/","title":{"rendered":"Pr\u00e9sidentielles  : Rahoui croit en ses chances"},"content":{"rendered":"<p>Mongi\u00a0 Rahoui croit encore en ses chances aux prochaines \u00e9lections pr\u00e9sidentielles malgr\u00e9 l\u2019appui officiel accord\u00e9 derni\u00e8rement\u00a0 par 7 partis du Front populaire \u00e0 son rival Hamma Hammami.<br \/>Mongi Rahoui a propos\u00e9 le lancement d\u2019un sondage sur la page officielle du Front Populaire pour conna\u00eetre qui des deux\u00a0 hommes\u00a0 b\u00e9n\u00e9ficie de l\u2019appui des militants, tout en estimant qu&rsquo;il \u00e9tait s\u00fbr se leur soutien.<\/p>\n<p>Jusque-l\u00e0, le diff\u00e9rend entre les deux candidats n&rsquo;avait jamais d\u00e9bord\u00e9 les instances du Front, mais Mongi Rahoui et son parti El Watad qui est le seul \u00e0 l&rsquo;appuyer ont tenu \u00e0 le porter sur la place publique. Quant \u00e0 Hamma Hammami, il s&rsquo;est abstenu de toute d\u00e9claration.\u00a0<\/p>\n<p>Auteur:<br \/>\n<a href=\"https:\/\/www.leaders.com.tn\/article\/26742-presidentielles-rahoui-croit-en-ses-chances\">Cliquez ici pour lire l&rsquo;article depuis sa source.<\/a><\/p>\n","protected":false},"excerpt":{"rendered":"<p>Mongi\u00a0 Rahoui croit encore en ses chances aux prochaines \u00e9lections pr\u00e9sidentielles malgr\u00e9 l\u2019appui officiel accord\u00e9 derni\u00e8rement\u00a0 par 7 partis du Front populaire \u00e0 son rival Hamma Hammami.Mongi Rahoui a propos\u00e9 le lancement d\u2019un sondage sur la page officielle du Front Populaire pour conna\u00eetre qui des deux\u00a0 hommes\u00a0 b\u00e9n\u00e9ficie de l\u2019appui des militants, tout en estimant [&hellip;]<\/p>\n","protected":false},"author":1772,"featured_media":0,"comment_status":"closed","ping_status":"closed","sticky":false,"template":"","format":"standard","meta":{"fifu_image_url":"","fifu_image_alt":"","footnotes":""},"categories":[73,55],"tags":[],"class_list":["post-23242","post","type-post","status-publish","format-standard","hentry","category-actualite","category-tunisie"],"_links":{"self":[{"href":"https:\/\/linitiative.ca\/International\/wp-json\/wp\/v2\/posts\/23242","targetHints":{"allow":["GET"]}}],"collection":[{"href":"https:\/\/linitiative.ca\/International\/wp-json\/wp\/v2\/posts"}],"about":[{"href":"https:\/\/linitiative.ca\/International\/wp-json\/wp\/v2\/types\/post"}],"author":[{"embeddable":true,"href":"https:\/\/linitiative.ca\/International\/wp-json\/wp\/v2\/users\/1772"}],"replies":[{"embeddable":true,"href":"https:\/\/linitiative.ca\/International\/wp-json\/wp\/v2\/comments?post=23242"}],"version-history":[{"count":0,"href":"https:\/\/linitiative.ca\/International\/wp-json\/wp\/v2\/posts\/23242\/revisions"}],"wp:attachment":[{"href":"https:\/\/linitiative.ca\/International\/wp-json\/wp\/v2\/media?parent=23242"}],"wp:term":[{"taxonomy":"category","embeddable":true,"href":"https:\/\/linitiative.ca\/International\/wp-json\/wp\/v2\/categories?post=23242"},{"taxonomy":"post_tag","embeddable":true,"href":"https:\/\/linitiative.ca\/International\/wp-json\/wp\/v2\/tags?post=23242"}],"curies":[{"name":"wp","href":"https:\/\/api.w.org\/{rel}","templated":true}]}}