{"id":23245,"date":"2019-03-21T06:00:00","date_gmt":"2019-03-21T10:00:00","guid":{"rendered":"https:\/\/linitiative.ca\/International\/ain-ben-tahar-un-quartier-en-detresse\/"},"modified":"2019-03-21T06:00:00","modified_gmt":"2019-03-21T10:00:00","slug":"ain-ben-tahar-un-quartier-en-detresse","status":"publish","type":"post","link":"https:\/\/linitiative.ca\/International\/ain-ben-tahar-un-quartier-en-detresse\/","title":{"rendered":"A\u00efn-Ben-Tahar\u2026 un quartier en d\u00e9tresse"},"content":{"rendered":"<p>Les habitants du quartier de A\u00efn-Ben-Tahar situ\u00e9 entre l\u2019ancien abattoir et Boua\u00e2ligue, relevant de la commune de Taher, vivent dans des conditions qu\u2019ils jugent insupportables depuis plusieurs ann\u00e9es face au mutisme des responsables de cette commune.<br \/>Lors de notre passage dans ce quartier comptant pas moins d\u2019une dizaine de nouvelles constructions individuelles, nous avons \u00e9t\u00e9 d\u00e9sagr\u00e9ablement surpris par l\u2019\u00e9tat des lieux de ce quartier situ\u00e9 pourtant \u00e0 des centaines de m\u00e8tres du si\u00e8ge de la mairie : un \u00e9gout des eaux us\u00e9es qui se d\u00e9versent au milieu de ce quartier, ce qui constitue un terrain fertile pour la propagation des maladies de tout genre.<br \/>un peu plus loin, on a trouv\u00e9 un amas d\u2019ordures qui s\u2019entassent \u00e0 un coin de ce quartier, un \u00e9tang qui encercle les maisons, la route menant aux maisons est impraticable,<br \/>un cadre de vie insupportable. \u00abJe souffre avec mon fils de l\u2019allergie \u00e0 cause de ces conditions, nous a confi\u00e9 Salim habitant le quartier de A\u00efn Ben tahar, ajoutant qu\u2019ils ont entrepris de nombreuses d\u00e9march\u00e9s aupr\u00e8s des services de la commune mais sans suite.<br \/>De son c\u00f4t\u00e9, Mourad trentenaire, nous a affirm\u00e9 que le quartier est d\u00e9pourvu de tous les r\u00e9seaux : eau potable, gaz naturel, r\u00e9seau d\u2019assainissement. nous sommes livr\u00e9s \u00e0 nous-m\u00eames, a pest\u00e9 notre interlocuteur.<br \/>Faute de r\u00e9seau AEP , les habitants de ce quartier sont contraints de s\u2019approvisionner \u00e0 la fontaine publique de A\u00efn-Ben-Tahar, situ\u00e9e au c\u0153ur d\u2019un ravin formant un bassin d\u2019eaux us\u00e9es d\u00e9gageant des odeurs naus\u00e9abondes, et qui repr\u00e9sente un s\u00e9rieux danger sur la sant\u00e9 des familles dudit quartier.<br \/>Les habitants de A\u00efn-Ben-Tahar vivent dans un cadre de vie infernal notamment en hiver et les fortes pr\u00e9cipitions qui transforment ce dernier en un grand lac qui rend l\u2019acc\u00e8s aux maisons en un vrai parcours du combattant pour les habitants de ce coin oubli\u00e9.<br \/>Face \u00e0 cette situation, les habitants de A\u00efn Ben Tahar lancent un cri de d\u00e9tresse aux \u00e9lus de la commune de Taher en vue de prendre en charge leurs multiples dol\u00e9ances li\u00e9es \u00e0 leur v\u00e9cu quotidien.<br \/>B. M. C.<\/p>\n<p>Auteur:<br \/>\n<a href=\"https:\/\/www.lesoirdalgerie.com\/regions\/ain-ben-tahar-un-quartier-en-detresse-21000\">Cliquez ici pour lire l&rsquo;article depuis sa source.<\/a><\/p>\n","protected":false},"excerpt":{"rendered":"<p>Les habitants du quartier de A\u00efn-Ben-Tahar situ\u00e9 entre l\u2019ancien abattoir et Boua\u00e2ligue, relevant de la commune de Taher, vivent dans des conditions qu\u2019ils jugent insupportables depuis plusieurs ann\u00e9es face au mutisme des responsables de cette commune.Lors de notre passage dans ce quartier comptant pas moins d\u2019une dizaine de nouvelles constructions individuelles, nous avons \u00e9t\u00e9 d\u00e9sagr\u00e9ablement [&hellip;]<\/p>\n","protected":false},"author":1741,"featured_media":0,"comment_status":"closed","ping_status":"closed","sticky":false,"template":"","format":"standard","meta":{"fifu_image_url":"","fifu_image_alt":"","footnotes":""},"categories":[73,53],"tags":[],"class_list":["post-23245","post","type-post","status-publish","format-standard","hentry","category-actualite","category-algerie"],"_links":{"self":[{"href":"https:\/\/linitiative.ca\/International\/wp-json\/wp\/v2\/posts\/23245","targetHints":{"allow":["GET"]}}],"collection":[{"href":"https:\/\/linitiative.ca\/International\/wp-json\/wp\/v2\/posts"}],"about":[{"href":"https:\/\/linitiative.ca\/International\/wp-json\/wp\/v2\/types\/post"}],"author":[{"embeddable":true,"href":"https:\/\/linitiative.ca\/International\/wp-json\/wp\/v2\/users\/1741"}],"replies":[{"embeddable":true,"href":"https:\/\/linitiative.ca\/International\/wp-json\/wp\/v2\/comments?post=23245"}],"version-history":[{"count":0,"href":"https:\/\/linitiative.ca\/International\/wp-json\/wp\/v2\/posts\/23245\/revisions"}],"wp:attachment":[{"href":"https:\/\/linitiative.ca\/International\/wp-json\/wp\/v2\/media?parent=23245"}],"wp:term":[{"taxonomy":"category","embeddable":true,"href":"https:\/\/linitiative.ca\/International\/wp-json\/wp\/v2\/categories?post=23245"},{"taxonomy":"post_tag","embeddable":true,"href":"https:\/\/linitiative.ca\/International\/wp-json\/wp\/v2\/tags?post=23245"}],"curies":[{"name":"wp","href":"https:\/\/api.w.org\/{rel}","templated":true}]}}