{"id":23261,"date":"2019-03-21T11:22:34","date_gmt":"2019-03-21T15:22:34","guid":{"rendered":"https:\/\/linitiative.ca\/International\/trophees-de-lautomobile-peugeot-garde-son-sacre\/"},"modified":"2019-03-21T11:22:34","modified_gmt":"2019-03-21T15:22:34","slug":"trophees-de-lautomobile-peugeot-garde-son-sacre","status":"publish","type":"post","link":"https:\/\/linitiative.ca\/International\/trophees-de-lautomobile-peugeot-garde-son-sacre\/","title":{"rendered":"Troph\u00e9es de l\u2019automobile : Peugeot garde son sacre"},"content":{"rendered":"<p>La 10\u00e8me \u00e9dition des Troph\u00e9es de l\u2019automobile a d\u00e9voil\u00e9 la liste des meilleures voitures par cat\u00e9gorie et la Voiture de l\u2019ann\u00e9e 2019, lors d\u2019une soir\u00e9e gala organis\u00e9e mercredi \u00e0 Casablanca.<\/p>\n<div class=\"c10\"\/>\n<p>Pour cette 10\u00e8me \u00e9dition des Troph\u00e9es qu\u2019organise le magazine Autonews, c\u2019est la <strong>Peugeot 508<\/strong> qui a \u00e9t\u00e9 sacr\u00e9e Voiture de l\u2019ann\u00e9e. Suite au vote de plus de 53.000 internautes pour un premier \u00e9cr\u00e9mage des voitures en lice, la berline coup\u00e9 a gagn\u00e9 les suffrages du jury d\u2019experts, suite aux essais statiques et dynamiques r\u00e9alis\u00e9s au cours d\u2019un aller-retour Casablanca-Rabat, jalonn\u00e9 de plusieurs arr\u00eats. 9 autres voitures \u00e9taient finalistes pour le titre supr\u00eame apr\u00e8s le vote des internautes. Il s\u2019agit de BMW X2, Citro\u00ebn C3 Aircross, Dacia Duster, Ford Fiesta, Jaguar E-Pace, Jeep Compass, Mercedes Classe A, Volkswagen Touareg et Volvo XC40.<\/p>\n<p>Par ailleurs, les voitures gagnantes par cat\u00e9gorie sont Renault Clio IV (Citadines), Volkswagen Golf (Moyennes), Alfa Romeo Giulia (Familiales), BMW S\u00e9rie 5 (Grandes routi\u00e8res), Dacia Dokker (Breaks &#038; Monospaces), Audi A5 (Coup\u00e9s &#038; Cabriolets) et Volkswagen Touareg (SUV &#038; 4\u00d74). Le jury \u00e9tait compos\u00e9 de Younes Saih (expert automobile), Rafik Lahlou (consultant automobile), Yves Bey Rozet (doyen de la presse <strong>automobile<\/strong> fran\u00e7aise), Aur\u00e9lien Devernoix (journaliste automobile) et Hicham Atabi (journaliste automobile).<\/p>\n<p>Pour rappel, la Peugeot 3008 (SUV) a \u00e9t\u00e9 \u00e9lue voiture de l\u2019ann\u00e9e lors de l\u2019\u00e9dition 2018 des <strong>Troph\u00e9es de l\u2019automobile<\/strong>.<\/p>\n<div class=\"c17\">\n<fieldset class=\"c16\">\n<legend><strong><span class=\"c11\">Challenge<\/span><span class=\"c12\">news<\/span><\/strong><\/legend>\n<div class=\"c15\">Le meilleur de la r\u00e9daction s\u00e9lectionn\u00e9 par Challenge :<\/p>\n<\/div>\n<\/fieldset>\n<\/div>\n<p>Auteur: Karim Handaoui<br \/>\n<a href=\"https:\/\/www.challenge.ma\/trophees-de-lautomobile-peugeot-garde-son-sacre-106458\/\">Cliquez ici pour lire l&rsquo;article depuis sa source.<\/a><\/p>\n","protected":false},"excerpt":{"rendered":"<p>La 10\u00e8me \u00e9dition des Troph\u00e9es de l\u2019automobile a d\u00e9voil\u00e9 la liste des meilleures voitures par cat\u00e9gorie et la Voiture de l\u2019ann\u00e9e 2019, lors d\u2019une soir\u00e9e gala organis\u00e9e mercredi \u00e0 Casablanca. Pour cette 10\u00e8me \u00e9dition des Troph\u00e9es qu\u2019organise le magazine Autonews, c\u2019est la Peugeot 508 qui a \u00e9t\u00e9 sacr\u00e9e Voiture de l\u2019ann\u00e9e. Suite au vote de [&hellip;]<\/p>\n","protected":false},"author":1787,"featured_media":0,"comment_status":"closed","ping_status":"closed","sticky":false,"template":"","format":"standard","meta":{"fifu_image_url":"","fifu_image_alt":"","footnotes":""},"categories":[78,54],"tags":[],"class_list":["post-23261","post","type-post","status-publish","format-standard","hentry","category-economie","category-maroc"],"_links":{"self":[{"href":"https:\/\/linitiative.ca\/International\/wp-json\/wp\/v2\/posts\/23261","targetHints":{"allow":["GET"]}}],"collection":[{"href":"https:\/\/linitiative.ca\/International\/wp-json\/wp\/v2\/posts"}],"about":[{"href":"https:\/\/linitiative.ca\/International\/wp-json\/wp\/v2\/types\/post"}],"author":[{"embeddable":true,"href":"https:\/\/linitiative.ca\/International\/wp-json\/wp\/v2\/users\/1787"}],"replies":[{"embeddable":true,"href":"https:\/\/linitiative.ca\/International\/wp-json\/wp\/v2\/comments?post=23261"}],"version-history":[{"count":0,"href":"https:\/\/linitiative.ca\/International\/wp-json\/wp\/v2\/posts\/23261\/revisions"}],"wp:attachment":[{"href":"https:\/\/linitiative.ca\/International\/wp-json\/wp\/v2\/media?parent=23261"}],"wp:term":[{"taxonomy":"category","embeddable":true,"href":"https:\/\/linitiative.ca\/International\/wp-json\/wp\/v2\/categories?post=23261"},{"taxonomy":"post_tag","embeddable":true,"href":"https:\/\/linitiative.ca\/International\/wp-json\/wp\/v2\/tags?post=23261"}],"curies":[{"name":"wp","href":"https:\/\/api.w.org\/{rel}","templated":true}]}}