{"id":23262,"date":"2019-03-21T12:47:58","date_gmt":"2019-03-21T16:47:58","guid":{"rendered":"https:\/\/linitiative.ca\/International\/uefa-ronaldo-sanctionne-pour-sa-celebration-osee\/"},"modified":"2019-03-21T12:47:58","modified_gmt":"2019-03-21T16:47:58","slug":"uefa-ronaldo-sanctionne-pour-sa-celebration-osee","status":"publish","type":"post","link":"https:\/\/linitiative.ca\/International\/uefa-ronaldo-sanctionne-pour-sa-celebration-osee\/","title":{"rendered":"UEFA : Ronaldo sanctionn\u00e9 pour sa c\u00e9l\u00e9bration os\u00e9e"},"content":{"rendered":"<p>La star de la Juventus, <strong>Cristiano Ronaldo<\/strong>, a \u00e9cop\u00e9 d\u2019une amende de 20.000 euros de la part de l\u2019UEFA, pour \u00ab\u00a0conduite inappropri\u00e9e\u00a0\u00bb, apr\u00e8s sa c\u00e9l\u00e9bration os\u00e9e contre l\u2019Atl\u00e9tico Madrid (3-0) en Ligue des champions.<\/p>\n<div class=\"c10\"\/>\n<p>L\u2019instance europ\u00e9enne avait annonc\u00e9 lundi avoir ouvert une proc\u00e9dure disciplinaire contre le Portugais. La commission de discipline s\u2019est r\u00e9unie jeudi.<\/p>\n<p>Auteur d\u2019un tripl\u00e9 pour renverser les Espagnols en 8e de finale retour (3-0, aller: 0-2), CR7 avait f\u00eat\u00e9 la qualification face aux tribunes dans un geste os\u00e9.<\/p>\n<p>Cristiano Ronaldo r\u00e9pondait \u00e0 l\u2019entra\u00eeneur madril\u00e8ne <strong>Diego Simeone<\/strong>, auteur d\u2019une c\u00e9l\u00e9bration similaire \u00e0 l\u2019aller. Le bouillant argentin, qui a demand\u00e9 pardon aux personnes offens\u00e9es par son geste in\u00e9l\u00e9gant, avait \u00e9cop\u00e9 le 7 mars d\u2019une amende identique de 20.000 euros inflig\u00e9e par l\u2019instance disciplinaire de l\u2019<strong>UEFA<\/strong>.<\/p>\n<div class=\"c17\">\n<fieldset class=\"c16\">\n<legend><strong><span class=\"c11\">Challenge<\/span><span class=\"c12\">news<\/span><\/strong><\/legend>\n<div class=\"c15\">Le meilleur de la r\u00e9daction s\u00e9lectionn\u00e9 par Challenge :<\/p>\n<\/div>\n<\/fieldset>\n<\/div>\n<p>Auteur: challenge<br \/>\n<a href=\"https:\/\/www.challenge.ma\/uefa-ronaldo-sanctionne-pour-sa-celebration-osee-106480\/\">Cliquez ici pour lire l&rsquo;article depuis sa source.<\/a><\/p>\n","protected":false},"excerpt":{"rendered":"<p>La star de la Juventus, Cristiano Ronaldo, a \u00e9cop\u00e9 d\u2019une amende de 20.000 euros de la part de l\u2019UEFA, pour \u00ab\u00a0conduite inappropri\u00e9e\u00a0\u00bb, apr\u00e8s sa c\u00e9l\u00e9bration os\u00e9e contre l\u2019Atl\u00e9tico Madrid (3-0) en Ligue des champions. L\u2019instance europ\u00e9enne avait annonc\u00e9 lundi avoir ouvert une proc\u00e9dure disciplinaire contre le Portugais. La commission de discipline s\u2019est r\u00e9unie jeudi. Auteur [&hellip;]<\/p>\n","protected":false},"author":1787,"featured_media":0,"comment_status":"closed","ping_status":"closed","sticky":false,"template":"","format":"standard","meta":{"fifu_image_url":"","fifu_image_alt":"","footnotes":""},"categories":[78,54],"tags":[],"class_list":["post-23262","post","type-post","status-publish","format-standard","hentry","category-economie","category-maroc"],"_links":{"self":[{"href":"https:\/\/linitiative.ca\/International\/wp-json\/wp\/v2\/posts\/23262","targetHints":{"allow":["GET"]}}],"collection":[{"href":"https:\/\/linitiative.ca\/International\/wp-json\/wp\/v2\/posts"}],"about":[{"href":"https:\/\/linitiative.ca\/International\/wp-json\/wp\/v2\/types\/post"}],"author":[{"embeddable":true,"href":"https:\/\/linitiative.ca\/International\/wp-json\/wp\/v2\/users\/1787"}],"replies":[{"embeddable":true,"href":"https:\/\/linitiative.ca\/International\/wp-json\/wp\/v2\/comments?post=23262"}],"version-history":[{"count":0,"href":"https:\/\/linitiative.ca\/International\/wp-json\/wp\/v2\/posts\/23262\/revisions"}],"wp:attachment":[{"href":"https:\/\/linitiative.ca\/International\/wp-json\/wp\/v2\/media?parent=23262"}],"wp:term":[{"taxonomy":"category","embeddable":true,"href":"https:\/\/linitiative.ca\/International\/wp-json\/wp\/v2\/categories?post=23262"},{"taxonomy":"post_tag","embeddable":true,"href":"https:\/\/linitiative.ca\/International\/wp-json\/wp\/v2\/tags?post=23262"}],"curies":[{"name":"wp","href":"https:\/\/api.w.org\/{rel}","templated":true}]}}