{"id":23263,"date":"2019-03-21T15:26:10","date_gmt":"2019-03-21T19:26:10","guid":{"rendered":"https:\/\/linitiative.ca\/International\/casablanca-les-parents-deleves-de-la-mission-espagnole-sous-tension\/"},"modified":"2019-03-21T15:26:10","modified_gmt":"2019-03-21T19:26:10","slug":"casablanca-les-parents-deleves-de-la-mission-espagnole-sous-tension","status":"publish","type":"post","link":"https:\/\/linitiative.ca\/International\/casablanca-les-parents-deleves-de-la-mission-espagnole-sous-tension\/","title":{"rendered":"Casablanca : Les parents d\u2019\u00e9l\u00e8ves de la mission espagnole sous tension"},"content":{"rendered":"<div data-test-id=\"message-view-body\">\n<div class=\"msg-body P_wpofO iy_A jb_0 X_6MGW N_6Fd5 yiv3596310139ydp9e1180beyahoo-style-wrap\" data-test-id=\"message-view-body-content\">\n<p class=\"yiv3596310139ydp1228fab2yiv9537939236ydpb91bc95fmsonormal\">L\u2019enseignement de <strong>l\u2019espagnol<\/strong> draine de plus en plus de demandes de la part des parents d\u2019\u00e9l\u00e8ves marocains. Tr\u00e8s r\u00e9pandu dans Nord du Royaume (T\u00e9touan, Tanger, Al Hoceima, Nador, Larache), l\u2019enseignement de l\u2019espagnol reste limit\u00e9 dans le reste du pays, notamment \u00e0 deux \u00e9coles \u00e0 Rabat et \u00e0 Casablanca o\u00f9 la demande pour les inscriptions d\u2019enfants non espagnols a explos\u00e9 au cours de ces derni\u00e8res ann\u00e9es.<\/p>\n<div class=\"c10\"\/>\n<p class=\"yiv3596310139ydp1228fab2yiv9537939236ydpb91bc95fmsonormal\">Si dans les autres villes du Maroc, le syst\u00e8me de l\u2019enseignement de l\u2019espagnol s\u2019est adapt\u00e9 au contexte marocain, tel ne semble pas \u00eatre le cas pour l\u2019unique \u00e9cole de la capitale \u00e9conomique du Royaume,\u00a0<span lang=\"FR-MA\">l\u2019<strong>Institut Juan Ramon Jimenez<\/strong> de Casablanca<\/span>. L\u2019\u00e9tablissement,\u00a0situ\u00e9 au 192 Boulevard d\u2019Anfa, sur une superficie totale de 12.000 m2, a mis, au courant de ces derni\u00e8res ann\u00e9es, les parents d\u2019\u00e9l\u00e8ves marocains dans le d\u00e9sarroi le plus total, du moins \u00e0 en croire ces derniers, dont nombreux parmi eux, nous ont rapport\u00e9 que leurs enfants \u00ab\u00a0sont victimes de mesures \u00a0abusives et discriminatoires et travaillent dans l\u2019angoisse\u00a0\u00bb au sein de cette \u00e9cole.<\/p>\n<p class=\"yiv3596310139ydp1228fab2yiv9537939236ydpb91bc95fmsonormal\">Ces parents estiment qu\u2019ils sont arriv\u00e9s \u00e0 bout et qu\u2019ils n\u2019en peuvent plus des agissements des membres de la direction de l\u2019\u00e9tablissement et des professeurs. \u00ab\u00a0Mon enfant a \u00e9t\u00e9 expuls\u00e9 pour un mois pour la simple raison, selon eux, que son comportement est contraire au bon d\u00e9roulement de l\u2019\u00e9cole. Et il n\u2019est pas le seul \u00e9l\u00e8ve dans cette situation\u00a0\u00bb, a rapport\u00e9 un parent d\u2019\u00e9l\u00e8ve estomaqu\u00e9 par cette d\u00e9cision et qui pointe du doigt \u00ab\u00a0<span lang=\"FR-MA\">l\u2019Institut Juan Ramon Jimenez de Casablanca<\/span>\u00a0qui octroie trop de libert\u00e9 aux professeurs\u00a0\u00bb.<\/p>\n<p class=\"yiv3596310139ydp1228fab2yiv9537939236ydpb91bc95fmsonormal\">Contact\u00e9e par Challenge, la direction de l\u2019\u00e9tablissement nous a demand\u00e9 de nous adresser au conseiller d\u2019\u00e9ducation. A noter que sur le plan administratif,\u00a0<span lang=\"FR-MA\">l\u2019Institut Juan Ramon Jimenez<\/span>\u00a0d\u00e9pend directement de l\u2019<strong>Ambassade d\u2019Espagne<\/strong> au Maroc, plus sp\u00e9cialement en la personne du conseiller d\u2019\u00e9ducation aupr\u00e8s de l\u2019ambassade, qui assure la coordination avec le minist\u00e8re de tutelle. Joint \u00e0 son tour, le conseiller d\u2019\u00e9ducation, qui a exig\u00e9 de lui faire parvenir nos questions par email, est revenu vers nous avec des r\u00e9ponses de Juli\u00e1n M\u00aa Cano Villanueva, directeur de l\u2019\u00e9tablissement.<\/p>\n<p class=\"yiv3596310139ydp1228fab2yiv9537939236ydpb91bc95fmsonormal\">\u00ab\u00a0La l\u00e9gislation \u00e9ducative des \u00e9coles espagnoles \u00e0 l\u2019\u00e9tranger pr\u00e9voit le non renouvellement si l\u2019\u00e9l\u00e8ve a redoubl\u00e9 deux fois pendant le cycle scolaire. La m\u00eame mesure est aussi en vigueur pour des cas extraordinaires concernant des comportements contraires au bon d\u00e9roulement de l\u2019\u00e9cole (agressions de tout type, vandalisme, etc.)\u00a0\u00bb, dit-il.<\/p>\n<p class=\"yiv3596310139ydp1228fab2yiv9537939236ydpb91bc95fmsonormal\">Pourtant, selon un parent d\u2019\u00e9l\u00e8ves,\u00a0Juli\u00e1n M\u00aa Cano Villanueva semble \u00eatre pris en otage par les professeurs. \u00ab\u00a0<span lang=\"FR-MA\">Le directeur de l\u2019\u00e9cole n\u2019a pas le choix car il est oblig\u00e9 de se soumettre aux professeurs qui l\u2019ont \u00e9lu \u00e0 ce poste\u00a0\u00bb, regrette celui-ci qui d\u00e9plore \u00e9galement le refus de toute discussion entre la direction et les parents d\u2019\u00e9l\u00e8ves. \u00ab\u00a0En cas de probl\u00e8me, tu rencontres le tuteur qui se contente de te dire ce qu\u2019on reproche \u00e0 ton enfant. Quant au directeur, il est quasiment impossible d\u2019avoir un rendez-vous avec lui. Et si tu arrives \u00e0 d\u00e9crocher un rendez-vous avec le surveillant g\u00e9n\u00e9ral, il te donne des directives et refuse toute discussion. Ce n\u2019\u00e9tait m\u00eame pas ainsi \u00e0 l\u2019\u00e9poque du protectorat \u00bb, d\u00e9plore cet autre parent, p\u00e8re de deux enfants.<\/span><\/p>\n<p class=\"yiv3596310139ydp1228fab2yiv9537939236ydpb91bc95fmsonormal\"><span lang=\"FR-MA\">Et de rajouter\u00a0: \u00ab\u00a0Si on s\u2019ouvre \u00e0 la presse, c\u2019est que nous ne savons plus \u00e0 quel saint se vouer et surtout que les professeurs continuent d\u2019harceler nos enfants qui sont angoiss\u00e9s rien qu\u2019\u00e0 l\u2019id\u00e9e de se lever chaque matin pour aller \u00e0 l\u2019\u00e9cole\u00a0\u00bb.<\/span><\/p>\n<p class=\"yiv3596310139ydp1228fab2yiv9537939236ydpb91bc95fmsonormal\"><span lang=\"FR-MA\">Pourtant, tout semble indiquer qu\u2019\u00e0 l\u2019Institut Juan Ramon Jimenez de Casablanca, le pouvoir est concentr\u00e9 entre les mains des professeurs qui dictent leur loi aux \u00e9l\u00e8ves. \u00ab\u00a0<\/span>Les professeurs sont en charge de toutes les activit\u00e9s \u00e9ducatives et p\u00e9dagogiques. A aucun moment, le professeur ne harc\u00e8le les \u00e9l\u00e8ves. Bien au contraire, nos professeurs ont comme signe d\u2019identit\u00e9 d\u2019\u00eatre conviviaux avec les \u00e9l\u00e8ves\u00a0\u00bb, souligne\u00a0Juli\u00e1n M\u00aa Cano Villanueva\u00a0qui pr\u00e9cise paradoxalement \u00ab\u00a0qu\u2019il n\u2019y a pas de surveillants dans l\u2019\u00e9tablissement\u00a0\u00bb.<\/p>\n<p class=\"yiv3596310139ydp1228fab2yiv9537939236ydpb91bc95fmsonormal\"><span lang=\"FR-MA\">Pour cette maman, elle a tout simplement l\u2019impression que ses enfants sont dans un camp de redressement. \u00ab\u00a0Il arrive souvent qu\u2019un \u00e9l\u00e8ve soit expuls\u00e9 une ann\u00e9e ou bien priv\u00e9 pendant trois mois d\u2019activit\u00e9s extra-scolaires \u00bb, affirme-t-elle.<\/span><\/p>\n<p class=\"yiv3596310139ydp1228fab2yiv9537939236ydpb91bc95fmsonormal\"><span lang=\"FR-MA\">Sur la question, le directeur de l\u2019\u00e9cole a tent\u00e9 de d\u00e9fendre son \u00e9tablissement. \u00ab\u00a0<\/span>Notre l\u00e9gislation \u00e9ducative, et plus particuli\u00e8rement notre r\u00e8glement interne, pr\u00e9voit toute une s\u00e9rie de mesures \u00e9ducatives correctrices toujours proportionnelles et progressives. En aucun cas cela ne suppose une expulsion arbitraire, l\u2019expulsion maximale \u00e9tant de 30 jours. Notre \u00e9tablissement facilite, dans la mesure du possible, tous les moyens afin que les \u00e9l\u00e8ves puissent atteindre les objectifs p\u00e9dagogiques. Le non renouvellement est pr\u00e9vu dans certains cas o\u00f9 il est d\u00e9tect\u00e9 un manque de travail et d\u2019int\u00e9r\u00eat de la part de l\u2019\u00e9l\u00e8ve\u00a0\u00bb, indique-t-il.<\/p>\n<p class=\"yiv3596310139ydp1228fab2yiv9537939236ydpb91bc95fmsonormal\">Aujourd\u2019hui, les parents d\u2019\u00e9l\u00e8ves marocains de la mission espagnole de Casablanca qui, dont les enfants\u00a0ne peuvent acc\u00e9der \u00e0 aucune autre institution, puisqu\u2019ils ont fr\u00e9quent\u00e9 depuis leur plus jeune \u00e2ge l\u2019\u00e9cole espagnole, \u00e0 moins de partir en Espagne,\u00a0sont tr\u00e8s remont\u00e9s contre la direction\u00a0<span lang=\"FR-MA\">de l\u2019Institut Juan Ramon Jimenez. \u00ab\u00a0Et je te dis que nous<\/span><span lang=\"FR-MA\">\u00a0<\/span><span lang=\"FR-MA\">n\u2019avons m\u00eame pas la possibilit\u00e9 de voir les copies d\u2019examens de nos enfants\u00a0\u00bb, lance cette maman d\u00e9boussol\u00e9e. Interpell\u00e9e, sur le sujet, le directeur de l\u2019\u00e9cole n\u2019a pas apport\u00e9 une r\u00e9ponse tranch\u00e9e. \u00ab\u00a0<\/span>L\u00e9galement, les familles ont le droit de voir les copies des examens \u00e0 tout moment de l\u2019ann\u00e9e\u00a0\u00bb, se contente-t-il d\u2019affirmer.<\/p>\n<p class=\"yiv3596310139ydp1228fab2yiv9537939236ydpb91bc95fmsonormal\">Quoiqu\u2019il en soit, une mission d\u2019inspection est arriv\u00e9e dans l\u2019\u00e9tablissement. Et les parents se demandent si elle parviendra \u00e0 tirer tout cela au clair, histoire de mettre fin \u00e0 leur calvaire et \u00e0 celui de leurs enfants.<\/p>\n<\/div>\n<\/div>\n<div class=\"c17\">\n<fieldset class=\"c16\">\n<legend><strong><span class=\"c11\">Challenge<\/span><span class=\"c12\">news<\/span><\/strong><\/legend>\n<div class=\"c15\">Le meilleur de la r\u00e9daction s\u00e9lectionn\u00e9 par Challenge :<\/p>\n<\/div>\n<\/fieldset>\n<\/div>\n<p>Auteur: Adama Sylla<br \/>\n<a href=\"https:\/\/www.challenge.ma\/casablanca-les-parents-deleves-de-la-mission-espagnole-sous-tension-106491\/\">Cliquez ici pour lire l&rsquo;article depuis sa source.<\/a><\/p>\n","protected":false},"excerpt":{"rendered":"<p>L\u2019enseignement de l\u2019espagnol draine de plus en plus de demandes de la part des parents d\u2019\u00e9l\u00e8ves marocains. Tr\u00e8s r\u00e9pandu dans Nord du Royaume (T\u00e9touan, Tanger, Al Hoceima, Nador, Larache), l\u2019enseignement de l\u2019espagnol reste limit\u00e9 dans le reste du pays, notamment \u00e0 deux \u00e9coles \u00e0 Rabat et \u00e0 Casablanca o\u00f9 la demande pour les inscriptions d\u2019enfants [&hellip;]<\/p>\n","protected":false},"author":1787,"featured_media":0,"comment_status":"closed","ping_status":"closed","sticky":false,"template":"","format":"standard","meta":{"fifu_image_url":"","fifu_image_alt":"","footnotes":""},"categories":[78,54],"tags":[],"class_list":["post-23263","post","type-post","status-publish","format-standard","hentry","category-economie","category-maroc"],"_links":{"self":[{"href":"https:\/\/linitiative.ca\/International\/wp-json\/wp\/v2\/posts\/23263","targetHints":{"allow":["GET"]}}],"collection":[{"href":"https:\/\/linitiative.ca\/International\/wp-json\/wp\/v2\/posts"}],"about":[{"href":"https:\/\/linitiative.ca\/International\/wp-json\/wp\/v2\/types\/post"}],"author":[{"embeddable":true,"href":"https:\/\/linitiative.ca\/International\/wp-json\/wp\/v2\/users\/1787"}],"replies":[{"embeddable":true,"href":"https:\/\/linitiative.ca\/International\/wp-json\/wp\/v2\/comments?post=23263"}],"version-history":[{"count":0,"href":"https:\/\/linitiative.ca\/International\/wp-json\/wp\/v2\/posts\/23263\/revisions"}],"wp:attachment":[{"href":"https:\/\/linitiative.ca\/International\/wp-json\/wp\/v2\/media?parent=23263"}],"wp:term":[{"taxonomy":"category","embeddable":true,"href":"https:\/\/linitiative.ca\/International\/wp-json\/wp\/v2\/categories?post=23263"},{"taxonomy":"post_tag","embeddable":true,"href":"https:\/\/linitiative.ca\/International\/wp-json\/wp\/v2\/tags?post=23263"}],"curies":[{"name":"wp","href":"https:\/\/api.w.org\/{rel}","templated":true}]}}