{"id":23264,"date":"2019-03-21T15:49:14","date_gmt":"2019-03-21T19:49:14","guid":{"rendered":"https:\/\/linitiative.ca\/International\/cri-et-nouveau-regime-de-couverture-au-menu-du-conseil-de-gouvernement\/"},"modified":"2019-03-21T15:49:14","modified_gmt":"2019-03-21T19:49:14","slug":"cri-et-nouveau-regime-de-couverture-au-menu-du-conseil-de-gouvernement","status":"publish","type":"post","link":"https:\/\/linitiative.ca\/International\/cri-et-nouveau-regime-de-couverture-au-menu-du-conseil-de-gouvernement\/","title":{"rendered":"CRI et nouveau r\u00e9gime de couverture au menu du conseil de gouvernement"},"content":{"rendered":"<p>Le <strong>conseil de gouvernement<\/strong>, r\u00e9uni jeudi, a adopt\u00e9 deux projets de d\u00e9cret sur la r\u00e9forme des Centres r\u00e9gionaux d\u2019investissement (CRI) et la cr\u00e9ation des commissions r\u00e9gionales de l\u2019investissement, et l\u2019institution d\u2019un r\u00e9gime de couverture des cons\u00e9quences des catastrophes naturelles.<\/p>\n<div class=\"c10\"\/>\n<p>Le d\u00e9cret N\u00b0 2.19.67 portant application de la loi 47.18 relatif \u00e0 la r\u00e9forme des <strong>Centres r\u00e9gionaux d\u2019investissement<\/strong> et la cr\u00e9ation des commissions r\u00e9gionales de l\u2019investissement vise \u00e0 encourager l\u2019investissement et \u00e0 soutenir les entreprises, en application des hautes instructions de SM le roi Mohammed VI sur la n\u00e9cessit\u00e9 d\u2019une r\u00e9forme rapide de ces centres, a indiqu\u00e9 le ministre d\u00e9l\u00e9gu\u00e9 charg\u00e9 des Relations avec le parlement et la Soci\u00e9t\u00e9 civile, porte-parole du gouvernement, Mustapha El Khalfi.<\/p>\n<p>Ce d\u00e9cret d\u00e9finit l\u2019autorit\u00e9 gouvernementale de tutelle et les repr\u00e9sentants r\u00e9gionaux des instances gouvernementales membres des conseils d\u2019administration des CRI, confie la r\u00e9alisation des audits annuels de ces centres \u00e0 des cabinets sp\u00e9cialis\u00e9s, tout en fixant les objectifs prioritaires et les indicateurs y aff\u00e9rents, et d\u00e9finit la liste des autorit\u00e9s gouvernementales formant la commission minist\u00e9rielle charg\u00e9e de conduire la r\u00e9forme de ces centres, son fonctionnement et son secr\u00e9tariat, a ajout\u00e9 Mustapha El Khalfi dans un communiqu\u00e9 lu lors d\u2019un point de presse \u00e0 l\u2019issue de ce conseil.<\/p>\n<p>Le deuxi\u00e8me texte, pr\u00e9sent\u00e9 par le ministre d\u00e9l\u00e9gu\u00e9 charg\u00e9 de l\u2019Administration de la d\u00e9fense nationale au nom du ministre de l\u2019\u00c9conomie et des Finances, concerne le d\u00e9cret No : 2.18.785 portant application de la loi No : 110.14 relatif \u00e0 la cr\u00e9ation d\u2019un r\u00e9gime de <strong>couverture<\/strong> des cons\u00e9quences des catastrophes naturelles, qui a mis en place un double r\u00e9gime d\u2019indemnisation : un r\u00e9gime d\u2019assurance au profit des victimes disposant de contrats d\u2019assurance d\u2019une part, et un r\u00e9gime solidaire au profit des personnes physiques qui ne sont pas pourvues d\u2019une couverture d\u2019autre part, et modifiant et compl\u00e9tant la loi No : 17.99 relatif au code des assurances.<\/p>\n<p>Ce projet d\u00e9finit certaines dispositions, notamment la liste des ph\u00e9nom\u00e8nes naturels pouvant constituer des catastrophes naturelles, les conditions pour d\u00e9cr\u00e9ter l\u2019\u00e9tat de catastrophe sur d\u00e9cision du Chef du gouvernement, le registre des victimes des <strong>catastrophes naturelles<\/strong>, les repr\u00e9sentants de l\u2019administration au sein de la commission de suivi, le conseil d\u2019administration du Fonds de solidarit\u00e9 contre les catastrophes naturelles, la commission de r\u00e8glement des contentieux et les modalit\u00e9s d\u2019octroi de l\u2019indemnit\u00e9 d\u00e9finitive aux victimes ou ayants-droit au titre du pr\u00e9judice corporel, le plafond d\u2019indemnisation pour l\u2019entretien du logement principal et les valeurs minimale et maximale de la valeur locative mensuelle au titre de l\u2019indemnisation pour la perte de jouissance du logement principal, a-t-il poursuivi.<\/p>\n<p>Le porte-parole a, en outre, pr\u00e9cis\u00e9 que ce texte propose aussi que l\u2019autorit\u00e9 gouvernementale charg\u00e9e des finances arr\u00eate le tableau des d\u00e9penses et honoraires des expertises r\u00e9alis\u00e9es par la commission de l\u2019expertise au profit des entreprises d\u2019<strong>assurance<\/strong> et de r\u00e9assurance, les modalit\u00e9s d\u2019octroi de pr\u00eats aux entreprises d\u2019assurance et de r\u00e9assurance relatifs aux garanties contre les cons\u00e9quences des catastrophes, les r\u00e8gles relatives \u00e0 la constitution des r\u00e9serves du Fonds de solidarit\u00e9 contre les catastrophes naturelles et l\u2019utilisation de ces fonds, et le mod\u00e8le de la demande d\u2019indemnisation pr\u00e9sent\u00e9e au Fonds de solidarit\u00e9 ainsi que le mod\u00e8le du r\u00e9c\u00e9piss\u00e9 joint \u00e0 la proposition d\u2019indemnisation.<\/p>\n<p>Ce projet autorise l\u2019autorit\u00e9 gouvernementale en charge de l\u2019Int\u00e9rieur de fixer, par d\u00e9cision, le mod\u00e8le du registre des victimes des catastrophes naturelles, les modalit\u00e9s d\u2019inscription sur ce registre, ainsi que le r\u00e8glement int\u00e9rieur de la commission de suivi, a-t-il conclu.<\/p>\n<div class=\"c17\">\n<fieldset class=\"c16\">\n<legend><strong><span class=\"c11\">Challenge<\/span><span class=\"c12\">news<\/span><\/strong><\/legend>\n<div class=\"c15\">Le meilleur de la r\u00e9daction s\u00e9lectionn\u00e9 par Challenge :<\/p>\n<\/div>\n<\/fieldset>\n<\/div>\n<p>Auteur: Karim Handaoui<br \/>\n<a href=\"https:\/\/www.challenge.ma\/cri-et-nouveau-regime-de-couverture-au-menu-du-conseil-de-gouvernement-106500\/\">Cliquez ici pour lire l&rsquo;article depuis sa source.<\/a><\/p>\n","protected":false},"excerpt":{"rendered":"<p>Le conseil de gouvernement, r\u00e9uni jeudi, a adopt\u00e9 deux projets de d\u00e9cret sur la r\u00e9forme des Centres r\u00e9gionaux d\u2019investissement (CRI) et la cr\u00e9ation des commissions r\u00e9gionales de l\u2019investissement, et l\u2019institution d\u2019un r\u00e9gime de couverture des cons\u00e9quences des catastrophes naturelles. Le d\u00e9cret N\u00b0 2.19.67 portant application de la loi 47.18 relatif \u00e0 la r\u00e9forme des Centres [&hellip;]<\/p>\n","protected":false},"author":1787,"featured_media":0,"comment_status":"closed","ping_status":"closed","sticky":false,"template":"","format":"standard","meta":{"fifu_image_url":"","fifu_image_alt":"","footnotes":""},"categories":[78,54],"tags":[],"class_list":["post-23264","post","type-post","status-publish","format-standard","hentry","category-economie","category-maroc"],"_links":{"self":[{"href":"https:\/\/linitiative.ca\/International\/wp-json\/wp\/v2\/posts\/23264","targetHints":{"allow":["GET"]}}],"collection":[{"href":"https:\/\/linitiative.ca\/International\/wp-json\/wp\/v2\/posts"}],"about":[{"href":"https:\/\/linitiative.ca\/International\/wp-json\/wp\/v2\/types\/post"}],"author":[{"embeddable":true,"href":"https:\/\/linitiative.ca\/International\/wp-json\/wp\/v2\/users\/1787"}],"replies":[{"embeddable":true,"href":"https:\/\/linitiative.ca\/International\/wp-json\/wp\/v2\/comments?post=23264"}],"version-history":[{"count":0,"href":"https:\/\/linitiative.ca\/International\/wp-json\/wp\/v2\/posts\/23264\/revisions"}],"wp:attachment":[{"href":"https:\/\/linitiative.ca\/International\/wp-json\/wp\/v2\/media?parent=23264"}],"wp:term":[{"taxonomy":"category","embeddable":true,"href":"https:\/\/linitiative.ca\/International\/wp-json\/wp\/v2\/categories?post=23264"},{"taxonomy":"post_tag","embeddable":true,"href":"https:\/\/linitiative.ca\/International\/wp-json\/wp\/v2\/tags?post=23264"}],"curies":[{"name":"wp","href":"https:\/\/api.w.org\/{rel}","templated":true}]}}