{"id":23279,"date":"2019-03-21T14:55:14","date_gmt":"2019-03-21T18:55:14","guid":{"rendered":"https:\/\/linitiative.ca\/International\/le-chef-du-gouvernement-recoit-une-delegation-du-ca\/"},"modified":"2019-03-21T14:55:14","modified_gmt":"2019-03-21T18:55:14","slug":"le-chef-du-gouvernement-recoit-une-delegation-du-ca","status":"publish","type":"post","link":"https:\/\/linitiative.ca\/International\/le-chef-du-gouvernement-recoit-une-delegation-du-ca\/","title":{"rendered":"Le Chef du gouvernement re\u00e7oit une d\u00e9l\u00e9gation du CA"},"content":{"rendered":"<div class=\"nc_socialPanel swp_flatFresh swp_d_fullColor swp_i_fullColor swp_o_fullColor scale-100 scale-fullWidth\" data-position=\"none\" data-float=\"floatNone\" data-count=\"5\" data-floatcolor=\"#ffffff\" data-emphasize=\"0\">\n<div class=\"nc_tweetContainer totes totesalt\" data-id=\"6\"><span class=\"swp_count\"><span class=\"swp_label\">Partages<\/span> 7<\/span><\/div>\n<\/div>\n<p>Le Chef du gouvernement, Youssef\u00a0Chahed a re\u00e7u une d\u00e9l\u00e9gation du Club Africain supervis\u00e9e par le pr\u00e9sident du club,\u00a0Abdessalem\u00a0Younsi, au\u00a0palais du gouvernement\u00a0\u00e0 la\u00a0Kasbah, ce jeudi.<\/p>\n<p>La page officielle de la pr\u00e9sidence du gouvernement n\u2019a pas indiqu\u00e9 les raisons de cette rencontre.<\/p>\n<div class=\"code-block code-block-1 c4\"><ins class=\"adsbygoogle c3\" data-ad-layout=\"in-article\" data-ad-format=\"fluid\" data-ad-client=\"ca-pub-2102118777505746\" data-ad-slot=\"7301775417\"\/> <\/div>\n<p>Toutefois, la situation financi\u00e8re du\u00a0Club Africain\u00a0aurait \u00e9t\u00e9 au c\u0153ur des discussions tenues aujourd\u2019hui, en pr\u00e9sence de l\u2019ancien pr\u00e9sident du CA, Hammadi\u00a0Bousbii.<\/p>\n<div class=\"mvp-org-wrap mvp-org-logo\" itemprop=\"publisher\" itemscope=\"\" itemtype=\"https:\/\/schema.org\/Organization\"><img decoding=\"async\" src=\"https:\/\/sport.tunisienumerique.com\/wp-content\/uploads\/2017\/05\/logo_tunisie_numerique.png\"\/><\/div>\n<div class=\"nc_socialPanel swp_flatFresh swp_d_fullColor swp_i_fullColor swp_o_fullColor scale-100 scale-fullWidth\" data-position=\"none\" data-float=\"floatNone\" data-count=\"5\" data-floatcolor=\"#ffffff\" data-emphasize=\"0\">\n<div class=\"nc_tweetContainer totes totesalt\" data-id=\"6\"><span class=\"swp_count\"><span class=\"swp_label\">Partages<\/span> 7<\/span><\/div>\n<\/div>\n<div class=\"mvp-related-posts left relative\">\n<h4 class=\"post-header\"><span class=\"post-header\">Lire aussi<\/span><\/h4>\n<\/div>\n<p>Auteur: a.<br \/>\n<a href=\"https:\/\/sport.tunisienumerique.com\/chef-gouvernement-recoit-delegation-ca\/\">Cliquez ici pour lire l&rsquo;article depuis sa source.<\/a><\/p>\n","protected":false},"excerpt":{"rendered":"<p>Partages 7 Le Chef du gouvernement, Youssef\u00a0Chahed a re\u00e7u une d\u00e9l\u00e9gation du Club Africain supervis\u00e9e par le pr\u00e9sident du club,\u00a0Abdessalem\u00a0Younsi, au\u00a0palais du gouvernement\u00a0\u00e0 la\u00a0Kasbah, ce jeudi. La page officielle de la pr\u00e9sidence du gouvernement n\u2019a pas indiqu\u00e9 les raisons de cette rencontre. Toutefois, la situation financi\u00e8re du\u00a0Club Africain\u00a0aurait \u00e9t\u00e9 au c\u0153ur des discussions tenues aujourd\u2019hui, [&hellip;]<\/p>\n","protected":false},"author":1789,"featured_media":23280,"comment_status":"closed","ping_status":"closed","sticky":false,"template":"","format":"standard","meta":{"fifu_image_url":"","fifu_image_alt":"","footnotes":""},"categories":[73,55],"tags":[],"class_list":["post-23279","post","type-post","status-publish","format-standard","has-post-thumbnail","hentry","category-actualite","category-tunisie"],"_links":{"self":[{"href":"https:\/\/linitiative.ca\/International\/wp-json\/wp\/v2\/posts\/23279","targetHints":{"allow":["GET"]}}],"collection":[{"href":"https:\/\/linitiative.ca\/International\/wp-json\/wp\/v2\/posts"}],"about":[{"href":"https:\/\/linitiative.ca\/International\/wp-json\/wp\/v2\/types\/post"}],"author":[{"embeddable":true,"href":"https:\/\/linitiative.ca\/International\/wp-json\/wp\/v2\/users\/1789"}],"replies":[{"embeddable":true,"href":"https:\/\/linitiative.ca\/International\/wp-json\/wp\/v2\/comments?post=23279"}],"version-history":[{"count":0,"href":"https:\/\/linitiative.ca\/International\/wp-json\/wp\/v2\/posts\/23279\/revisions"}],"wp:featuredmedia":[{"embeddable":true,"href":"https:\/\/linitiative.ca\/International\/wp-json\/"}],"wp:attachment":[{"href":"https:\/\/linitiative.ca\/International\/wp-json\/wp\/v2\/media?parent=23279"}],"wp:term":[{"taxonomy":"category","embeddable":true,"href":"https:\/\/linitiative.ca\/International\/wp-json\/wp\/v2\/categories?post=23279"},{"taxonomy":"post_tag","embeddable":true,"href":"https:\/\/linitiative.ca\/International\/wp-json\/wp\/v2\/tags?post=23279"}],"curies":[{"name":"wp","href":"https:\/\/api.w.org\/{rel}","templated":true}]}}