{"id":23281,"date":"2019-03-21T15:42:13","date_gmt":"2019-03-21T19:42:13","guid":{"rendered":"https:\/\/linitiative.ca\/International\/tunisie-eswatini-quel-onze-de-depart\/"},"modified":"2019-03-21T15:42:13","modified_gmt":"2019-03-21T19:42:13","slug":"tunisie-eswatini-quel-onze-de-depart","status":"publish","type":"post","link":"https:\/\/linitiative.ca\/International\/tunisie-eswatini-quel-onze-de-depart\/","title":{"rendered":"Tunisie-Eswatini : Quel onze de d\u00e9part !"},"content":{"rendered":"<div class=\"nc_socialPanel swp_flatFresh swp_d_fullColor swp_i_fullColor swp_o_fullColor scale-100 scale-fullWidth\" data-position=\"none\" data-float=\"floatNone\" data-count=\"5\" data-floatcolor=\"#ffffff\" data-emphasize=\"0\">\n<div class=\"nc_tweetContainer totes totesalt\" data-id=\"6\"><span class=\"swp_count\"><span class=\"swp_label\">Partages<\/span> 1<\/span><\/div>\n<\/div>\n<p>La s\u00e9lection nationale de football affronte, ce vendredi 22 mars 2019 (19h15), l\u2019Eswatini dans le cadre de la derni\u00e8re journ\u00e9e des \u00e9liminatoires de la CAN 2019, sur la pelouse du stade olympique de Rad\u00e8s.<\/p>\n<p>Un premier test pour le nouvel entra\u00eeneur de l\u2019\u00e9quipe nationale, Alain\u00a0Giresse o\u00f9 les Aigles de Carthage, d\u00e9j\u00e0 qualifi\u00e9s, chercheront \u00e0\u00a0conforter la position de leader pour le prestige.<\/p>\n<div class=\"code-block code-block-1 c4\"><ins class=\"adsbygoogle c3\" data-ad-layout=\"in-article\" data-ad-format=\"fluid\" data-ad-client=\"ca-pub-2102118777505746\" data-ad-slot=\"7301775417\"\/> <\/div>\n<p>Quant \u00e0 la composition du onze de d\u00e9part contre l\u2019Eswatini, l\u2019incontournable Farouk Ben Mustapha sera dans les bois, Yassine\u00a0Meriah\u00a0et Siam Ben Youssef formeront l\u2019axe central alors que\u00a0Oussama Haddadi (Ali\u00a0Maaloul) et\u00a0Mohamed\u00a0Drager\u00a0occuperont respectivement les flancs gauche et droit de la d\u00e9fense.<\/p>\n<p>Pour le reste, le milieu de terrain sera orchestr\u00e9 par Mohamed Amine Amor, aux c\u00f4t\u00e9s de Aymen Ben Mohamed et\u00a0Seif-Eddine\u00a0Khaoui\u00a0qui devront assurer la couverture et la relance. Le N\u00b0 10, Naim\u00a0Sliti\u00a0retrouve sa place dans le onze de d\u00e9part en tant que r\u00e9gisseur pour animer l\u2019avant-garde. En attaque, on trouvera Youssef\u00a0Msakni, de retour apr\u00e8s avoir r\u00e9cup\u00e9r\u00e9 de sa blessure pour former un couple offensif avec Taha Yassine\u00a0Khenissi\u00a0dont le r\u00f4le sera capital au final.<\/p>\n<p><strong>Formation probable :<\/strong>\u00a0Ben Mustapha \u2013\u00a0Meriah\u00a0\u2013 Ben Youssef \u2013 Haddadi (Maaloul) \u2013\u00a0Drager\u00a0\u2013 Ben Amor \u2013 Ben Mohamed\u00a0\u2013\u00a0Khaoui \u2013\u00a0Sliti\u00a0\u2013\u00a0Msakni\u00a0\u2013\u00a0Khenissi.<\/p>\n<div class=\"mvp-org-wrap mvp-org-logo\" itemprop=\"publisher\" itemscope=\"\" itemtype=\"https:\/\/schema.org\/Organization\"><img decoding=\"async\" src=\"https:\/\/sport.tunisienumerique.com\/wp-content\/uploads\/2017\/05\/logo_tunisie_numerique.png\"\/><\/div>\n<div class=\"nc_socialPanel swp_flatFresh swp_d_fullColor swp_i_fullColor swp_o_fullColor scale-100 scale-fullWidth\" data-position=\"none\" data-float=\"floatNone\" data-count=\"5\" data-floatcolor=\"#ffffff\" data-emphasize=\"0\">\n<div class=\"nc_tweetContainer totes totesalt\" data-id=\"6\"><span class=\"swp_count\"><span class=\"swp_label\">Partages<\/span> 1<\/span><\/div>\n<\/div>\n<div class=\"mvp-related-posts left relative\">\n<h4 class=\"post-header\"><span class=\"post-header\">Lire aussi<\/span><\/h4>\n<\/div>\n<p>Auteur: a.<br \/>\n<a href=\"https:\/\/sport.tunisienumerique.com\/tunisie-eswatini-onze-de-depart\/\">Cliquez ici pour lire l&rsquo;article depuis sa source.<\/a><\/p>\n","protected":false},"excerpt":{"rendered":"<p>Partages 1 La s\u00e9lection nationale de football affronte, ce vendredi 22 mars 2019 (19h15), l\u2019Eswatini dans le cadre de la derni\u00e8re journ\u00e9e des \u00e9liminatoires de la CAN 2019, sur la pelouse du stade olympique de Rad\u00e8s. Un premier test pour le nouvel entra\u00eeneur de l\u2019\u00e9quipe nationale, Alain\u00a0Giresse o\u00f9 les Aigles de Carthage, d\u00e9j\u00e0 qualifi\u00e9s, chercheront [&hellip;]<\/p>\n","protected":false},"author":1789,"featured_media":23282,"comment_status":"closed","ping_status":"closed","sticky":false,"template":"","format":"standard","meta":{"fifu_image_url":"","fifu_image_alt":"","footnotes":""},"categories":[73,55],"tags":[],"class_list":["post-23281","post","type-post","status-publish","format-standard","has-post-thumbnail","hentry","category-actualite","category-tunisie"],"_links":{"self":[{"href":"https:\/\/linitiative.ca\/International\/wp-json\/wp\/v2\/posts\/23281","targetHints":{"allow":["GET"]}}],"collection":[{"href":"https:\/\/linitiative.ca\/International\/wp-json\/wp\/v2\/posts"}],"about":[{"href":"https:\/\/linitiative.ca\/International\/wp-json\/wp\/v2\/types\/post"}],"author":[{"embeddable":true,"href":"https:\/\/linitiative.ca\/International\/wp-json\/wp\/v2\/users\/1789"}],"replies":[{"embeddable":true,"href":"https:\/\/linitiative.ca\/International\/wp-json\/wp\/v2\/comments?post=23281"}],"version-history":[{"count":0,"href":"https:\/\/linitiative.ca\/International\/wp-json\/wp\/v2\/posts\/23281\/revisions"}],"wp:featuredmedia":[{"embeddable":true,"href":"https:\/\/linitiative.ca\/International\/wp-json\/"}],"wp:attachment":[{"href":"https:\/\/linitiative.ca\/International\/wp-json\/wp\/v2\/media?parent=23281"}],"wp:term":[{"taxonomy":"category","embeddable":true,"href":"https:\/\/linitiative.ca\/International\/wp-json\/wp\/v2\/categories?post=23281"},{"taxonomy":"post_tag","embeddable":true,"href":"https:\/\/linitiative.ca\/International\/wp-json\/wp\/v2\/tags?post=23281"}],"curies":[{"name":"wp","href":"https:\/\/api.w.org\/{rel}","templated":true}]}}