{"id":23283,"date":"2019-03-21T17:16:33","date_gmt":"2019-03-21T21:16:33","guid":{"rendered":"https:\/\/linitiative.ca\/International\/tunisie-chahed-ouvre-le-debat-sur-le-secteur-de-la-sante-en-presence-des-professionnels\/"},"modified":"2019-03-21T17:16:33","modified_gmt":"2019-03-21T21:16:33","slug":"tunisie-chahed-ouvre-le-debat-sur-le-secteur-de-la-sante-en-presence-des-professionnels","status":"publish","type":"post","link":"https:\/\/linitiative.ca\/International\/tunisie-chahed-ouvre-le-debat-sur-le-secteur-de-la-sante-en-presence-des-professionnels\/","title":{"rendered":"Tunisie \u2013 Chahed ouvre le d\u00e9bat sur le secteur de la sant\u00e9 en pr\u00e9sence des professionnels"},"content":{"rendered":"<div class=\"post-cont-in left relative\">\n<div class=\"nc_socialPanel swp_flatFresh swp_d_fullColor swp_i_fullColor swp_o_fullColor scale-100 scale-fullWidth\" data-position=\"none\" data-float=\"floatNone\" data-count=\"5\" data-floatcolor=\"#ffffff\" data-emphasize=\"0\">\n<div class=\"nc_tweetContainer totes totesalt\" data-id=\"6\"><span class=\"swp_count\"><span class=\"swp_label\">Partages<\/span> 1<\/span><\/div>\n<\/div>\n<p>Il est attendu que le chef du gouvernement annonce, demain, vendredi, une s\u00e9rie de mesures \u00e0 prendre de fa\u00e7on urgente, au profit du secteur de sant\u00e9. Cette annonce se fera lors d\u2019une r\u00e9union interactive avec la pr\u00e9sence des professionnels du secteur, ainsi que des repr\u00e9sentants des syndicats.<\/p>\n<p>Chahed pr\u00e9sentera, \u00e0 cette occasion, les r\u00e9sultats de l\u2019enqu\u00eate \u00e0 propos du d\u00e9c\u00e8s de 15 nouveaux n\u00e9s \u00e0 la maternit\u00e9 de Wassila Bourguiba, des suites d\u2019une infection nosocomiale.<\/p>\n<div class=\"code-block code-block-1 c3\"><ins class=\"adsbygoogle c2\" data-ad-layout=\"in-article\" data-ad-format=\"fluid\" data-ad-client=\"ca-pub-2102118777505746\" data-ad-slot=\"7301775417\"\/> <\/div>\n<div class=\"mvp-org-wrap mvp-org-logo\" itemprop=\"publisher\" itemscope=\"\" itemtype=\"https:\/\/schema.org\/Organization\"><img decoding=\"async\" src=\"https:\/\/www.tunisienumerique.com\/wp-content\/uploads\/2017\/02\/logo_tunisie_numerique.png\"\/><\/div>\n<div class=\"nc_socialPanel swp_flatFresh swp_d_fullColor swp_i_fullColor swp_o_fullColor scale-100 scale-fullWidth\" data-position=\"none\" data-float=\"floatNone\" data-count=\"5\" data-floatcolor=\"#ffffff\" data-emphasize=\"0\">\n<div class=\"nc_tweetContainer totes totesalt\" data-id=\"6\"><span class=\"swp_count\"><span class=\"swp_label\">Partages<\/span> 1<\/span><\/div>\n<\/div>\n<div class=\"mvp-related-posts left relative\">\n<h4 class=\"post-header\"><span class=\"post-header\">Lire aussi<\/span><\/h4>\n<\/div>\n<\/div>\n<p>Auteur: LM<br \/>\n<a href=\"https:\/\/www.tunisienumerique.com\/tunisie-chahed-ouvre-le-debat-sur-le-secteur-de-la-sante-en-presence-des-professionnels\/\">Cliquez ici pour lire l&rsquo;article depuis sa source.<\/a><\/p>\n","protected":false},"excerpt":{"rendered":"<p>Partages 1 Il est attendu que le chef du gouvernement annonce, demain, vendredi, une s\u00e9rie de mesures \u00e0 prendre de fa\u00e7on urgente, au profit du secteur de sant\u00e9. Cette annonce se fera lors d\u2019une r\u00e9union interactive avec la pr\u00e9sence des professionnels du secteur, ainsi que des repr\u00e9sentants des syndicats. Chahed pr\u00e9sentera, \u00e0 cette occasion, les [&hellip;]<\/p>\n","protected":false},"author":1789,"featured_media":23284,"comment_status":"closed","ping_status":"closed","sticky":false,"template":"","format":"standard","meta":{"fifu_image_url":"","fifu_image_alt":"","footnotes":""},"categories":[73,55],"tags":[],"class_list":["post-23283","post","type-post","status-publish","format-standard","has-post-thumbnail","hentry","category-actualite","category-tunisie"],"_links":{"self":[{"href":"https:\/\/linitiative.ca\/International\/wp-json\/wp\/v2\/posts\/23283","targetHints":{"allow":["GET"]}}],"collection":[{"href":"https:\/\/linitiative.ca\/International\/wp-json\/wp\/v2\/posts"}],"about":[{"href":"https:\/\/linitiative.ca\/International\/wp-json\/wp\/v2\/types\/post"}],"author":[{"embeddable":true,"href":"https:\/\/linitiative.ca\/International\/wp-json\/wp\/v2\/users\/1789"}],"replies":[{"embeddable":true,"href":"https:\/\/linitiative.ca\/International\/wp-json\/wp\/v2\/comments?post=23283"}],"version-history":[{"count":0,"href":"https:\/\/linitiative.ca\/International\/wp-json\/wp\/v2\/posts\/23283\/revisions"}],"wp:featuredmedia":[{"embeddable":true,"href":"https:\/\/linitiative.ca\/International\/wp-json\/"}],"wp:attachment":[{"href":"https:\/\/linitiative.ca\/International\/wp-json\/wp\/v2\/media?parent=23283"}],"wp:term":[{"taxonomy":"category","embeddable":true,"href":"https:\/\/linitiative.ca\/International\/wp-json\/wp\/v2\/categories?post=23283"},{"taxonomy":"post_tag","embeddable":true,"href":"https:\/\/linitiative.ca\/International\/wp-json\/wp\/v2\/tags?post=23283"}],"curies":[{"name":"wp","href":"https:\/\/api.w.org\/{rel}","templated":true}]}}