{"id":23285,"date":"2019-03-21T16:36:22","date_gmt":"2019-03-21T20:36:22","guid":{"rendered":"https:\/\/linitiative.ca\/International\/reunion-de-lamuka-a-bruxelles-une-rencontre-qui-risque-daccoucher-dune-discorde\/"},"modified":"2019-03-21T16:36:22","modified_gmt":"2019-03-21T20:36:22","slug":"reunion-de-lamuka-a-bruxelles-une-rencontre-qui-risque-daccoucher-dune-discorde","status":"publish","type":"post","link":"https:\/\/linitiative.ca\/International\/reunion-de-lamuka-a-bruxelles-une-rencontre-qui-risque-daccoucher-dune-discorde\/","title":{"rendered":"REUNION DE LAMUKA A BRUXELLES :  Une rencontre qui risque d\u2019accoucher d\u2019une discorde"},"content":{"rendered":"<p><img decoding=\"async\" class=\"post_layout_5_img\" src=\"http:\/\/lepays.bf\/wp-content\/uploads\/2019\/03\/lamuka-.jpeg\" alt=\"REUNION DE LAMUKA A BRUXELLES : Une rencontre qui risque d\u2019accoucher d\u2019une discorde\"\/><\/p>\n<p class=\"c4\"><em>Martin Fayulu et ses camarades de Lamuka ont entam\u00e9 une r\u00e9union, hier, 21 mars 2019, \u00e0 Bruxelles, en Belgique. Pour Freddy Matungulu, l\u2019un des cinq leaders de cette coalition, l\u2019objectif de cette initiative est le suivant\u00a0: \u00ab\u00a0Nous allons nous pencher sur la situation politique qui pr\u00e9vaut dans notre pays. Mais c\u2019est d\u2019abord une r\u00e9union d\u2019\u00e9valuation de la situation de Lamuka au niveau interne. Le plus important serait les discussions sur notre avenir, l\u2019avenir de Lamuka\u00a0\u00bb. L\u2019on peut, d\u2019entr\u00e9e de jeu, faire le constat que cette rencontre se tient \u00e0 un moment o\u00f9 la maison Lamuka est en train de se l\u00e9zarder s\u00e9rieusement de l\u2019int\u00e9rieur. En effet, l\u2019on a d\u2019une part Martin Fayulu qui ne s\u2019est jamais d\u00e9parti de sa posture de vainqueur l\u00e9gitime de la pr\u00e9sidentielle de d\u00e9cembre 2018 et qui, de ce fait, consid\u00e8re F\u00e9lix Tshis\u00e9k\u00e9di comme un usurpateur. Et d\u2019autre part, Mo\u00efse Katumbi dont la posture actuelle est de faire les yeux doux au nouveau pr\u00e9sident \u00e0 l\u2019effet de rentrer en RDC en homme libre de ses mouvements. En rappel, le richissime homme d\u2019affaires et ancien gouverneur du Katanga, a \u00e9t\u00e9 condamn\u00e9 par le pouvoir de Joseph Kabila dans une affaire d\u2019immeuble et de recrutement de mercenaires.\u00a0<\/em> <em>Comme on le voit, ces 2 leaders de Lamuka ne regardent pas tous dans la m\u00eame direction pour la simple raison qu\u2019ils n\u2019ont pas les m\u00eames int\u00e9r\u00eats. Entre ces deux positions diam\u00e9tralement oppos\u00e9es, il y a Jean-Pierre Bemba, un autre poids lourd de Lamuka. Ce dernier a la lourde mission de rapprocher les deux hommes. R\u00e9ussira-t-il \u00e0 le faire\u00a0? L\u2019on peut en douter. En effet, outre les raisons qui ont \u00e9t\u00e9 invoqu\u00e9es plus haut, il y a que l\u2019ex-pensionnaire de la prison de La Haye et dont la r\u00e9cente lib\u00e9ration a \u00e9t\u00e9 diversement comment\u00e9e, n\u2019a pas int\u00e9r\u00eat \u00e0 engager un bras de fer avec le nouveau locataire du Palais de marbre de Kinshasa au risque de faire basculer le pays dans une autre violence post-\u00e9lectorale. De ce point de vue, Jean-Pierre Bemba pourrait jouer balle \u00e0 terre en invitant Martin Fayulu \u00e0 accepter le fait accompli.<\/em><\/p>\n<p><strong>La page de la pr\u00e9sidentielle est d\u00e9finitivement tourn\u00e9e<\/strong><\/p>\n<p class=\"c4\"><em>Or, c\u2019est tout ce que ce dernier refuse cat\u00e9goriquement. En cons\u00e9quence, l\u2019on peut affirmer sans grand risque de se tromper que la rencontre de Bruxelles risque d\u2019accoucher d\u2019une discorde au sein de Lamuka. Et pour peu que l\u2019on soit attach\u00e9 aux principes sacr\u00e9s et peut-on dire, universels de la d\u00e9mocratie, la vraie, l\u2019on ne peut pas jeter la pierre \u00e0 Martin Fayulu. En effet, tout le monde sait que la r\u00e9alit\u00e9 des urnes a \u00e9t\u00e9 viol\u00e9e en RDC. L\u2019Eglise catholique qui a surveill\u00e9 de pr\u00e8s le scrutin, en avait la conviction. Et avec elle, toutes les grandes chancelleries des pays occidentaux repr\u00e9sent\u00e9es \u00e0 Kinshasa. Mais seulement, ce que Martin Fayulu oublie, c\u2019est qu\u2019en politique, et surtout en Afrique, pour reprendre Bernard B. Dadi\u00e9\u00a0: \u00ab\u00a0le mensonge et la v\u00e9rit\u00e9 portent le m\u00eame pagne\u00a0\u00bb. A cela, l\u2019on peut ajouter qu\u2019en politique, seuls comptent les int\u00e9r\u00eats. En tout cas, l\u2019on peut sugg\u00e9rer \u00e0 Fayulu de cesser de r\u00eaver et de se consid\u00e9rer comme le pr\u00e9sident de la RDC.<\/em> <em>Cette suggestion est d\u2019autant plus pertinente que les pays occidentaux, qui se sont arrog\u00e9 le droit d\u2019\u00e9valuer la d\u00e9mocratie sous nos tropiques, et qui, au d\u00e9part, criaient \u00e0 la fraude \u00e0 propos des r\u00e9sultats de la pr\u00e9sidentielle congolaise, ont comme par magie, tourn\u00e9 casaque, pour in fine reconna\u00eetre l\u2019\u00e9lection de F\u00e9lix Tshis\u00e9k\u00e9di. Mieux, ils se sont engag\u00e9s \u00e0 entretenir de bonnes relations avec lui. C\u2019est ce que l\u2019on appelle par pudeur, la realpolitik. Pour eux, la page de la pr\u00e9sidentielle est d\u00e9finitivement tourn\u00e9e. Le malheureux Fayulu doit ravaler sa col\u00e8re et faire avec. D\u00e9j\u00e0, il est pratiquement le seul \u00e0 consid\u00e9rer encore Tshis\u00e9k\u00e9ki fils comme un usurpateur. Car, m\u00eame l\u2019Eglise catholique qui, au d\u00e9part, croyait dur comme fer que l\u2019heureux \u00e9lu \u00e9tait Martin Fayulu, a mis de l\u2019eau dans son vin au point que certains de ses membres ont fini par reconna\u00eetre la victoire de F\u00e9lix Tshis\u00e9k\u00e9di. Le grand chef des Blancs, entendez le pr\u00e9sident Macron, a appel\u00e9 \u00e0 la mise en place d\u2019un gouvernement d\u2019union nationale, \u00e0 l\u2019occasion de sa rencontre avec Tshis\u00e9k\u00e9di \u00e0 Nairobi. Tous ces faits devraient interpeller Martin Fayulu pour qu\u2019il revoie sa copie. C\u2019est tout le mal qu\u2019on lui souhaite.<\/em><\/p>\n<p><strong>Pousdem PICKOU<\/strong><\/p>\n<p>Auteur: Le Pays<br \/>\n<a href=\"http:\/\/lepays.bf\/reunion-de-lamuka-a-bruxelles-une-rencontre-qui-risque-daccoucher-dune-discorde\/\">Cliquez ici pour lire l&rsquo;article depuis sa source.<\/a><\/p>\n","protected":false},"excerpt":{"rendered":"<p>Martin Fayulu et ses camarades de Lamuka ont entam\u00e9 une r\u00e9union, hier, 21 mars 2019, \u00e0 Bruxelles, en Belgique. Pour Freddy Matungulu, l\u2019un des cinq leaders de cette coalition, l\u2019objectif de cette initiative est le suivant\u00a0: \u00ab\u00a0Nous allons nous pencher sur la situation politique qui pr\u00e9vaut dans notre pays. Mais c\u2019est d\u2019abord une r\u00e9union d\u2019\u00e9valuation [&hellip;]<\/p>\n","protected":false},"author":1813,"featured_media":23286,"comment_status":"closed","ping_status":"closed","sticky":false,"template":"","format":"standard","meta":{"fifu_image_url":"","fifu_image_alt":"","footnotes":""},"categories":[73,81],"tags":[],"class_list":["post-23285","post","type-post","status-publish","format-standard","has-post-thumbnail","hentry","category-actualite","category-burkina-faso"],"_links":{"self":[{"href":"https:\/\/linitiative.ca\/International\/wp-json\/wp\/v2\/posts\/23285","targetHints":{"allow":["GET"]}}],"collection":[{"href":"https:\/\/linitiative.ca\/International\/wp-json\/wp\/v2\/posts"}],"about":[{"href":"https:\/\/linitiative.ca\/International\/wp-json\/wp\/v2\/types\/post"}],"author":[{"embeddable":true,"href":"https:\/\/linitiative.ca\/International\/wp-json\/wp\/v2\/users\/1813"}],"replies":[{"embeddable":true,"href":"https:\/\/linitiative.ca\/International\/wp-json\/wp\/v2\/comments?post=23285"}],"version-history":[{"count":0,"href":"https:\/\/linitiative.ca\/International\/wp-json\/wp\/v2\/posts\/23285\/revisions"}],"wp:featuredmedia":[{"embeddable":true,"href":"https:\/\/linitiative.ca\/International\/wp-json\/"}],"wp:attachment":[{"href":"https:\/\/linitiative.ca\/International\/wp-json\/wp\/v2\/media?parent=23285"}],"wp:term":[{"taxonomy":"category","embeddable":true,"href":"https:\/\/linitiative.ca\/International\/wp-json\/wp\/v2\/categories?post=23285"},{"taxonomy":"post_tag","embeddable":true,"href":"https:\/\/linitiative.ca\/International\/wp-json\/wp\/v2\/tags?post=23285"}],"curies":[{"name":"wp","href":"https:\/\/api.w.org\/{rel}","templated":true}]}}