{"id":23287,"date":"2019-03-21T16:46:34","date_gmt":"2019-03-21T20:46:34","guid":{"rendered":"https:\/\/linitiative.ca\/International\/polemique-autour-de-la-neutralisation-de-146-terroristes-au-sahel-il-faut-savoir-raison-garder\/"},"modified":"2019-03-21T16:46:34","modified_gmt":"2019-03-21T20:46:34","slug":"polemique-autour-de-la-neutralisation-de-146-terroristes-au-sahel-il-faut-savoir-raison-garder","status":"publish","type":"post","link":"https:\/\/linitiative.ca\/International\/polemique-autour-de-la-neutralisation-de-146-terroristes-au-sahel-il-faut-savoir-raison-garder\/","title":{"rendered":"POLEMIQUE AUTOUR DE LA NEUTRALISATION DE 146 TERRORISTES AU SAHEL :  Il faut savoir raison garder"},"content":{"rendered":"<p><img decoding=\"async\" class=\"post_layout_5_img\" src=\"http:\/\/lepays.bf\/wp-content\/uploads\/2017\/07\/lepaysresponsive.png\" alt=\"POLEMIQUE AUTOUR DE LA NEUTRALISATION DE 146 TERRORISTES AU SAHEL : Il faut savoir raison garder\"\/><\/p>\n<p>S\u2019il y a un sujet qui continue d\u2019alimenter les d\u00e9bats, c\u2019est bien l\u2019op\u00e9ration militaire qui a conduit \u00e0 la neutralisation de 146 pr\u00e9sum\u00e9s terroristes \u00e0 Kain, Banh et Bomboro, dans la r\u00e9gion du Sahel. C\u2019\u00e9tait courant f\u00e9vrier dernier. En effet, pendant que les uns f\u00e9licitent les Forces de d\u00e9fense et de s\u00e9curit\u00e9 (FDS) pour cette op\u00e9ration de salubrit\u00e9 publique, d\u2019autres les clouent au pilori, allant jusqu\u2019\u00e0 les accuser \u00ab\u00a0d\u2019ex\u00e9cutions extrajudiciaires\u00a0\u00bb de personnes innocentes. Est de cette derni\u00e8re cat\u00e9gorie, le Mouvement burkinab\u00e8 des droits de l\u2019Homme et des peuples (MBDHP) qui, dans un r\u00e9cent rapport rendu public le 13 mars dernier, affirme que 60 personnes, sur les 146 tu\u00e9es, l\u2019ont \u00e9t\u00e9 injustement. Vrai ou faux\u00a0? Je ne saurais y r\u00e9pondre. Seulement, je demande aux uns et aux autres de faire preuve de retenue et de discernement dans ce qu\u2019ils avancent. Car \u00e0 l\u2019allure o\u00f9 vont les choses, on risque de d\u00e9moraliser les troupes engag\u00e9es sur le front qui, de jour comme de nuit, se battent inlassablement contre l\u2019ennemi. Voyez-vous\u00a0? Ce n\u2019est pas simple. Je sais ce que vaut la perte d\u2019un parent ou d\u2019un proche, surtout quand on estime que celui-ci n\u2019avait rien \u00e0 voir avec les terroristes. C\u2019est difficile \u00e0 dig\u00e9rer, je le sais. Mais, en m\u00eame temps, je veux faire comprendre aux gens que l\u2019on peut avoir des proches qui flirtent avec des terroristes sans le savoir et que seuls les services de renseignements arrivent \u00e0 d\u00e9masquer. En disant cela, je ne veux pas absoudre \u00e0 bons comptes les FDS que j\u2019appelle d\u2019ailleurs \u00e0 plus de professionnalisme mais je veux que les uns et les autres sachent raison garder. Car, ici, comme ailleurs, il n\u2019existe pas de guerre \u00ab\u00a0propre\u00a0\u00bb. Surtout qu\u2019il s\u2019agit l\u00e0 d\u2019une guerre engag\u00e9e contre un ennemi invisible qui tire sur tout ce qui bouge et cela sans aucune raison.<\/p>\n<p class=\"c4\"><strong>je tire mon chapeau aux FDS et les appelle \u00e0 plus de pr\u00e9cautions<\/strong><\/p>\n<p class=\"c4\"><em>C\u2019est pourquoi je vais titiller un peu le MBDHP qui, en publiant ce rapport \u00e0 l\u2019\u2019issue d\u2019un mois environ d\u2019investigations, est dans son r\u00f4le. Je le reconnais. Mais je constate personnellement que, de m\u00e9moire, je n\u2019ai pas lu de rapport document\u00e9 dudit mouvement de d\u00e9fense des droits humains, sur les exactions commises par ceux-l\u00e0 que d\u2019aucuns appellent abusivement djihadistes. Or, Dieu seul sait le nombre de soldats et de civils qui ont perdu la vie en l\u2019espace de trois ans. Dans des situations pareilles, le MBDHP se contente juste de d\u00e9clarations de condamnations\u00a0; tout en appelant le gouvernement \u00e0 travailler \u00e0 assurer la s\u00e9curit\u00e9 des populations. Et quand le gouvernement d\u00e9cide de prendre ses responsabilit\u00e9s, on crie encore \u00e0 la d\u00e9rive. Franchement, c\u2019est \u00e0 ne rien y comprendre. Et puis, ex\u00e9cutions sommaires pour ex\u00e9cutions sommaires, qui des FDS ou des terroristes en ont le plus commis\u00a0? Je veux que les uns et les autres me r\u00e9pondent. Car, quand j\u2019\u00e9coute certains parler, je ne sais o\u00f9 donner de la t\u00eate. Moi, je n\u2019ai rien contre quelqu\u2019un. Je souhaite m\u00eame que chacun joue pleinement son r\u00f4le pour permettre au pays d\u2019avancer. Mais je suis contre certaines prises de position qui frisent parfois l\u2019hypocrisie et l\u2019attentisme. Quant aux FDS qui sont en train de monter en puissance, je leur tire mon chapeau et les appelle \u00e0 plus de pr\u00e9cautions. Car, je sais que ce n\u2019est pas facile. Mais ma conviction est \u00e9tablie qu\u2019un jour, elles vaincront l\u2019ennemi.<\/em><\/p>\n<p><strong>\u00ab\u00a0Le Fou\u00a0\u00bb<\/strong><\/p>\n<p>Auteur: Le Pays<br \/>\n<a href=\"http:\/\/lepays.bf\/polemique-autour-de-la-neutralisation-de-146-terroristes-au-sahel-il-faut-savoir-raison-garder\/\">Cliquez ici pour lire l&rsquo;article depuis sa source.<\/a><\/p>\n","protected":false},"excerpt":{"rendered":"<p>S\u2019il y a un sujet qui continue d\u2019alimenter les d\u00e9bats, c\u2019est bien l\u2019op\u00e9ration militaire qui a conduit \u00e0 la neutralisation de 146 pr\u00e9sum\u00e9s terroristes \u00e0 Kain, Banh et Bomboro, dans la r\u00e9gion du Sahel. C\u2019\u00e9tait courant f\u00e9vrier dernier. En effet, pendant que les uns f\u00e9licitent les Forces de d\u00e9fense et de s\u00e9curit\u00e9 (FDS) pour cette [&hellip;]<\/p>\n","protected":false},"author":1813,"featured_media":23288,"comment_status":"closed","ping_status":"closed","sticky":false,"template":"","format":"standard","meta":{"fifu_image_url":"","fifu_image_alt":"","footnotes":""},"categories":[73,81],"tags":[],"class_list":["post-23287","post","type-post","status-publish","format-standard","has-post-thumbnail","hentry","category-actualite","category-burkina-faso"],"_links":{"self":[{"href":"https:\/\/linitiative.ca\/International\/wp-json\/wp\/v2\/posts\/23287","targetHints":{"allow":["GET"]}}],"collection":[{"href":"https:\/\/linitiative.ca\/International\/wp-json\/wp\/v2\/posts"}],"about":[{"href":"https:\/\/linitiative.ca\/International\/wp-json\/wp\/v2\/types\/post"}],"author":[{"embeddable":true,"href":"https:\/\/linitiative.ca\/International\/wp-json\/wp\/v2\/users\/1813"}],"replies":[{"embeddable":true,"href":"https:\/\/linitiative.ca\/International\/wp-json\/wp\/v2\/comments?post=23287"}],"version-history":[{"count":0,"href":"https:\/\/linitiative.ca\/International\/wp-json\/wp\/v2\/posts\/23287\/revisions"}],"wp:featuredmedia":[{"embeddable":true,"href":"https:\/\/linitiative.ca\/International\/wp-json\/"}],"wp:attachment":[{"href":"https:\/\/linitiative.ca\/International\/wp-json\/wp\/v2\/media?parent=23287"}],"wp:term":[{"taxonomy":"category","embeddable":true,"href":"https:\/\/linitiative.ca\/International\/wp-json\/wp\/v2\/categories?post=23287"},{"taxonomy":"post_tag","embeddable":true,"href":"https:\/\/linitiative.ca\/International\/wp-json\/wp\/v2\/tags?post=23287"}],"curies":[{"name":"wp","href":"https:\/\/api.w.org\/{rel}","templated":true}]}}