{"id":23291,"date":"2019-03-21T16:08:05","date_gmt":"2019-03-21T20:08:05","guid":{"rendered":"https:\/\/linitiative.ca\/International\/lutte-politico-syndicale-faso-emile-pare-va-bientot-publier-ses-memoires\/"},"modified":"2019-03-21T16:08:05","modified_gmt":"2019-03-21T20:08:05","slug":"lutte-politico-syndicale-faso-emile-pare-va-bientot-publier-ses-memoires","status":"publish","type":"post","link":"https:\/\/linitiative.ca\/International\/lutte-politico-syndicale-faso-emile-pare-va-bientot-publier-ses-memoires\/","title":{"rendered":"Lutte politico-syndicale Faso  : Emile Par\u00e9 va bient\u00f4t publier ses m\u00e9moires"},"content":{"rendered":"<div class=\"td-post-featured-image\"><a href=\"https:\/\/i2.wp.com\/www.sidwaya.info\/wp-content\/uploads\/2019\/03\/1-46.jpg?fit=738%2C551&#038;ssl=1\" data-caption=\"\"><img loading=\"lazy\" decoding=\"async\" width=\"696\" height=\"520\" class=\"entry-thumb td-modal-image\" src=\"https:\/\/i2.wp.com\/www.sidwaya.info\/wp-content\/uploads\/2019\/03\/1-46.jpg?resize=696%2C520&#038;ssl=1\" srcset=\"https:\/\/i2.wp.com\/www.sidwaya.info\/wp-content\/uploads\/2019\/03\/1-46.jpg?w=738&#038;ssl=1 738w, https:\/\/i2.wp.com\/www.sidwaya.info\/wp-content\/uploads\/2019\/03\/1-46.jpg?resize=300%2C224&#038;ssl=1 300w, https:\/\/i2.wp.com\/www.sidwaya.info\/wp-content\/uploads\/2019\/03\/1-46.jpg?resize=80%2C60&#038;ssl=1 80w, https:\/\/i2.wp.com\/www.sidwaya.info\/wp-content\/uploads\/2019\/03\/1-46.jpg?resize=265%2C198&#038;ssl=1 265w, https:\/\/i2.wp.com\/www.sidwaya.info\/wp-content\/uploads\/2019\/03\/1-46.jpg?resize=696%2C520&#038;ssl=1 696w, https:\/\/i2.wp.com\/www.sidwaya.info\/wp-content\/uploads\/2019\/03\/1-46.jpg?resize=563%2C420&#038;ssl=1 563w\" sizes=\"auto, (max-width: 696px) 100vw, 696px\" alt=\"\" title=\"1\"\/><\/a><\/div>\n<div class=\"td-a-rec td-a-rec-id-content_top td_uid_30_5c9405a802ebc_rand td_block_template_1\"><img loading=\"lazy\" decoding=\"async\" class=\"aligncenter size-full wp-image-4463\" src=\"https:\/\/www.sidwaya.info\/wp-content\/uploads\/2019\/02\/FESPACO-TOUR-2019-Bannie%CC%80re-728x90-1.jpg\" alt=\"\" width=\"728\" height=\"90\"\/><\/div>\n<p>Le docteur et homme politique, Emile Par\u00e9 dit \u00abLe chat noir du Nayala\u00bb a annonc\u00e9, le mardi 19 mars 2019 \u00e0 Ouagadougou, lors d\u2019une conf\u00e9rence de presse, la sortie prochaine de ses m\u00e9moires portant sur ses 60 ans de vie et de 40 ans de lutte politico-syndicale.<\/p>\n<p>Apr\u00e8s 60 ans de vie, dont 40 de lutte politique et syndicale, le Dr Emile Par\u00e9, homme politique et actuel secr\u00e9taire charg\u00e9 \u00e0 la formation politique et civique du Mouvement du peuple pour le progr\u00e8s (MPP), a d\u00e9cid\u00e9 de faire une halte et de revenir sur son parcours. \u00ab60 ans de vie de lutte politique et syndicale, la moisson est-elle maigre?\u00bb, c\u2019est le titre que porteront les m\u00e9moires de celui qu\u2019on a surnomm\u00e9 \u00abLe chat noir du Nayala\u00bb. L\u2019information a \u00e9t\u00e9 donn\u00e9e \u00e0 la presse, le mardi 19 mars 2019 \u00e0 Ouagadougou. A entendre Emile Par\u00e9, la r\u00e9daction de ces m\u00e9moires qui seront publi\u00e9s en version papier, \u00e9crite et audio-visuelle, a \u00e9t\u00e9 suscit\u00e9e par le contexte post-insurrectionnel et la gestion du pouvoir par le r\u00e9gime en place.<\/p>\n<p>\u00abJe me plongerai dans une \u00e9tude descriptive et analytique de mes 60 ans de vie et de mes 40 ans de lutte laissant le lecteur, l\u2019auditeur et le t\u00e9l\u00e9spectateur de r\u00e9pondre \u00e0 la question : la moisson est-elle maigre?\u00bb, a fait savoir Emile Par\u00e9. Pour lui, l\u2019effondrement des syst\u00e8mes socialistes occidentaux a influenc\u00e9 la lutte des peuples et partis africains justifiant la th\u00e9orie de Marx et Engels \u00e0 savoir que le \u00abd\u00e9veloppement non capitaliste des pays arri\u00e9r\u00e9s n\u2019est possible qu\u2019avec l\u2019aide de la classe ouvri\u00e8re victorieuse des pays plus \u00e9volu\u00e9s\u00bb. L\u2019auteur qui a annonc\u00e9 avoir d\u00e9j\u00e0 produit dix tomes manuscrits, a expliqu\u00e9 par exemple que le tome 1, qui s\u2019intitulera \u00abSur les traces d\u2019un insurg\u00e9 permanent\u00bb, abordera plusieurs th\u00e9matiques dont la r\u00e9volution g\u00e9n\u00e9rationnelle et du genre, la r\u00e9volution d\u00e9mocratique citoyenne, les causes de l\u2019\u00e9chec de la R\u00e9volution d\u2019ao\u00fbt 1983, de l\u2019insurrection populaire ou la r\u00e9volution inachev\u00e9e, etc. Ayant constat\u00e9 que les Burkinab\u00e8 lisent peu, l\u2019auteur a annonc\u00e9 qu\u2019en plus de l\u2019\u00e9crit, une production audiovisuelle sera r\u00e9alis\u00e9e. En cela, le DG du Centre international de formation politique Kwam\u00e9-Nkrumah (CIFP-KN) du MPP dit b\u00e9n\u00e9ficier de l\u2019accompagnement de trois journalistes et d\u2019un professeur titulaire, agr\u00e9g\u00e9 en lettres, pour la r\u00e9daction d\u2019un roman.<\/p>\n<p><strong>Accompagner le pr\u00e9sident du Faso<\/strong><\/p>\n<p>Sur la vie politique nationale, M. Par\u00e9, a exhort\u00e9 le pr\u00e9sident du Faso, Roch Marc Christian Kabor\u00e9 et le parti au pouvoir \u00e0 former un gouvernement \u00abclairement politique respectueux de son mandat\u00bb. Autrefois communiste marxiste-l\u00e9niniste, cet homme politique qui a embrass\u00e9 la social-d\u00e9mocratie, id\u00e9ologie du MPP, son parti, a pr\u00e9cis\u00e9 que la demande de rupture et de refondation de l\u2019Etat exig\u00e9e par la jeunesse et une forte partie de l\u2019opinion nationale est toujours d\u2019actualit\u00e9 \u00abdu fait que le Chef de l\u2019Etat a opt\u00e9 pour une gouvernance transitionnelle qui place la soci\u00e9t\u00e9 civile au-devant de la sc\u00e8ne\u00bb. Il en veut pour preuve la commission constitutionnelle dirig\u00e9e par la soci\u00e9t\u00e9 civile et la nomination \u00e0 des postes strat\u00e9giques au gouvernement (commerce, d\u00e9fense, communication, etc.) des membres de cette soci\u00e9t\u00e9 civile.<\/p>\n<p>\u00abPendant ce temps, le parti semble perdre du terrain au sein du gouvernement comme le font remarquer les analystes politiques nationaux et internationaux\u00bb, a indiqu\u00e9 Emile Par\u00e9, \u00e9galement DG de l\u2019Ecole nationale de sant\u00e9 publique (ENSP). \u00abJ\u2019apporterai toujours ma contribution militante au sein du MPP. Les positions qui sont d\u00e9velopp\u00e9es aujourd\u2019hui sont des positions personnelles d\u2019un homme politique qui avance vers la fin de sa carri\u00e8re. On ne retrouve pas certaines de mes positions au sein de ma famille politique, mais en tant qu\u2019intellectuel politique, nous avons le devoir de ne pas falsifier ce qu\u2019on ressent\u00bb, a d\u00e9clar\u00e9 Dr Emile Par\u00e9. Et de pr\u00e9ciser que la r\u00e9daction de ses m\u00e9moires ne signifie pas son retrait de la sc\u00e8ne politique.<\/p>\n<p>Le Dr Par\u00e9 a toutefois appel\u00e9 \u00e0 l\u2019union sacr\u00e9e de la classe politique de sa g\u00e9n\u00e9ration autour du pr\u00e9sident Kabor\u00e9, afin de mener le pouvoir \u00e0 bon port. Et pour cause, a-t-il not\u00e9, la situation nationale n\u00e9cessite que les \u00abvieux politiciens\u00bb, travaillent \u00e0 donner \u00e0 la jeunesse la rupture tant attendue apr\u00e8s les \u00e9lections. \u00abNous allons r\u00e9pondre des r\u00e9sultats en 2020. Une chose est s\u00fbre, nous n\u2019allons pas laisser Roch Marc Christian Kabor\u00e9 se \u00abblaisiser\u00bb (NDLR, n\u00e9ologisme venant de Blaise Compaor\u00e9). Je ne veux pas donner raison \u00e0 Tahirou Barry. Je demande donc \u00e0 la classe politique de notre g\u00e9n\u00e9ration d\u2019accompagner le pr\u00e9sident du Faso dans le sens voulu par l\u2019insurrection populaire et la jeunesse\u00bb, a-t-il conclu.<\/p>\n<p class=\"c1\"><strong>Jean-Marie TOE<\/strong><\/p>\n<div class=\"td-a-rec td-a-rec-id-content_bottom td_uid_31_5c9405a80306e_rand td_block_template_1\"><img loading=\"lazy\" decoding=\"async\" class=\"alignright size-full wp-image-1724\" src=\"https:\/\/www.sidwaya.info\/wp-content\/uploads\/2018\/12\/sidwaya-pub.jpg\" alt=\"\" width=\"720\" height=\"90\"\/><\/div>\n<p>Auteur: DD. Sidwaya<br \/>\n<a href=\"https:\/\/www.sidwaya.info\/blog\/2019\/03\/21\/lutte-politico-syndicale-faso-emile-pare-va-bientot-publier-ses-memoires\/\">Cliquez ici pour lire l&rsquo;article depuis sa source.<\/a><\/p>\n","protected":false},"excerpt":{"rendered":"<p>Le docteur et homme politique, Emile Par\u00e9 dit \u00abLe chat noir du Nayala\u00bb a annonc\u00e9, le mardi 19 mars 2019 \u00e0 Ouagadougou, lors d\u2019une conf\u00e9rence de presse, la sortie prochaine de ses m\u00e9moires portant sur ses 60 ans de vie et de 40 ans de lutte politico-syndicale. Apr\u00e8s 60 ans de vie, dont 40 de [&hellip;]<\/p>\n","protected":false},"author":1816,"featured_media":0,"comment_status":"closed","ping_status":"closed","sticky":false,"template":"","format":"standard","meta":{"fifu_image_url":"","fifu_image_alt":"","footnotes":""},"categories":[73,81],"tags":[],"class_list":["post-23291","post","type-post","status-publish","format-standard","hentry","category-actualite","category-burkina-faso"],"_links":{"self":[{"href":"https:\/\/linitiative.ca\/International\/wp-json\/wp\/v2\/posts\/23291","targetHints":{"allow":["GET"]}}],"collection":[{"href":"https:\/\/linitiative.ca\/International\/wp-json\/wp\/v2\/posts"}],"about":[{"href":"https:\/\/linitiative.ca\/International\/wp-json\/wp\/v2\/types\/post"}],"author":[{"embeddable":true,"href":"https:\/\/linitiative.ca\/International\/wp-json\/wp\/v2\/users\/1816"}],"replies":[{"embeddable":true,"href":"https:\/\/linitiative.ca\/International\/wp-json\/wp\/v2\/comments?post=23291"}],"version-history":[{"count":0,"href":"https:\/\/linitiative.ca\/International\/wp-json\/wp\/v2\/posts\/23291\/revisions"}],"wp:attachment":[{"href":"https:\/\/linitiative.ca\/International\/wp-json\/wp\/v2\/media?parent=23291"}],"wp:term":[{"taxonomy":"category","embeddable":true,"href":"https:\/\/linitiative.ca\/International\/wp-json\/wp\/v2\/categories?post=23291"},{"taxonomy":"post_tag","embeddable":true,"href":"https:\/\/linitiative.ca\/International\/wp-json\/wp\/v2\/tags?post=23291"}],"curies":[{"name":"wp","href":"https:\/\/api.w.org\/{rel}","templated":true}]}}