{"id":23294,"date":"2019-03-21T16:31:36","date_gmt":"2019-03-21T20:31:36","guid":{"rendered":"https:\/\/linitiative.ca\/International\/education-nationale-tone-dote-dune-ecole-a-trois-classes\/"},"modified":"2019-03-21T16:31:36","modified_gmt":"2019-03-21T20:31:36","slug":"education-nationale-tone-dote-dune-ecole-a-trois-classes","status":"publish","type":"post","link":"https:\/\/linitiative.ca\/International\/education-nationale-tone-dote-dune-ecole-a-trois-classes\/","title":{"rendered":"Education nationale Ton\u00e9, dot\u00e9 d\u2019une \u00e9cole \u00e0 trois classes"},"content":{"rendered":"<div class=\"td-post-featured-image\"><a href=\"https:\/\/i0.wp.com\/www.sidwaya.info\/wp-content\/uploads\/2019\/03\/1-49.jpg?fit=738%2C493&#038;ssl=1\" data-caption=\"\"><img loading=\"lazy\" decoding=\"async\" width=\"696\" height=\"465\" class=\"entry-thumb td-modal-image\" src=\"https:\/\/i0.wp.com\/www.sidwaya.info\/wp-content\/uploads\/2019\/03\/1-49.jpg?resize=696%2C465&#038;ssl=1\" srcset=\"https:\/\/i0.wp.com\/www.sidwaya.info\/wp-content\/uploads\/2019\/03\/1-49.jpg?w=738&#038;ssl=1 738w, https:\/\/i0.wp.com\/www.sidwaya.info\/wp-content\/uploads\/2019\/03\/1-49.jpg?resize=300%2C200&#038;ssl=1 300w, https:\/\/i0.wp.com\/www.sidwaya.info\/wp-content\/uploads\/2019\/03\/1-49.jpg?resize=696%2C465&#038;ssl=1 696w, https:\/\/i0.wp.com\/www.sidwaya.info\/wp-content\/uploads\/2019\/03\/1-49.jpg?resize=629%2C420&#038;ssl=1 629w\" sizes=\"auto, (max-width: 696px) 100vw, 696px\" alt=\"\" title=\"1\"\/><\/a><\/div>\n<div class=\"td-a-rec td-a-rec-id-content_top td_uid_30_5c9405b1b682c_rand td_block_template_1\"><img loading=\"lazy\" decoding=\"async\" class=\"aligncenter size-full wp-image-4463\" src=\"https:\/\/www.sidwaya.info\/wp-content\/uploads\/2019\/02\/FESPACO-TOUR-2019-Bannie%CC%80re-728x90-1.jpg\" alt=\"\" width=\"728\" height=\"90\"\/><\/div>\n<p>Le secr\u00e9taire g\u00e9n\u00e9ral du minist\u00e8re en charge de l\u2019\u00e9ducation nationale, Pr Kalifa Traor\u00e9 et le repr\u00e9sentant de l\u2019ambassadeur du Japon, Masamichi Ito, ont inaugur\u00e9 le mercredi 20 mars 2019 \u00e0 Ton\u00e9, dans la commune rurale de Fara, province des Bal\u00e9, l\u2019\u00e9cole primaire \u00ab B \u00bb.<\/p>\n<p>La construction de l\u2019\u00e9cole primaire \u00ab B \u00bb dans le village de Ton\u00e9, province des Bal\u00e9, fait aujourd\u2019hui la fiert\u00e9 des parents et des \u00e9l\u00e8ves. Inaugur\u00e9 le 20 mars 2019 dans ladite localit\u00e9, ce joyau fait suite au don accord\u00e9 par le gouvernement japonais \u00e0 l\u2019Association pour le d\u00e9veloppement socio-\u00e9conomique et culturel, pour l\u2019ex\u00e9cution du \u00ab Projet de construction des salles de classe\u00bb.<\/p>\n<p>D\u2019un co\u00fbt global de 29 millions 615 mille 802 F CFA, le b\u00e2timent est compos\u00e9 de trois salles de classe, d\u2019un bureau administratif, d\u2019un magasin et de latrines \u00e0 quatre postes. Pour le pr\u00e9sident de ladite association, Bivonilo Nabi\u00e9, cette infrastructure va contribuer \u00e0 rehausser le taux de scolarisation et du succ\u00e8s. Paraphrasant l\u2019historien, le Pr Joseph Ki Zerbo qui soutient que : \u00ab L\u2019\u00e9ducation est le logiciel de toute nation \u00bb, M. Nabi\u00e9 a affirm\u00e9 que la formation intellectuelle de base dont b\u00e9n\u00e9ficieront d\u00e9sormais les \u00e9l\u00e8ves dans un cadre id\u00e9al, feront d\u2019eux, des agents de d\u00e9veloppement du Burkina Faso dans les ann\u00e9es \u00e0 venir. Exprimant toute sa reconnaissance au Japon d\u2019avoir entendu le \u2018\u2019cri du c\u0153ur\u2019\u2019 de l\u2019association, le pr\u00e9sident a encore soumis quelques dol\u00e9ances au \u2018\u2019bienfaiteur\u2019\u2019 et il a dit esp\u00e9rer qu\u2019elles seront exauc\u00e9es.<\/p>\n<p>Il s\u2019agit de la cl\u00f4ture de l\u2019\u00e9cole, de la construction d\u2019une pompe hydraulique, de l\u2019\u00e9quipement de l\u2019\u00e9cole de plaques solaires, de la dotation des \u00e9l\u00e8ves de lampes solaires et de la construction d\u2019une cantine scolaire. Le secr\u00e9taire g\u00e9n\u00e9ral du minist\u00e8re en charge de l\u2019\u00e9ducation nationale, Pr Kalifa Traor\u00e9 a indiqu\u00e9 que cette initiative locale du Japon est \u00e0 encourager, car elle entre en droite ligne, selon lui, des objectifs de son d\u00e9partement.<\/p>\n<p><strong>Plus de 1000 classes construites<\/strong><\/p>\n<p>Le repr\u00e9sentant de l\u2019ambassadeur, M. Ito a soulign\u00e9 que le pays du \u2018\u2019Soleil Levant\u2019\u2019 ne dispose pas de ressources naturelles, mais il a construit son d\u00e9veloppement sur la formation de son peuple, de pouvoir contribuer \u00e0 l\u2019augmentation de l\u2019offre \u00e9ducative aux \u00abpays des Hommes int\u00e8gres\u00bb. \u00abAu Japon, le d\u00e9veloppement d\u2019un pays passe par le d\u00e9veloppement de ses ressources humaines. Jusqu\u2019\u00e0 ce jour, nous avons construit plus de 1410 salles au profit du Burkina Faso\u00bb, s\u2019est-il r\u00e9joui.<\/p>\n<p>Conscient que l\u2019\u00e9cole est l\u2019affaire de toute une communaut\u00e9, M. Ito a invit\u00e9 le maire de la commune de Fara et l\u2019ensemble de la population de Ton\u00e9, \u00e0 bien entretenir ce b\u00e2timent pour les g\u00e9n\u00e9rations futures. Embouchant la m\u00eame trompette, le secr\u00e9taire g\u00e9n\u00e9ral, Pr Kalifa Traor\u00e9 s\u2019est adress\u00e9 aux habitants en ces termes : \u00abLe beau b\u00e2timent n\u2019a pas \u00e9t\u00e9 construit pour \u00eatre admir\u00e9, mais plut\u00f4t pour que vous scolarisiez les enfants\u00bb.<br \/>Il a, par ailleurs, exhort\u00e9 les \u00e9l\u00e8ves \u00e0 bien \u00e9tudier, pour \u00eatre utiles \u00e0 la nation et rappeler aux parents d\u2019\u00e9l\u00e8ves qu\u2019ils ne doivent pas avoir des relations conflictuelles entre eux et ceux qui transmettent le savoir \u00e0 leurs enfants. Quant aux enseignants, M. Traor\u00e9 leur a fait savoir que leur m\u00e9tier est noble et il leur incombe de donner le meilleur d\u2019eux-m\u00eames, pour former des futurs cadres du \u00abpays des Hommes int\u00e8gres\u00bb.<\/p>\n<p>Le directeur de l\u2019\u00e9cole de Ton\u00e9, Si\u00e9 Kadjo Kambou, a dit toute sa joie \u00e0 l\u2019endroit du Japon, pour cet acte incommensurable, car \u00e0 son avis, la toute premi\u00e8re \u00e9cole construite depuis 1961 est compl\u00e8tement d\u00e9labr\u00e9e et ce joyau va, d\u2019une part, d\u00e9sengorger les effectifs pl\u00e9thoriques de plus de 200 \u00e9l\u00e8ves et, d\u2019autre part, am\u00e9liorer la qualit\u00e9 de l\u2019enseignement. Le repr\u00e9sentant de l\u2019ambassadeur du Japon, Masamichi Ito a souhait\u00e9 que cet acte de coop\u00e9ration contribue \u00e0 l\u2019accroissement du taux de scolarisation et \u00e0 l\u2019am\u00e9lioration des conditions d\u2019\u00e9tudes des \u00e9l\u00e8ves, dans la r\u00e9gion de la Boucle du Mouhoun.<\/p>\n<p class=\"c1\"><strong>Afs\u00e9tou SAWADOGO<\/strong><\/p>\n<div class=\"td-a-rec td-a-rec-id-content_bottom td_uid_31_5c9405b1b69d9_rand td_block_template_1\"><img loading=\"lazy\" decoding=\"async\" class=\"alignright size-full wp-image-1724\" src=\"https:\/\/www.sidwaya.info\/wp-content\/uploads\/2018\/12\/sidwaya-pub.jpg\" alt=\"\" width=\"720\" height=\"90\"\/><\/div>\n<p>Auteur: DD. Sidwaya<br \/>\n<a href=\"https:\/\/www.sidwaya.info\/blog\/2019\/03\/21\/education-nationale-tone-dote-dune-ecole-a-trois-classes\/\">Cliquez ici pour lire l&rsquo;article depuis sa source.<\/a><\/p>\n","protected":false},"excerpt":{"rendered":"<p>Le secr\u00e9taire g\u00e9n\u00e9ral du minist\u00e8re en charge de l\u2019\u00e9ducation nationale, Pr Kalifa Traor\u00e9 et le repr\u00e9sentant de l\u2019ambassadeur du Japon, Masamichi Ito, ont inaugur\u00e9 le mercredi 20 mars 2019 \u00e0 Ton\u00e9, dans la commune rurale de Fara, province des Bal\u00e9, l\u2019\u00e9cole primaire \u00ab B \u00bb. La construction de l\u2019\u00e9cole primaire \u00ab B \u00bb dans le [&hellip;]<\/p>\n","protected":false},"author":1816,"featured_media":0,"comment_status":"closed","ping_status":"closed","sticky":false,"template":"","format":"standard","meta":{"fifu_image_url":"","fifu_image_alt":"","footnotes":""},"categories":[73,81],"tags":[],"class_list":["post-23294","post","type-post","status-publish","format-standard","hentry","category-actualite","category-burkina-faso"],"_links":{"self":[{"href":"https:\/\/linitiative.ca\/International\/wp-json\/wp\/v2\/posts\/23294","targetHints":{"allow":["GET"]}}],"collection":[{"href":"https:\/\/linitiative.ca\/International\/wp-json\/wp\/v2\/posts"}],"about":[{"href":"https:\/\/linitiative.ca\/International\/wp-json\/wp\/v2\/types\/post"}],"author":[{"embeddable":true,"href":"https:\/\/linitiative.ca\/International\/wp-json\/wp\/v2\/users\/1816"}],"replies":[{"embeddable":true,"href":"https:\/\/linitiative.ca\/International\/wp-json\/wp\/v2\/comments?post=23294"}],"version-history":[{"count":0,"href":"https:\/\/linitiative.ca\/International\/wp-json\/wp\/v2\/posts\/23294\/revisions"}],"wp:attachment":[{"href":"https:\/\/linitiative.ca\/International\/wp-json\/wp\/v2\/media?parent=23294"}],"wp:term":[{"taxonomy":"category","embeddable":true,"href":"https:\/\/linitiative.ca\/International\/wp-json\/wp\/v2\/categories?post=23294"},{"taxonomy":"post_tag","embeddable":true,"href":"https:\/\/linitiative.ca\/International\/wp-json\/wp\/v2\/tags?post=23294"}],"curies":[{"name":"wp","href":"https:\/\/api.w.org\/{rel}","templated":true}]}}