{"id":23295,"date":"2019-03-21T16:36:14","date_gmt":"2019-03-21T20:36:14","guid":{"rendered":"https:\/\/linitiative.ca\/International\/forum-national-du-leadership-feminin-faire-de-la-femme-un-levier-du-developpement\/"},"modified":"2019-03-21T16:36:14","modified_gmt":"2019-03-21T20:36:14","slug":"forum-national-du-leadership-feminin-faire-de-la-femme-un-levier-du-developpement","status":"publish","type":"post","link":"https:\/\/linitiative.ca\/International\/forum-national-du-leadership-feminin-faire-de-la-femme-un-levier-du-developpement\/","title":{"rendered":"Forum national du leadership f\u00e9minin : faire de la femme un levier du d\u00e9veloppement"},"content":{"rendered":"<div class=\"td-post-featured-image\"><a href=\"https:\/\/i0.wp.com\/www.sidwaya.info\/wp-content\/uploads\/2019\/03\/1-50.jpg?fit=738%2C493&#038;ssl=1\" data-caption=\"\"><img loading=\"lazy\" decoding=\"async\" width=\"696\" height=\"465\" class=\"entry-thumb td-modal-image\" src=\"https:\/\/i0.wp.com\/www.sidwaya.info\/wp-content\/uploads\/2019\/03\/1-50.jpg?resize=696%2C465&#038;ssl=1\" srcset=\"https:\/\/i0.wp.com\/www.sidwaya.info\/wp-content\/uploads\/2019\/03\/1-50.jpg?w=738&#038;ssl=1 738w, https:\/\/i0.wp.com\/www.sidwaya.info\/wp-content\/uploads\/2019\/03\/1-50.jpg?resize=300%2C200&#038;ssl=1 300w, https:\/\/i0.wp.com\/www.sidwaya.info\/wp-content\/uploads\/2019\/03\/1-50.jpg?resize=696%2C465&#038;ssl=1 696w, https:\/\/i0.wp.com\/www.sidwaya.info\/wp-content\/uploads\/2019\/03\/1-50.jpg?resize=629%2C420&#038;ssl=1 629w\" sizes=\"auto, (max-width: 696px) 100vw, 696px\" alt=\"\" title=\"1\"\/><\/a><\/div>\n<div class=\"td-a-rec td-a-rec-id-content_top td_uid_30_5c9405b4ab205_rand td_block_template_1\"><img loading=\"lazy\" decoding=\"async\" class=\"aligncenter size-full wp-image-4463\" src=\"https:\/\/www.sidwaya.info\/wp-content\/uploads\/2019\/02\/FESPACO-TOUR-2019-Bannie%CC%80re-728x90-1.jpg\" alt=\"\" width=\"728\" height=\"90\"\/><\/div>\n<p>La IIIe \u00e9dition du Forum national du leadership f\u00e9minin se tient, du 21 au 23 mars 2019 \u00e0 Ouagadougou. La c\u00e9r\u00e9monie officielle d\u2019ouverture dudit forum a eu lieu dans la matin\u00e9e du jeudi 21 mars 2019, sous la pr\u00e9sidence de l\u2019\u00e9pouse du chef de l\u2019Etat, Sika Kabor\u00e9.<\/p>\n<p>Le Burkina Faso ne saurait se d\u00e9velopper sans la contribution de ses femmes qui repr\u00e9sentent plus de la moiti\u00e9 de sa population (52%). Mais pour contribuer efficacement au d\u00e9veloppement, celles-ci ont besoin non seulement d\u2019\u00eatre autonomes, mais aussi et surtout d\u2019\u00eatre capables de participer \u00e0 la prise de d\u00e9cision, autrement dit d\u2019\u00eatre des leaders.<br \/>C\u2019est conscientes de cette situation, que quatre associations de jeunesse \u00e0 savoir, l\u2019association des jeunes pour le d\u00e9veloppement durable au Burkina Faso, la plateforme nationale des jeunes pour les objectifs du d\u00e9veloppement durable, le r\u00e9seau AfriYAN et le centre d\u2019expertise et d\u2019incubateur A.Kri se sont mises ensemble pour lancer un programme d\u00e9nomm\u00e9 \u00abcampagne nationale de leadership f\u00e9minin\u00bb.<\/p>\n<p>Cette campagne, aux dires de son commissaire g\u00e9n\u00e9ral, Cheick Fay\u00e7al Traor\u00e9, a pour objectif principal de constituer un tandem interg\u00e9n\u00e9rationnel de femmes leaders, capables de porter les d\u00e9fis du d\u00e9veloppement africain, en g\u00e9n\u00e9ral, et du Burkina Faso, en particulier sur les plans politique, \u00e9conomique, social pour la capture du dividende d\u00e9mographique et l\u2019atteinte des objectifs de d\u00e9veloppement durable. Lanc\u00e9e officiellement le 7 mars dernier, elle comprend quatre activit\u00e9s principales dont le forum national du leadership f\u00e9minin, officiellement lanc\u00e9 dans la matin\u00e9e, du jeudi 21 mars 2019. Plac\u00e9e sous le th\u00e8me : \u00abL\u2019innovation et l\u2019entrepreneuriat vert, cl\u00e9s pour l\u2019autonomisation de la jeune femme africaine\u00bb, cette rencontre r\u00e9unit plus de 300 participantes venues du Burkina Faso et de l\u2019ext\u00e9rieur. Pendant trois jours, elles vont \u00e9changer autour de la question de la pr\u00e9sence de la femme dans les sph\u00e8res d\u00e9cisionnelles.<\/p>\n<p>Et ce, \u00e0 travers des panels et des communications, des tables rondes, des \u00e9changes B to B et des sessions sp\u00e9ciales. En outre, a poursuivi Cheick Fay\u00e7al Traor\u00e9, ce forum plus qu\u2019un temps de r\u00e9flexion, se veut un point de d\u00e9part d\u2019une solidarit\u00e9 f\u00e9minine et interg\u00e9n\u00e9rationnelle puissante \u00e0 travers son programme de mentorat.<br \/>En effet, au cours de ce forum, les participantes seront mises sous la coupe de \u00abfemmes altruistes, pleines d\u2019humanisme et engag\u00e9es\u00bb, appel\u00e9es mentors qui vont partager avec elles leurs succ\u00e8s stories.<\/p>\n<p><strong>Un cadre de r\u00e9ussite<\/strong><\/p>\n<p>Pour ce faire, a indiqu\u00e9 M. Traor\u00e9, les participantes ont \u00e9t\u00e9 r\u00e9parties dans 14 cat\u00e9gories, dont entre autres, les groupes banques et institutions financi\u00e8res, communication et culture, affaires et multinationales, pharmacie et ing\u00e9nierie, droit et administration publique. Selon les informations qu\u2019il a donn\u00e9es, plus de 150 filles ont \u00e9t\u00e9 mentor\u00e9es depuis le d\u00e9but de l\u2019activit\u00e9 en 2017. Au nombre d\u2019elles figurent In\u00e8s Gladwys Yaogo qui, de jeune \u00e9tudiante est devenue une entrepreneure de mode \u00e0 succ\u00e8s dans l\u2019Hexagone apr\u00e8s son passage au forum en 2018.<\/p>\n<p>Un exemple de r\u00e9ussite parmi beaucoup d\u2019autres, qui r\u00e9confortent les organisateurs de ce forum avec \u00e0 leur t\u00eate le commissaire g\u00e9n\u00e9ral qui s\u2019est r\u00e9joui, du fait que son initiative permette de r\u00e9v\u00e9ler les \u00abvraies personnalit\u00e9s de jeunes filles qui se croyaient tout simplement faites pour des destins ordinaires\u00bb. Il a invit\u00e9 les \u00abchanceuses\u00bb de cette \u00e9dition, retenues parmi plus de 700 postulantes, \u00e0 saisir cette opportunit\u00e9 qui leur est offerte pour \u00abtransformer leurs r\u00eaves, d\u00e9passer leurs peurs, affronter leurs r\u00e9alit\u00e9s souvent affreuses pour briller au firmament\u00bb. Les m\u00eames conseils leur ont \u00e9galement \u00e9t\u00e9 donn\u00e9s par respectivement la marraine de cette \u00e9dition, Ramatou Palm, directrice marketing \u00e0 Nestl\u00e9 Burkina, qui s\u2019est dite honor\u00e9e d\u2019avoir \u00e9t\u00e9 choisie pour parrainer cette grande rencontre. \u00abCette rencontre est la v\u00f4tre. Profitez-en pleinement pour apprendre les unes des autres. Echanger vos exp\u00e9riences dans le respect et l\u2019humili\u00e9\u00bb, a-t-elle dit aux participantes. Elle a, par ailleurs, traduit sa reconnaissance \u00e0 la patronne de cette \u00e9dition la Premi\u00e8re dame, Sika Kabor\u00e9 et \u00e0 l\u2019ensemble des partenaires techniques et financiers dont la contribution a \u00e9t\u00e9 importante \u00e0 la r\u00e9alisation de ce forum.<\/p>\n<p class=\"c1\"><strong>Nad\u00e8ge YAMEOGO<\/strong><br \/><strong>Dawara Sylvie SOU<\/strong><br \/><strong>(Stagiaire)<\/strong><\/p>\n<div class=\"td-a-rec td-a-rec-id-content_bottom td_uid_31_5c9405b4ab388_rand td_block_template_1\"><img loading=\"lazy\" decoding=\"async\" class=\"alignright size-full wp-image-1724\" src=\"https:\/\/www.sidwaya.info\/wp-content\/uploads\/2018\/12\/sidwaya-pub.jpg\" alt=\"\" width=\"720\" height=\"90\"\/><\/div>\n<p>Auteur: DD. Sidwaya<br \/>\n<a href=\"https:\/\/www.sidwaya.info\/blog\/2019\/03\/21\/forum-national-du-leadership-feminin-faire-de-la-femme-un-levier-du-developpement\/\">Cliquez ici pour lire l&rsquo;article depuis sa source.<\/a><\/p>\n","protected":false},"excerpt":{"rendered":"<p>La IIIe \u00e9dition du Forum national du leadership f\u00e9minin se tient, du 21 au 23 mars 2019 \u00e0 Ouagadougou. La c\u00e9r\u00e9monie officielle d\u2019ouverture dudit forum a eu lieu dans la matin\u00e9e du jeudi 21 mars 2019, sous la pr\u00e9sidence de l\u2019\u00e9pouse du chef de l\u2019Etat, Sika Kabor\u00e9. Le Burkina Faso ne saurait se d\u00e9velopper sans [&hellip;]<\/p>\n","protected":false},"author":1816,"featured_media":0,"comment_status":"closed","ping_status":"closed","sticky":false,"template":"","format":"standard","meta":{"fifu_image_url":"","fifu_image_alt":"","footnotes":""},"categories":[73,81],"tags":[],"class_list":["post-23295","post","type-post","status-publish","format-standard","hentry","category-actualite","category-burkina-faso"],"_links":{"self":[{"href":"https:\/\/linitiative.ca\/International\/wp-json\/wp\/v2\/posts\/23295","targetHints":{"allow":["GET"]}}],"collection":[{"href":"https:\/\/linitiative.ca\/International\/wp-json\/wp\/v2\/posts"}],"about":[{"href":"https:\/\/linitiative.ca\/International\/wp-json\/wp\/v2\/types\/post"}],"author":[{"embeddable":true,"href":"https:\/\/linitiative.ca\/International\/wp-json\/wp\/v2\/users\/1816"}],"replies":[{"embeddable":true,"href":"https:\/\/linitiative.ca\/International\/wp-json\/wp\/v2\/comments?post=23295"}],"version-history":[{"count":0,"href":"https:\/\/linitiative.ca\/International\/wp-json\/wp\/v2\/posts\/23295\/revisions"}],"wp:attachment":[{"href":"https:\/\/linitiative.ca\/International\/wp-json\/wp\/v2\/media?parent=23295"}],"wp:term":[{"taxonomy":"category","embeddable":true,"href":"https:\/\/linitiative.ca\/International\/wp-json\/wp\/v2\/categories?post=23295"},{"taxonomy":"post_tag","embeddable":true,"href":"https:\/\/linitiative.ca\/International\/wp-json\/wp\/v2\/tags?post=23295"}],"curies":[{"name":"wp","href":"https:\/\/api.w.org\/{rel}","templated":true}]}}