{"id":23297,"date":"2019-03-21T17:16:18","date_gmt":"2019-03-21T21:16:18","guid":{"rendered":"https:\/\/linitiative.ca\/International\/operation-otapuanu-a-lest-le-ministre-cheriff-sy-monte-au-front\/"},"modified":"2019-03-21T17:16:18","modified_gmt":"2019-03-21T21:16:18","slug":"operation-otapuanu-a-lest-le-ministre-cheriff-sy-monte-au-front","status":"publish","type":"post","link":"https:\/\/linitiative.ca\/International\/operation-otapuanu-a-lest-le-ministre-cheriff-sy-monte-au-front\/","title":{"rendered":"Op\u00e9ration \u00abOtapuanu\u00bb \u00e0 l\u2019Est  : le ministre Ch\u00e9riff Sy  \u00abmonte au front\u00bb"},"content":{"rendered":"<div class=\"td-post-featured-image\"><a href=\"https:\/\/i0.wp.com\/www.sidwaya.info\/wp-content\/uploads\/2019\/03\/1-51.jpg?fit=738%2C510&#038;ssl=1\" data-caption=\"\"><img loading=\"lazy\" decoding=\"async\" width=\"696\" height=\"481\" class=\"entry-thumb td-modal-image\" src=\"https:\/\/i0.wp.com\/www.sidwaya.info\/wp-content\/uploads\/2019\/03\/1-51.jpg?resize=696%2C481&#038;ssl=1\" srcset=\"https:\/\/i0.wp.com\/www.sidwaya.info\/wp-content\/uploads\/2019\/03\/1-51.jpg?w=738&#038;ssl=1 738w, https:\/\/i0.wp.com\/www.sidwaya.info\/wp-content\/uploads\/2019\/03\/1-51.jpg?resize=300%2C207&#038;ssl=1 300w, https:\/\/i0.wp.com\/www.sidwaya.info\/wp-content\/uploads\/2019\/03\/1-51.jpg?resize=100%2C70&#038;ssl=1 100w, https:\/\/i0.wp.com\/www.sidwaya.info\/wp-content\/uploads\/2019\/03\/1-51.jpg?resize=218%2C150&#038;ssl=1 218w, https:\/\/i0.wp.com\/www.sidwaya.info\/wp-content\/uploads\/2019\/03\/1-51.jpg?resize=696%2C481&#038;ssl=1 696w, https:\/\/i0.wp.com\/www.sidwaya.info\/wp-content\/uploads\/2019\/03\/1-51.jpg?resize=608%2C420&#038;ssl=1 608w\" sizes=\"auto, (max-width: 696px) 100vw, 696px\" alt=\"\" title=\"1\"\/><\/a><\/div>\n<div class=\"td-a-rec td-a-rec-id-content_top td_uid_30_5c9405bc11543_rand td_block_template_1\"><img loading=\"lazy\" decoding=\"async\" class=\"aligncenter size-full wp-image-4463\" src=\"https:\/\/www.sidwaya.info\/wp-content\/uploads\/2019\/02\/FESPACO-TOUR-2019-Bannie%CC%80re-728x90-1.jpg\" alt=\"\" width=\"728\" height=\"90\"\/><\/div>\n<p><strong>Le ministre de la D\u00e9fense nationale et des Anciens combattants, Moumina Ch\u00e9riff Sy, a rendu visite, le jeudi 21 mars 2019, \u00e0 Fada N\u2019Gourma, au commandement de l\u2019op\u00e9ration pour la s\u00e9curisation de l\u2019Est et du Centre-Est, baptis\u00e9e \u00abOtapuanu\u00bb.<\/strong><\/p>\n<p>Le 34e R\u00e9giment interarmes (RIA) de Fada N\u2019Gourma, si\u00e8ge de l\u2019op\u00e9ration \u00abOtapuanu\u00bb (coup de foudre en gulmacema), a re\u00e7u un h\u00f4te de marque, le jeudi 21 mars 2019. En effet, le ministre de la D\u00e9fense nationale et des Anciens combattants, Moumina Ch\u00e9riff Sy, y \u00e9tait pour prendre le pouls de cette op\u00e9ration de s\u00e9curisation de l\u2019Est et du Centre-Est du Burkina Faso. En treillis Otapuanu, comme l\u2019on a qualifi\u00e9 la nouvelle tenue militaire apparue \u00e0 la faveur de l\u2019op\u00e9ration, il a eu, \u00e0 huis clos, une heure de briefing avec le Chef d\u2019Etat-major g\u00e9n\u00e9ral des arm\u00e9es, le g\u00e9n\u00e9ral de brigade Mo\u00efse Miningou. Avec le colonel-major Vinta Som\u00e9, le strat\u00e8ge de l\u2019op\u00e9ration, il s\u2019est impr\u00e9gn\u00e9 de la gestion intellectuelle de cette mission d\u2019envergure. A l\u2019issue des \u00e9changes intimes, M. Sy s\u2019est dit satisfait et fier de ses hommes pour le travail \u00abpatriotique\u00bb qu\u2019ils abattent au quotidien. \u00abL\u2019objectif est de r\u00e9tablir l\u2019autorit\u00e9 de l\u2019Etat, de faire pr\u00e9valoir ses symboles et de rouvrir toutes les \u00e9coles ferm\u00e9es pour fait d\u2019ins\u00e9curit\u00e9\u00bb, a-t-il expliqu\u00e9.<\/p>\n<p>Ainsi, pour lui, vu les r\u00e9sultats engrang\u00e9s \u00e0 mi-chemin, le bout du tunnel n\u2019est plus loin. \u00abAujourd\u2019hui, les forces du mal et leurs repr\u00e9sentants sont dans le d\u00e9sarroi. Cela signifie que le travail en cours porte ses fruits. Mais nous ne pouvons pas en dire plus pour le moment\u00bb, a-t-il affirm\u00e9. Selon l\u2019h\u00f4te du jour, cette lueur d\u2019espoir est \u00e0 mettre \u00e0 l\u2019actif d\u2019hommes \u00abcourageux, d\u00e9termin\u00e9s, audacieux, d\u00e9vou\u00e9s et professionnels\u00bb.<\/p>\n<p>Le ministre Sy a traduit la reconnaissance et le soutien du gouvernement aux Forces de d\u00e9fense et de s\u00e9curit\u00e9 (FDS), sur le champ du combat pour la d\u00e9fense de la nation.<br \/>Par ailleurs, il s\u2019est r\u00e9joui des actions civilo-militaires comme l\u2019\u00e9tablissement gratuit des cartes nationales d\u2019identit\u00e9, men\u00e9es \u00e0 la faveur de l\u2019op\u00e9ration. Au sujet du couvre-feu, en vigueur du 6 mars au 20 avril 2019, de 19h \u00e0 6h, le ministre Sy a demand\u00e9 l\u2019indulgence des populations. \u00abIl appartient \u00e0 l\u2019autorit\u00e9 politique, administrative et militaire de d\u00e9cider au fur et \u00e0 mesure que les choses \u00e9voluent de suspendre le couvre-feu ou de le maintenir \u00bb, a-t-il argu\u00e9.<\/p>\n<p class=\"c1\"><strong>Joanny SOW<\/strong><\/p>\n<div class=\"td-a-rec td-a-rec-id-content_bottom td_uid_31_5c9405bc11702_rand td_block_template_1\"><img loading=\"lazy\" decoding=\"async\" class=\"alignright size-full wp-image-1724\" src=\"https:\/\/www.sidwaya.info\/wp-content\/uploads\/2018\/12\/sidwaya-pub.jpg\" alt=\"\" width=\"720\" height=\"90\"\/><\/div>\n<p>Auteur: DD. Sidwaya<br \/>\n<a href=\"https:\/\/www.sidwaya.info\/blog\/2019\/03\/21\/operation-otapuanu-a-lest-le-ministre-cheriff-sy-monte-au-front\/\">Cliquez ici pour lire l&rsquo;article depuis sa source.<\/a><\/p>\n","protected":false},"excerpt":{"rendered":"<p>Le ministre de la D\u00e9fense nationale et des Anciens combattants, Moumina Ch\u00e9riff Sy, a rendu visite, le jeudi 21 mars 2019, \u00e0 Fada N\u2019Gourma, au commandement de l\u2019op\u00e9ration pour la s\u00e9curisation de l\u2019Est et du Centre-Est, baptis\u00e9e \u00abOtapuanu\u00bb. Le 34e R\u00e9giment interarmes (RIA) de Fada N\u2019Gourma, si\u00e8ge de l\u2019op\u00e9ration \u00abOtapuanu\u00bb (coup de foudre en gulmacema), [&hellip;]<\/p>\n","protected":false},"author":1816,"featured_media":0,"comment_status":"closed","ping_status":"closed","sticky":false,"template":"","format":"standard","meta":{"fifu_image_url":"","fifu_image_alt":"","footnotes":""},"categories":[73,81],"tags":[],"class_list":["post-23297","post","type-post","status-publish","format-standard","hentry","category-actualite","category-burkina-faso"],"_links":{"self":[{"href":"https:\/\/linitiative.ca\/International\/wp-json\/wp\/v2\/posts\/23297","targetHints":{"allow":["GET"]}}],"collection":[{"href":"https:\/\/linitiative.ca\/International\/wp-json\/wp\/v2\/posts"}],"about":[{"href":"https:\/\/linitiative.ca\/International\/wp-json\/wp\/v2\/types\/post"}],"author":[{"embeddable":true,"href":"https:\/\/linitiative.ca\/International\/wp-json\/wp\/v2\/users\/1816"}],"replies":[{"embeddable":true,"href":"https:\/\/linitiative.ca\/International\/wp-json\/wp\/v2\/comments?post=23297"}],"version-history":[{"count":0,"href":"https:\/\/linitiative.ca\/International\/wp-json\/wp\/v2\/posts\/23297\/revisions"}],"wp:attachment":[{"href":"https:\/\/linitiative.ca\/International\/wp-json\/wp\/v2\/media?parent=23297"}],"wp:term":[{"taxonomy":"category","embeddable":true,"href":"https:\/\/linitiative.ca\/International\/wp-json\/wp\/v2\/categories?post=23297"},{"taxonomy":"post_tag","embeddable":true,"href":"https:\/\/linitiative.ca\/International\/wp-json\/wp\/v2\/tags?post=23297"}],"curies":[{"name":"wp","href":"https:\/\/api.w.org\/{rel}","templated":true}]}}